{"id":1417,"date":"2024-06-02T02:16:17","date_gmt":"2024-06-02T02:16:17","guid":{"rendered":"https:\/\/balatonkeresztur.plebania.hu\/?p=1417"},"modified":"2024-06-02T13:49:36","modified_gmt":"2024-06-02T13:49:36","slug":"urnapja","status":"publish","type":"post","link":"https:\/\/balatonkeresztur.plebania.hu\/index.php\/2024\/06\/02\/urnapja\/","title":{"rendered":"\u00darnapja"},"content":{"rendered":"\n<figure class=\"wp-block-image size-full is-resized\"><img loading=\"lazy\" decoding=\"async\" width=\"900\" height=\"506\" src=\"https:\/\/balatonkeresztur.plebania.hu\/wp-content\/uploads\/2024\/06\/img1.jpg\" alt=\"\" class=\"wp-image-1418\" style=\"width:581px;height:auto\" srcset=\"https:\/\/balatonkeresztur.plebania.hu\/wp-content\/uploads\/2024\/06\/img1.jpg 900w, https:\/\/balatonkeresztur.plebania.hu\/wp-content\/uploads\/2024\/06\/img1-768x432.jpg 768w, https:\/\/balatonkeresztur.plebania.hu\/wp-content\/uploads\/2024\/06\/img1-500x281.jpg 500w\" sizes=\"auto, (max-width: 900px) 100vw, 900px\" \/><\/figure>\n\n\n\n<p>Vianney Szent J\u00e1nos gondolatai az Euchariszti\u00e1r\u00f3l. Kilenc id\u00e9zet a szent ars-i pl\u00e9b\u00e1nost\u00f3l:<\/p>\n\n\n\n<!--more-->\n\n\n\n<p>J\u00e9zus Krisztus m\u00f3dot tal\u00e1lt r\u00e1, hogy felmenjen a mennybe \u00e9s ugyanakkor itt maradjon a f\u00f6ld\u00f6n. Megalap\u00edtotta az im\u00e1d\u00e1sra m\u00e9lt\u00f3 Eucharisztia szents\u00e9g\u00e9t, hogy vel\u00fcnk maradhasson \u00e9s t\u00e1pl\u00e1lhassa lelk\u00fcnket; hogy vigasztalhasson \u00e9s t\u00e1rsunk lehessen.<br><em>(Szentbesz\u00e9d a szent\u00e1ldoz\u00e1sr\u00f3l)<\/em><\/p>\n\n\n\n<p>\u201eA J\u00f3isten \u2013 mondta az arsi pl\u00e9b\u00e1nos \u2013 megadta nekem a nagy kegyelmet, hogy semmit sem kaptam, amire t\u00e1maszkodhatn\u00e9k: sem tehets\u00e9get, sem b\u00f6lcsess\u00e9get, sem tud\u00e1st, sem er\u0151t, sem er\u00e9nyt. Ha megk\u00eds\u00e9rt a k\u00e9ts\u00e9gbees\u00e9s, egyetlen mened\u00e9kem van: a tabern\u00e1kulum el\u00e9 vetem magam, mint kiskutya a gazd\u00e1ja l\u00e1b\u00e1hoz.\u201d<br><em>(Az ars-i pl\u00e9b\u00e1nos bens\u0151 \u00e9lete)<\/em><\/p>\n\n\n\n<p>Boldogabbak vagyunk azokn\u00e1l, akik J\u00e9zus f\u00f6ldi \u00e9lete idej\u00e9n \u00e9ltek, amikor csak egy helyen tart\u00f3zkodott, hiszen ma a vil\u00e1g minden pontj\u00e1n megtal\u00e1lhatjuk az Olt\u00e1riszents\u00e9gben.<br><em>(Elm\u00e9lked\u00e9s az Euchariszti\u00e1r\u00f3l 2.)<\/em><\/p>\n\n\n\n<p>Szent Elek anyja a saj\u00e1t fi\u00e1ra ismert annak a koldusnak \u00e9lettelen test\u00e9ben, aki harminc \u00e9vig a palot\u00e1ja l\u00e9pcs\u0151i alatt \u00e9lt. \u201e\u00d3 mily k\u00e9s\u0151n ismertelek fel!\u201d \u2013 zokogott. A l\u00e9lek az \u00e9let elm\u00falt\u00e1val l\u00e1tja meg azt, akit az Euchariszti\u00e1ban birtokolt&#8230;<br><em>(Elm\u00e9lked\u00e9s az Euchariszti\u00e1r\u00f3l)<\/em><\/p>\n\n\n\n<p>Ha Urunk l\u00e1tja, hogy tiszta lelkek j\u00f6nnek megl\u00e1togatni \u0151t az Olt\u00e1riszents\u00e9gben, r\u00e1juk mosolyog. Azzal az egyszer\u0171s\u00e9ggel j\u00f6nnek, ami oly kedves el\u0151tte.<br><em>(Katek\u00e9zis a val\u00f3s\u00e1gos jelenl\u00e9tr\u0151l)<\/em><\/p>\n\n\n\n<p>Az Olt\u00e1riszents\u00e9g el\u0151tt id\u0151zve nyissuk ki a sz\u00edv\u00fcnket; j\u00f3 Isten\u00fcnk is kinyitja az \u00f6v\u00e9t. Hozz\u00e1 megy\u00fcnk, \u0151 pedig hozz\u00e1nk; az egyik, hogy k\u00e9rjen, a m\u00e1sik, hogy befogadjon. Olyan lesz ez, mint egym\u00e1s fel\u00e9 \u00e1raml\u00f3 lehelet.<br><em>(Katek\u00e9zis a val\u00f3s\u00e1gos jelenl\u00e9tr\u0151l)<\/em><\/p>\n\n\n\n<p>Ha \u00e9jjel fel\u00e9bredsz, gondolatban j\u00e1rulj hamar a tabern\u00e1kulum el\u00e9, \u00e9s mondd: \u201e\u00cdme, Uram, elj\u00f6ttem, hogy im\u00e1djalak, dics\u0151\u00edtselek, h\u00e1l\u00e1t adjak, szeresselek, \u00e9s veled legyek az angyalokkal egy\u00fctt.\u201d<br><em>(Szab\u00e1ly)<\/em><\/p>\n\n\n\n<p>Mily kedves az Euchariszti\u00e1ban jelen l\u00e9v\u0151 Urunknak az a r\u00f6pke negyed\u00f3ra, amit haszontalan elfoglalts\u00e1gainkt\u00f3l lopunk el, hogy im\u00e1dkozzunk, hogy megl\u00e1togassuk \u00e9s vigasztaljuk \u0151t!<br><em>(Katek\u00e9zis a val\u00f3s\u00e1gos jelenl\u00e9tr\u0151l)<\/em><\/p>\n\n\n\n<p>Sokszor gondolok arra, hogy amikor az Olt\u00e1riszents\u00e9gben im\u00e1djuk Urunkat, mindent megkapunk, amit k\u00edv\u00e1nunk, ha nagyon \u00e9l\u0151 hittel \u00e9s nagyon tiszta sz\u00edvvel k\u00e9rj\u00fck.<br><em>(Katek\u00e9zis az im\u00e1ds\u00e1gr\u00f3l)<\/em><\/p>\n\n\n\n<p><\/p>\n\n\n\n<figure class=\"wp-block-embed is-type-video is-provider-youtube wp-block-embed-youtube wp-embed-aspect-4-3 wp-has-aspect-ratio\"><div class=\"wp-block-embed__wrapper\">\n<iframe loading=\"lazy\" title=\"Tantum Ergo Sacramentum\" width=\"584\" height=\"438\" src=\"https:\/\/www.youtube.com\/embed\/e1eQTKO5YP4?feature=oembed\" frameborder=\"0\" allow=\"accelerometer; autoplay; clipboard-write; encrypted-media; gyroscope; picture-in-picture; web-share\" referrerpolicy=\"strict-origin-when-cross-origin\" allowfullscreen><\/iframe>\n<\/div><\/figure>\n\n\n\n<figure class=\"wp-block-image size-full is-resized\"><a href=\"https:\/\/photos.app.goo.gl\/5eXsBLqYaiC3729w5\" target=\"_blank\" rel=\"noreferrer noopener\"><img loading=\"lazy\" decoding=\"async\" width=\"1529\" height=\"1875\" src=\"https:\/\/balatonkeresztur.plebania.hu\/wp-content\/uploads\/2024\/06\/kormenet.jpg\" alt=\"\" class=\"wp-image-1422\" style=\"width:616px;height:auto\" srcset=\"https:\/\/balatonkeresztur.plebania.hu\/wp-content\/uploads\/2024\/06\/kormenet.jpg 1529w, https:\/\/balatonkeresztur.plebania.hu\/wp-content\/uploads\/2024\/06\/kormenet-768x942.jpg 768w, https:\/\/balatonkeresztur.plebania.hu\/wp-content\/uploads\/2024\/06\/kormenet-1253x1536.jpg 1253w, https:\/\/balatonkeresztur.plebania.hu\/wp-content\/uploads\/2024\/06\/kormenet-245x300.jpg 245w\" sizes=\"auto, (max-width: 1529px) 100vw, 1529px\" \/><\/a><\/figure>\n","protected":false},"excerpt":{"rendered":"<p>Vianney Szent J\u00e1nos gondolatai az Euchariszti\u00e1r\u00f3l. Kilenc id\u00e9zet a szent ars-i pl\u00e9b\u00e1nost\u00f3l:<\/p>\n","protected":false},"author":1,"featured_media":0,"comment_status":"closed","ping_status":"closed","sticky":false,"template":"","format":"standard","meta":{"footnotes":""},"categories":[1],"tags":[],"class_list":["post-1417","post","type-post","status-publish","format-standard","hentry","category-egyeb"],"_links":{"self":[{"href":"https:\/\/balatonkeresztur.plebania.hu\/index.php\/wp-json\/wp\/v2\/posts\/1417","targetHints":{"allow":["GET"]}}],"collection":[{"href":"https:\/\/balatonkeresztur.plebania.hu\/index.php\/wp-json\/wp\/v2\/posts"}],"about":[{"href":"https:\/\/balatonkeresztur.plebania.hu\/index.php\/wp-json\/wp\/v2\/types\/post"}],"author":[{"embeddable":true,"href":"https:\/\/balatonkeresztur.plebania.hu\/index.php\/wp-json\/wp\/v2\/users\/1"}],"replies":[{"embeddable":true,"href":"https:\/\/balatonkeresztur.plebania.hu\/index.php\/wp-json\/wp\/v2\/comments?post=1417"}],"version-history":[{"count":4,"href":"https:\/\/balatonkeresztur.plebania.hu\/index.php\/wp-json\/wp\/v2\/posts\/1417\/revisions"}],"predecessor-version":[{"id":1424,"href":"https:\/\/balatonkeresztur.plebania.hu\/index.php\/wp-json\/wp\/v2\/posts\/1417\/revisions\/1424"}],"wp:attachment":[{"href":"https:\/\/balatonkeresztur.plebania.hu\/index.php\/wp-json\/wp\/v2\/media?parent=1417"}],"wp:term":[{"taxonomy":"category","embeddable":true,"href":"https:\/\/balatonkeresztur.plebania.hu\/index.php\/wp-json\/wp\/v2\/categories?post=1417"},{"taxonomy":"post_tag","embeddable":true,"href":"https:\/\/balatonkeresztur.plebania.hu\/index.php\/wp-json\/wp\/v2\/tags?post=1417"}],"curies":[{"name":"wp","href":"https:\/\/api.w.org\/{rel}","templated":true}]}}