{"id":1408,"date":"2024-05-25T17:37:54","date_gmt":"2024-05-25T17:37:54","guid":{"rendered":"https:\/\/balatonkeresztur.plebania.hu\/?p=1408"},"modified":"2024-05-25T17:37:54","modified_gmt":"2024-05-25T17:37:54","slug":"a-szentatya-ferenc-papa-uzenete-a-gyermekek-1-vilagnapjara","status":"publish","type":"post","link":"https:\/\/balatonkeresztur.plebania.hu\/index.php\/2024\/05\/25\/a-szentatya-ferenc-papa-uzenete-a-gyermekek-1-vilagnapjara\/","title":{"rendered":"A Szentatya, Ferenc p\u00e1pa \u00fczenete a gyermekek 1. vil\u00e1gnapj\u00e1ra"},"content":{"rendered":"\n<div class=\"wp-block-media-text is-stacked-on-mobile\" style=\"grid-template-columns:31% auto\"><figure class=\"wp-block-media-text__media\"><img loading=\"lazy\" decoding=\"async\" width=\"116\" height=\"147\" src=\"https:\/\/balatonkeresztur.plebania.hu\/wp-content\/uploads\/2024\/05\/kep-3.png\" alt=\"\" class=\"wp-image-1409 size-full\"\/><\/figure><div class=\"wp-block-media-text__content\">\n<p>A Szentatya, Ferenc p\u00e1pa \u00fczenete<br>a gyermekek 1. vil\u00e1gnapj\u00e1ra 2024. m\u00e1jus 25\u201326.<\/p>\n<\/div><\/div>\n\n\n\n<!--more-->\n\n\n\n<p>Kedves L\u00e1nyok \u00e9s kedves Fi\u00fak!<\/p>\n\n\n\n<p>K\u00f6zeledik a nektek szentelt els\u0151 vil\u00e1gnap: m\u00e1jus 25\u201326-\u00e1n lesz R\u00f3m\u00e1ban. Ez\u00e9rt gondoltam, hogy \u00fczenetet k\u00fcld\u00f6k nektek. \u00d6r\u00fcl\u00f6k, ha megkapj\u00e1tok, \u00e9s h\u00e1l\u00e1s vagyok mindazoknak, akik seg\u00edtenek eljuttatni hozz\u00e1tok.<\/p>\n\n\n\n<p>Mindenekel\u0151tt szem\u00e9lyesen <em>mindegyikteknek<\/em> c\u00edmzem, neked, kedves le\u00e1ny, \u00e9s neked, kedves fi\u00fa, mert \u201edr\u00e1ga \u00e9s becses\u201d vagy Isten szem\u00e9ben (v\u00f6. Iz 43,4), ahogy a Biblia tan\u00edtja, \u00e9s ahogy J\u00e9zus is sz\u00e1mos alkalommal tan\u00fajel\u00e9t adta.<\/p>\n\n\n\n<p>Ugyanakkor <em>mindenkinek<\/em> c\u00edmzem ezt az \u00fczenetet, mert fontosak vagytok, \u00e9s mert <em>egy\u00fcttesen, <\/em>k\u00f6zel \u00e9s t\u00e1vol \u00e9l\u0151k, kifejezitek k\u00f6z\u00f6s v\u00e1gyunkat a n\u00f6veked\u00e9sre \u00e9s a meg\u00fajul\u00e1sra. Eml\u00e9keztettek benn\u00fcnket arra, hogy mindannyian gyermekek \u00e9s testv\u00e9rek vagyunk, hogy mindannyian az\u00e9rt \u00e9l\u00fcnk, mert valaki vil\u00e1gra hozott, \u00e9s hogy nem tudunk n\u00f6vekedni m\u00e1sok n\u00e9lk\u00fcl, akiknek szeretetet adhatunk \u00e9s akikt\u0151l szeretetet kaphatunk (v\u00f6. <em>Fratelli tutti<\/em> enciklika, 95).<\/p>\n\n\n\n<p>Ti mindannyian, kedves l\u00e1nyok \u00e9s fi\u00fak, \u00f6r\u00f6me vagytok sz\u00fcleiteknek \u00e9s csal\u00e1dotoknak, de \u00f6r\u00f6me az emberis\u00e9gnek \u00e9s az Egyh\u00e1znak is, ahol mindenki egy-egy szem egy nagyon hossz\u00fa l\u00e1ncban, amely a m\u00faltb\u00f3l indulva \u00e9s a j\u00f6v\u0151be ny\u00falva az eg\u00e9sz vil\u00e1got \u00e1tfogja. Ez\u00e9rt azt aj\u00e1nlom, hogy mindig figyelmesen hallgass\u00e1tok meg a feln\u0151ttek t\u00f6rt\u00e9neteit: \u00e9desany\u00e1tok, \u00e9desap\u00e1tok, nagysz\u00fcleitek \u00e9s d\u00e9dsz\u00fcleitek t\u00f6rt\u00e9neteit. K\u00e9rem, ne feledkezzetek meg azokr\u00f3l, akik k\u00f6z\u00fcletek, b\u00e1r m\u00e9g nagyon fiatalok, m\u00e1r betegs\u00e9ggel \u00e9s neh\u00e9zs\u00e9gekkel k\u00fczdenek k\u00f3rh\u00e1zban vagy az otthonukban; akik a h\u00e1bor\u00fa \u00e9s az er\u0151szak \u00e1ldozatai, akik \u00e9heznek \u00e9s szomjaznak, akik az utc\u00e1n \u00e9lnek; akiket elszak\u00edtanak sz\u00fcleikt\u0151l, \u00e9s akik katonak\u00e9nt harcolni vagy menek\u00fclni k\u00e9nyszer\u00fclnek; akik nem j\u00e1rhatnak iskol\u00e1ba, akik b\u0171nband\u00e1knak, a k\u00e1b\u00edt\u00f3szernek vagy a rabs\u00e1g m\u00e1s form\u00e1inak, vagy vissza\u00e9l\u00e9snek az \u00e1ldozat\u00e1v\u00e1 v\u00e1lnak. R\u00f6viden, mindazokr\u00f3l a gyermekekr\u0151l, akiket ma is kegyetlen\u00fcl megfosztanak a gyermekkort\u00f3l. Hallgass\u00e1tok meg, s\u0151t, hallgassuk meg \u0151ket, mert szenved\u00e9seiken kereszt\u00fcl a val\u00f3s\u00e1gr\u00f3l besz\u00e9lnek nek\u00fcnk, k\u00f6nnyekben megtisztult szemmel \u00e9s azzal a j\u00f3 ut\u00e1ni f\u00e1radhatatlan v\u00e1gyakoz\u00e1ssal, amely azoknak a sz\u00edv\u00e9ben \u00e9led, akik a maga val\u00f3s\u00e1g\u00e1ban l\u00e1tt\u00e1k a gonosz r\u00fats\u00e1g\u00e1t.<\/p>\n\n\n\n<p>Kis bar\u00e1taim, ahhoz, hogy mi magunk meg\u00fajuljunk \u00e9s meg\u00faj\u00edtsuk a vil\u00e1got, nem el\u00e9g, ha egym\u00e1ssal k\u00f6z\u00f6ss\u00e9gben vagyunk: egys\u00e9gben kell lenn\u00fcnk J\u00e9zussal. T\u0151le sok b\u00e1tors\u00e1got kapunk: \u0151 mindig k\u00f6zel van hozz\u00e1nk, Lelke el\u0151tt\u00fcnk j\u00e1r \u00e9s k\u00eds\u00e9r benn\u00fcnket utunkon. J\u00e9zus azt mondja nek\u00fcnk: \u201e\u00cdme, \u00fajj\u00e1teremtek mindent!\u201d (Jel 21,5); ezt a gondolatot v\u00e1lasztottam els\u0151 vil\u00e1gnapotok t\u00e9m\u00e1j\u00e1ul. Ezek a szavak arra h\u00edvnak benn\u00fcnket, hogy a L\u00e9lek \u00e1ltal benn\u00fcnk \u00e9s k\u00f6r\u00fcl\u00f6tt\u00fcnk teremtett \u00fajdons\u00e1got olyan buzg\u00f3n fogadjuk, mint a gyermekek. J\u00e9zussal egy\u00fctt \u00faj emberis\u00e9gr\u0151l \u00e1lmodhatunk \u00e9s testv\u00e9ribb, k\u00f6z\u00f6s otthonunkra jobban figyel\u0151 t\u00e1rsadalom\u00e9rt dolgozhatunk. Ez olyan egyszer\u0171 dolgokkal kezd\u0151dik, mint m\u00e1sok \u00fcdv\u00f6zl\u00e9se, az enged\u00e9lyk\u00e9r\u00e9s, a bocs\u00e1natk\u00e9r\u00e9s vagy a k\u00f6sz\u00f6netmond\u00e1s. A vil\u00e1got els\u0151sorban apr\u00f3 dolgok \u00e1ltal tudjuk \u00e1talak\u00edtani, \u00e9s nem szabad sz\u00e9gyelln\u00fcnk, hogy csak kis l\u00e9p\u00e9seket tesz\u00fcnk. S\u0151t, kicsis\u00e9g\u00fcnk eml\u00e9keztet arra, hogy magunkban gyeng\u00e9k vagyunk \u00e9s az egy test tagjaik\u00e9nt sz\u00fcks\u00e9g\u00fcnk van egym\u00e1sra (v\u00f6. R\u00f3m 12,5; 1Kor 12,26).<\/p>\n\n\n\n<p>\u00c9s m\u00e9g enn\u00e9l is t\u00f6bbr\u0151l van sz\u00f3. Val\u00f3j\u00e1ban \u00f6nmagunkban nem is tudunk boldogok lenni, kedves l\u00e1nyok \u00e9s fi\u00fak, mert az \u00f6r\u00f6m annyira n\u00f6vekszik, amennyire megosztjuk: abb\u00f3l sz\u00fcletik, hogy h\u00e1l\u00e1t \u00e9rz\u00fcnk az aj\u00e1nd\u00e9kok\u00e9rt, amelyeket kapunk \u00e9s m\u00e1sokkal megosztunk. Ha csak magunknak tartjuk meg, amit kaptunk vagy ha nagy hisztit csapunk, hogy ezt vagy azt az aj\u00e1nd\u00e9kot megkapjuk, akkor val\u00f3j\u00e1ban megfeledkez\u00fcnk arr\u00f3l, hogy mi magunk vagyunk a legnagyobb aj\u00e1nd\u00e9k, egym\u00e1s sz\u00e1m\u00e1ra: mi vagyunk \u201eIsten aj\u00e1nd\u00e9ka\u201d. A t\u00f6bbi aj\u00e1nd\u00e9k sz\u00fcks\u00e9ges, igen, de csak az\u00e9rt, hogy seg\u00edtsen k\u00f6z\u00f6ss\u00e9gben lenni. Ha nem erre a c\u00e9lra haszn\u00e1ljuk \u0151ket, \u00f6r\u00f6kk\u00e9 boldogtalanok \u00e9s el\u00e9gedetlenek lesz\u00fcnk.<\/p>\n\n\n\n<p>De amikor egy\u00fctt vagyunk, minden m\u00e1s! Gondoljatok a bar\u00e1taitokra: milyen j\u00f3 vel\u00fck lenni otthon, az iskol\u00e1ban, a pl\u00e9b\u00e1ni\u00e1n, a hittanon, b\u00e1rhol; vel\u00fck j\u00e1tszani, \u00e9nekelni, \u00faj dolgokat felfedezni, sz\u00f3rakozni, mindannyian egy\u00fctt, \u00fagy, hogy senki sem marad ki. A bar\u00e1ts\u00e1g gy\u00f6ny\u00f6r\u0171 dolog, \u00e9s csak \u00edgy n\u00f6vekszik: a megoszt\u00e1sban \u00e9s a megbocs\u00e1t\u00e1sban, t\u00fcrelemmel, b\u00e1tors\u00e1ggal, kreativit\u00e1ssal \u00e9s fant\u00e1zi\u00e1val, f\u00e9lelem \u00e9s el\u0151\u00edt\u00e9letek n\u00e9lk\u00fcl.<\/p>\n\n\n\n<p>\u00c9s most szeretn\u00e9k el\u00e1rulni nektek egy fontos titkot: ahhoz, hogy igaz\u00e1n boldogok legyetek, im\u00e1dkozni kell \u2013 sokat im\u00e1dkozni, mindennap, mert az ima k\u00f6zvetlen\u00fcl \u00f6sszek\u00f6t benn\u00fcnket Istennel, f\u00e9nnyel \u00e9s melegs\u00e9ggel t\u00f6lti meg a sz\u00edv\u00fcnket, \u00e9s seg\u00edt mindent bizakod\u00f3an \u00e9s der\u0171sen tenni. J\u00e9zus is mindig az Aty\u00e1hoz im\u00e1dkozott. \u00c9s tudj\u00e1tok, hogyan sz\u00f3l\u00edtotta? Az anyanyelv\u00e9n egyszer\u0171en <em>Abb\u00e1nak<\/em> sz\u00f3l\u00edtotta, ami annyit jelent, hogy <em>aty\u00e1m, ap\u00e1m, pap\u00e1m<\/em> (v\u00f6. Mk 14,36). Tegy\u00fcnk mi is \u00edgy! Akkor mindig \u00e9rezni fogjuk az \u0151 k\u00f6zels\u00e9g\u00e9t. Maga J\u00e9zus \u00edg\u00e9rte ezt nek\u00fcnk, amikor azt mondta: \u201eAhol ugyanis ketten vagy h\u00e1rman \u00f6sszegy\u0171lnek a nevemben, ott vagyok k\u00f6z\u00f6tt\u00fck\u201d (Mt 18,20).<\/p>\n\n\n\n<p>Kedves l\u00e1nyok \u00e9s fi\u00fak, tudj\u00e1tok, hogy m\u00e1jusban nagy sz\u00e1mban lesz\u00fcnk R\u00f3m\u00e1ban, egy\u00fctt a vil\u00e1g minden t\u00e1j\u00e1r\u00f3l \u00e9rkez\u0151 gyerekekkel! Ahhoz, hogy j\u00f3l felk\u00e9sz\u00fclj\u00fcnk, azt javaslom, im\u00e1dkozzatok azokkal a szavakkal, amelyeket J\u00e9zus tan\u00edtott nek\u00fcnk: a <em>Miaty\u00e1nk <\/em>szavaival. Im\u00e1dkozz\u00e1tok el minden reggel \u00e9s minden este, majd a csal\u00e1dban is, sz\u00fcleitekkel, testv\u00e9reitekkel \u00e9s nagysz\u00fcleitekkel. De ne csak betanult sz\u00f6vegk\u00e9nt, nem! Hanem \u00fagy, hogy elgondolkodtok azokon a szavakon, amelyeket J\u00e9zus tan\u00edtott nek\u00fcnk. J\u00e9zus h\u00edv benn\u00fcnket, \u00e9s azt akarja, hogy vele egy\u00fctt f\u0151szerepl\u0151i legy\u00fcnk ennek a vil\u00e1gnapnak, \u00e9s vele egy\u00fctt dolgozzunk egy \u00faj, emberibb, igazs\u00e1gosabb \u00e9s b\u00e9k\u00e9sebb vil\u00e1g\u00e9rt.<\/p>\n\n\n\n<p>\u0150, aki odaadta mag\u00e1t a kereszten, hogy mindannyiunkat szeretetben \u00f6sszegy\u0171jts\u00f6n, \u0151, aki legy\u0151zte a hal\u00e1lt \u00e9s kiengesztelt benn\u00fcnket az Aty\u00e1val, folytatni akarja a m\u0171v\u00e9t az Egyh\u00e1zban, \u00e1ltalunk. Gondolkodjatok el ezen, k\u00fcl\u00f6n\u00f6sen azok, akik most k\u00e9sz\u00fclt\u00f6k els\u0151\u00e1ldoz\u00e1sra.<\/p>\n\n\n\n<p>Szeretteim, Isten, aki \u00f6r\u00f6kt\u0151l fogva szeret benn\u00fcnket (v\u00f6. Jer 1,5), \u00fagy tekint r\u00e1nk, mint a legszeret\u0151bb \u00e9desapa \u00e9s a leggyeng\u00e9debb \u00e9desanya. Soha nem feledkezik meg r\u00f3lunk (v\u00f6. Iz 49,15), mindennap mellett\u00fcnk \u00e1ll \u00e9s meg\u00faj\u00edt benn\u00fcnket Lelk\u00e9vel.<\/p>\n\n\n\n<p>Im\u00e1dkozzunk egy\u00fctt Sz\u0171z M\u00e1ri\u00e1val \u00e9s Szent J\u00f3zseffel ezekkel a szavakkal:<\/p>\n\n\n\n<p class=\"has-text-align-center\"><em>J\u00f6jj, Szentl\u00e9lek,<\/em><\/p>\n\n\n\n<p class=\"has-text-align-center\"><em>mutasd meg nek\u00fcnk sz\u00e9ps\u00e9gedet,<\/em><\/p>\n\n\n\n<p class=\"has-text-align-center\"><em>mely a f\u00f6ld\u00f6n \u00e9l\u0151 gyermekek arc\u00e1n t\u00fckr\u00f6z\u0151dik!<\/em><\/p>\n\n\n\n<p class=\"has-text-align-center\"><em>J\u00f6jj, J\u00e9zus,<\/em><\/p>\n\n\n\n<p class=\"has-text-align-center\"><em>aki meg\u00faj\u00edtasz mindent,<\/em><\/p>\n\n\n\n<p class=\"has-text-align-center\"><em>aki az Aty\u00e1hoz vezet\u0151 \u00fat vagy,<\/em><\/p>\n\n\n\n<p class=\"has-text-align-center\"><em>j\u00f6jj \u00e9s maradj vel\u00fcnk!<\/em><\/p>\n\n\n\n<p class=\"has-text-align-center\"><em>\u00c1men.<\/em><\/p>\n\n\n\n<p>Kelt R\u00f3m\u00e1ban, a Later\u00e1ni Szent J\u00e1nosn\u00e1l, 2024. m\u00e1rcius 2-\u00e1n.<\/p>\n\n\n\n<p><em>Ferenc<\/em><\/p>\n\n\n\n<p>forr\u00e1s: <a href=\"https:\/\/www.magyarkurir.hu\/ferenc-papa\/ferenc-papa-uzenete-gyermekek-elso-vilagnapjara\" target=\"_blank\" rel=\"noreferrer noopener\">Magyar Kur\u00edr<\/a><\/p>\n\n\n\n<figure class=\"wp-block-image size-full is-resized\"><img loading=\"lazy\" decoding=\"async\" width=\"850\" height=\"566\" src=\"https:\/\/balatonkeresztur.plebania.hu\/wp-content\/uploads\/2024\/05\/img1.jpg\" alt=\"\" class=\"wp-image-1410\" style=\"width:598px;height:auto\" srcset=\"https:\/\/balatonkeresztur.plebania.hu\/wp-content\/uploads\/2024\/05\/img1.jpg 850w, https:\/\/balatonkeresztur.plebania.hu\/wp-content\/uploads\/2024\/05\/img1-768x511.jpg 768w, https:\/\/balatonkeresztur.plebania.hu\/wp-content\/uploads\/2024\/05\/img1-451x300.jpg 451w\" sizes=\"auto, (max-width: 850px) 100vw, 850px\" \/><\/figure>\n","protected":false},"excerpt":{"rendered":"<p>A Szentatya, Ferenc p\u00e1pa \u00fczenetea gyermekek 1. vil\u00e1gnapj\u00e1ra 2024. m\u00e1jus 25\u201326.<\/p>\n","protected":false},"author":1,"featured_media":0,"comment_status":"closed","ping_status":"open","sticky":false,"template":"","format":"standard","meta":{"footnotes":""},"categories":[1],"tags":[],"class_list":["post-1408","post","type-post","status-publish","format-standard","hentry","category-egyeb"],"_links":{"self":[{"href":"https:\/\/balatonkeresztur.plebania.hu\/index.php\/wp-json\/wp\/v2\/posts\/1408","targetHints":{"allow":["GET"]}}],"collection":[{"href":"https:\/\/balatonkeresztur.plebania.hu\/index.php\/wp-json\/wp\/v2\/posts"}],"about":[{"href":"https:\/\/balatonkeresztur.plebania.hu\/index.php\/wp-json\/wp\/v2\/types\/post"}],"author":[{"embeddable":true,"href":"https:\/\/balatonkeresztur.plebania.hu\/index.php\/wp-json\/wp\/v2\/users\/1"}],"replies":[{"embeddable":true,"href":"https:\/\/balatonkeresztur.plebania.hu\/index.php\/wp-json\/wp\/v2\/comments?post=1408"}],"version-history":[{"count":1,"href":"https:\/\/balatonkeresztur.plebania.hu\/index.php\/wp-json\/wp\/v2\/posts\/1408\/revisions"}],"predecessor-version":[{"id":1411,"href":"https:\/\/balatonkeresztur.plebania.hu\/index.php\/wp-json\/wp\/v2\/posts\/1408\/revisions\/1411"}],"wp:attachment":[{"href":"https:\/\/balatonkeresztur.plebania.hu\/index.php\/wp-json\/wp\/v2\/media?parent=1408"}],"wp:term":[{"taxonomy":"category","embeddable":true,"href":"https:\/\/balatonkeresztur.plebania.hu\/index.php\/wp-json\/wp\/v2\/categories?post=1408"},{"taxonomy":"post_tag","embeddable":true,"href":"https:\/\/balatonkeresztur.plebania.hu\/index.php\/wp-json\/wp\/v2\/tags?post=1408"}],"curies":[{"name":"wp","href":"https:\/\/api.w.org\/{rel}","templated":true}]}}