{"id":1393,"date":"2024-05-19T01:05:17","date_gmt":"2024-05-19T01:05:17","guid":{"rendered":"https:\/\/balatonkeresztur.plebania.hu\/?p=1393"},"modified":"2024-05-18T07:12:48","modified_gmt":"2024-05-18T07:12:48","slug":"punkosdre","status":"publish","type":"post","link":"https:\/\/balatonkeresztur.plebania.hu\/index.php\/2024\/05\/19\/punkosdre\/","title":{"rendered":"P\u00fcnk\u00f6sdre"},"content":{"rendered":"\n<figure class=\"wp-block-image size-full is-resized\"><img loading=\"lazy\" decoding=\"async\" width=\"316\" height=\"212\" src=\"https:\/\/balatonkeresztur.plebania.hu\/wp-content\/uploads\/2024\/05\/kep-2.png\" alt=\"\" class=\"wp-image-1394\" style=\"width:423px;height:auto\"\/><\/figure>\n\n\n\n<p><strong>Reviczky Gyula: P\u00fcnk\u00f6sd<\/strong><\/p>\n\n\n\n<p>Piros p\u00fcnk\u00f6sd \u00f6lt\u00f6zik sug\u00e1rba,<br>Mosolyogva sz\u00e1ll le a vil\u00e1gra.<br>Nyom\u00e1ban k\u00e9l \u00e9des r\u00f3zsa-illat,<br>F\u00e9ny\u00f6z\u00f6n hull, a sz\u00edvek megny\u00edlnak.<\/p>\n\n\n\n<!--more-->\n\n\n\n<p><strong><br><\/strong>Hogy el\u0151sz\u00f6r t\u0171nt fel a vil\u00e1gnak:<br>T\u00fczes nyelvek alakj\u00e1ba\u2019 t\u00e1madt.<br>Megoldotta apostolok nyelv\u00e9t,<br>Hirdet\u00e9 a gy\u0151zedelmes eszm\u00e9t.<\/p>\n\n\n\n<p><br>Piros p\u00fcnk\u00f6sd, juttasd tiszta f\u00e9nyed\u2019<br>Ma is minden b\u00e1nk\u00f3d\u00f3 sz\u00edv\u00e9nek,<br>Hogy ki t\u00e9velyeg k\u00e9ts\u00e9gbe\u2019, hom\u00e1lyba\u2019:<br>Vil\u00e1g\u00edt\u00f3 sugaradat \u00e1ldja.<\/p>\n\n\n\n<p><br>Haboz\u00f3knak oldjad meg a nyelv\u00e9t,<br>Vil\u00e1gos\u00edtsd hittel f\u00f6l az elm\u00e9t.<br>Hogy az eszme sz\u00edvb\u0151l sz\u00edvbe sz\u00e1lljon,<br>Diadallal az eg\u00e9sz vil\u00e1gon!<\/p>\n\n\n\n<p><br>Piros p\u00fcnk\u00f6sd, sz\u00e1llj le a vil\u00e1gra,<br>Tan\u00edts meg \u00faj nyelvre, \u00faj im\u00e1ra.<br>Oszlasd sz\u00e9jjel minden\u00fctt az \u00e9jet,<br>Szeretetnek sugara, Szentl\u00e9lek!<\/p>\n\n\n\n<figure class=\"wp-block-embed is-type-video is-provider-youtube wp-block-embed-youtube wp-embed-aspect-16-9 wp-has-aspect-ratio\"><div class=\"wp-block-embed__wrapper\">\n<iframe loading=\"lazy\" title=\"Szvor\u00e1k Katalin - P\u00fcnk\u00f6sd\" width=\"584\" height=\"329\" src=\"https:\/\/www.youtube.com\/embed\/Z3NaUCYqhSg?feature=oembed\" frameborder=\"0\" allow=\"accelerometer; autoplay; clipboard-write; encrypted-media; gyroscope; picture-in-picture; web-share\" referrerpolicy=\"strict-origin-when-cross-origin\" allowfullscreen><\/iframe>\n<\/div><\/figure>\n","protected":false},"excerpt":{"rendered":"<p>Reviczky Gyula: P\u00fcnk\u00f6sd Piros p\u00fcnk\u00f6sd \u00f6lt\u00f6zik sug\u00e1rba,Mosolyogva sz\u00e1ll le a vil\u00e1gra.Nyom\u00e1ban k\u00e9l \u00e9des r\u00f3zsa-illat,F\u00e9ny\u00f6z\u00f6n hull, a sz\u00edvek megny\u00edlnak.<\/p>\n","protected":false},"author":1,"featured_media":0,"comment_status":"closed","ping_status":"open","sticky":false,"template":"","format":"standard","meta":{"footnotes":""},"categories":[1],"tags":[],"class_list":["post-1393","post","type-post","status-publish","format-standard","hentry","category-egyeb"],"_links":{"self":[{"href":"https:\/\/balatonkeresztur.plebania.hu\/index.php\/wp-json\/wp\/v2\/posts\/1393","targetHints":{"allow":["GET"]}}],"collection":[{"href":"https:\/\/balatonkeresztur.plebania.hu\/index.php\/wp-json\/wp\/v2\/posts"}],"about":[{"href":"https:\/\/balatonkeresztur.plebania.hu\/index.php\/wp-json\/wp\/v2\/types\/post"}],"author":[{"embeddable":true,"href":"https:\/\/balatonkeresztur.plebania.hu\/index.php\/wp-json\/wp\/v2\/users\/1"}],"replies":[{"embeddable":true,"href":"https:\/\/balatonkeresztur.plebania.hu\/index.php\/wp-json\/wp\/v2\/comments?post=1393"}],"version-history":[{"count":9,"href":"https:\/\/balatonkeresztur.plebania.hu\/index.php\/wp-json\/wp\/v2\/posts\/1393\/revisions"}],"predecessor-version":[{"id":1403,"href":"https:\/\/balatonkeresztur.plebania.hu\/index.php\/wp-json\/wp\/v2\/posts\/1393\/revisions\/1403"}],"wp:attachment":[{"href":"https:\/\/balatonkeresztur.plebania.hu\/index.php\/wp-json\/wp\/v2\/media?parent=1393"}],"wp:term":[{"taxonomy":"category","embeddable":true,"href":"https:\/\/balatonkeresztur.plebania.hu\/index.php\/wp-json\/wp\/v2\/categories?post=1393"},{"taxonomy":"post_tag","embeddable":true,"href":"https:\/\/balatonkeresztur.plebania.hu\/index.php\/wp-json\/wp\/v2\/tags?post=1393"}],"curies":[{"name":"wp","href":"https:\/\/api.w.org\/{rel}","templated":true}]}}