{"id":1387,"date":"2024-05-17T09:09:48","date_gmt":"2024-05-17T09:09:48","guid":{"rendered":"https:\/\/balatonkeresztur.plebania.hu\/?p=1387"},"modified":"2024-12-19T05:49:48","modified_gmt":"2024-12-19T05:49:48","slug":"tajekoztato-a-hittanokkal-kapcsolatban","status":"publish","type":"post","link":"https:\/\/balatonkeresztur.plebania.hu\/index.php\/2024\/05\/17\/tajekoztato-a-hittanokkal-kapcsolatban\/","title":{"rendered":"T\u00e1j\u00e9koztat\u00f3 a hittanokkal kapcsolatban"},"content":{"rendered":"\n<figure class=\"wp-block-image size-full\"><img loading=\"lazy\" decoding=\"async\" width=\"903\" height=\"306\" src=\"https:\/\/balatonkeresztur.plebania.hu\/wp-content\/uploads\/2024\/05\/puspokpecset.jpg\" alt=\"\" class=\"wp-image-1389\" srcset=\"https:\/\/balatonkeresztur.plebania.hu\/wp-content\/uploads\/2024\/05\/puspokpecset.jpg 903w, https:\/\/balatonkeresztur.plebania.hu\/wp-content\/uploads\/2024\/05\/puspokpecset-768x260.jpg 768w, https:\/\/balatonkeresztur.plebania.hu\/wp-content\/uploads\/2024\/05\/puspokpecset-500x169.jpg 500w\" sizes=\"auto, (max-width: 903px) 100vw, 903px\" \/><\/figure>\n\n\n\n<p>Tisztelt Sz\u00fcl\u0151k!<\/p>\n\n\n\n<p>A r\u00f3mai katolikus Kaposv\u00e1ri Egyh\u00e1zmegye megy\u00e9sp\u00fcsp\u00f6kek\u00e9nt n\u00e9h\u00e1ny gondolattal szeretn\u00e9m kiemelni az iskolai hit- \u00e9s erk\u00f6lcstan \u00e9s a pl\u00e9b\u00e1niai szents\u00e9gi felk\u00e9sz\u00edt\u0151 hittan szerep\u00e9t \u00e9s jelent\u0151s\u00e9g\u00e9t.<\/p>\n\n\n\n<!--more-->\n\n\n\n<p>Ahogyan \u00e9let\u00fcnk, \u00fagy kereszt\u00e9ny \u00e9let\u00fcnk is folyamat, amit fontos, kiemelked\u0151 esem\u00e9nyek mintegy oszlopk\u00e9nt tartanak. A legfontosabb tart\u00f3 oszlopok a szents\u00e9gek \u00e9s a kereszt\u00e9ny k\u00f6z\u00f6ss\u00e9ghez val\u00f3 tartoz\u00e1s meg\u00e9l\u00e9se konkr\u00e9t esem\u00e9nyekben. Keresztel\u00e9skor \u00edg\u00e9retet tesznek a sz\u00fcl\u0151k \u00e9s a keresztsz\u00fcl\u0151k a gyermekek vall\u00e1sos nevel\u00e9s\u00e9re. Az Egyh\u00e1z seg\u00edts\u00e9get ny\u00fajt nekik ezen \u00edg\u00e9ret\u00fck megtart\u00e1s\u00e1ra t\u00f6bbek k\u00f6z\u00f6tt a hittan\u00f3r\u00e1k megszervez\u00e9s\u00e9vel. Az iskolai hit- \u00e9s erk\u00f6lcstan alapm\u0171velts\u00e9gi ismereteket ad \u00e1t, a pl\u00e9b\u00e1niai hittan pedig emellett a vall\u00e1si \u00e9let gyakorlat\u00e1ba is k\u00edv\u00e1n bevezetni. Az els\u0151\u00e1ldoz\u00e1sra \u00e9s a b\u00e9rm\u00e1l\u00e1sra val\u00f3 felk\u00e9sz\u00fcl\u00e9s elengedhetetlen r\u00e9sze a templomi\/pl\u00e9b\u00e1niai hittan \u00e9s a rendszeres misel\u00e1togat\u00e1s. A konkr\u00e9t felk\u00e9sz\u00fcl\u00e9s ideje minim\u00e1lisan egy tan\u00e9v. B\u00e9rm\u00e1lkoz\u00f3kat k\u00fcl\u00f6nf\u00e9le pl\u00e9b\u00e1niai szolg\u00e1latokba (ministr\u00e1l\u00e1s, felolvas\u00e1s, karit\u00e1sz tev\u00e9kenys\u00e9g, k\u00f6z\u00f6ss\u00e9gi programok el\u0151k\u00e9sz\u00edt\u00e9se stb) javasoljuk bevonni, tov\u00e1bb\u00e1 a b\u00e9rm\u00e1lkoz\u00f3k egyh\u00e1zmegyei lelki napj\u00e1ra is h\u00edvjuk. Ez seg\u00edts\u00e9g lehet a helyi pl\u00e9b\u00e1nia k\u00f6z\u00f6ss\u00e9g\u00e9vel \u00e9l\u0151 kapcsolat kialak\u00edt\u00e1s\u00e1ra \u00e9s ismerked\u00e9s a t\u00e1gabb egyh\u00e1zi k\u00f6z\u00f6ss\u00e9ggel. \u00d6r\u00f6mmel l\u00e1tjuk, hogy ennek \u00e9rt\u00e9keit sok helyen felismerik \u00e9s egy\u00fcttm\u0171k\u00f6dnek a fiatokat \u00e9s csal\u00e1dokat szolg\u00e1l\u00f3 papjainkkal \u00e9s hitoktat\u00f3inkkal.<\/p>\n\n\n\n<p>A feln\u00f6vekv\u0151 gyermek szem\u00e9ben az els\u0151 \u00e9s legfontosabb tekint\u00e9ly a sz\u00fcl\u0151, mindenben \u0151 a k\u00f6vetend\u0151 p\u00e9lda, hiszen vele van a legszorosabb kapcsolatban. \u00cdgy van ez a vall\u00e1si \u00e9letben is. Abban a csal\u00e1dban er\u0151s\u00f6dik igaz\u00e1n a gyermekek hite, bizalma Isten szeretet\u00e9ben \u00e9s gondvisel\u00e9s\u00e9ben, ahol ezt sz\u00fclei \u00e9s nagysz\u00fclei is hiszik \u00e9s az im\u00e1ds\u00e1gra, a szentmis\u00e9re j\u00e1r\u00e1sra, a szents\u00e9gekhez val\u00f3 j\u00e1rul\u00e1sra, a h\u00edv\u0151 \u00e9letre a gyerekek a sz\u00fcl\u0151kt\u0151l j\u00f3 p\u00e9ld\u00e1t l\u00e1tnak. A hitet \u00e9s a lelki \u00e9letet t\u00e1pl\u00e1lni a rendszeres vall\u00e1sgyakorlat \u00e1ltal lehet \u00e9s kell is, ahogy test\u00fcnket is rendszeresen t\u00e1pl\u00e1ljuk, nehogy elsorvadjon, hanem ink\u00e1bb er\u0151s\u00f6dj\u00f6n.<\/p>\n\n\n\n<p>Az isteni kegyelemmel t\u00e1pl\u00e1lt hit, er\u0151forr\u00e1s \u00e9s kapaszkod\u00f3 az \u00e9let b\u00e1rmilyen neh\u00e9zs\u00e9g\u00e9ben, nem csak a serd\u00fcl\u0151 korban. K\u00e9rem a kedves Sz\u00fcl\u0151ket, gyermek\u00fck hitre val\u00f3 nevel\u00e9s\u00e9ben legyenek k\u00f6zrem\u0171k\u00f6d\u0151k, t\u00e1mogat\u00f3ink hitoktat\u00f3i, lelkip\u00e1sztori munk\u00e1nk sor\u00e1n.<\/p>\n\n\n\n<p>Csal\u00e1djuk \u00e9let\u00e9re Isten \u00e1ld\u00e1s\u00e1t k\u00e9rve, tisztelettel<\/p>\n\n\n\n<p><\/p>\n\n\n\n<figure class=\"wp-block-image size-full is-resized\"><img loading=\"lazy\" decoding=\"async\" width=\"454\" height=\"321\" src=\"https:\/\/balatonkeresztur.plebania.hu\/wp-content\/uploads\/2024\/05\/puspokalairas.jpg\" alt=\"\" class=\"wp-image-1388\" style=\"width:498px;height:auto\" srcset=\"https:\/\/balatonkeresztur.plebania.hu\/wp-content\/uploads\/2024\/05\/puspokalairas.jpg 454w, https:\/\/balatonkeresztur.plebania.hu\/wp-content\/uploads\/2024\/05\/puspokalairas-424x300.jpg 424w\" sizes=\"auto, (max-width: 454px) 100vw, 454px\" \/><\/figure>\n\n\n\n<p><\/p>\n\n\n\n<p><a href=\"http:\/\/balatonkeresztur.plebania.hu\/wp-content\/uploads\/2024\/05\/hittantajekoztato.pdf\" target=\"_blank\" rel=\"noreferrer noopener\">let\u00f6lthet\u0151 dokumentum<\/a><\/p>\n","protected":false},"excerpt":{"rendered":"<p>Tisztelt Sz\u00fcl\u0151k! A r\u00f3mai katolikus Kaposv\u00e1ri Egyh\u00e1zmegye megy\u00e9sp\u00fcsp\u00f6kek\u00e9nt n\u00e9h\u00e1ny gondolattal szeretn\u00e9m kiemelni az iskolai hit- \u00e9s erk\u00f6lcstan \u00e9s a pl\u00e9b\u00e1niai szents\u00e9gi felk\u00e9sz\u00edt\u0151 hittan szerep\u00e9t \u00e9s jelent\u0151s\u00e9g\u00e9t.<\/p>\n","protected":false},"author":1,"featured_media":0,"comment_status":"closed","ping_status":"closed","sticky":false,"template":"","format":"standard","meta":{"footnotes":""},"categories":[1],"tags":[],"class_list":["post-1387","post","type-post","status-publish","format-standard","hentry","category-egyeb"],"_links":{"self":[{"href":"https:\/\/balatonkeresztur.plebania.hu\/index.php\/wp-json\/wp\/v2\/posts\/1387","targetHints":{"allow":["GET"]}}],"collection":[{"href":"https:\/\/balatonkeresztur.plebania.hu\/index.php\/wp-json\/wp\/v2\/posts"}],"about":[{"href":"https:\/\/balatonkeresztur.plebania.hu\/index.php\/wp-json\/wp\/v2\/types\/post"}],"author":[{"embeddable":true,"href":"https:\/\/balatonkeresztur.plebania.hu\/index.php\/wp-json\/wp\/v2\/users\/1"}],"replies":[{"embeddable":true,"href":"https:\/\/balatonkeresztur.plebania.hu\/index.php\/wp-json\/wp\/v2\/comments?post=1387"}],"version-history":[{"count":2,"href":"https:\/\/balatonkeresztur.plebania.hu\/index.php\/wp-json\/wp\/v2\/posts\/1387\/revisions"}],"predecessor-version":[{"id":1392,"href":"https:\/\/balatonkeresztur.plebania.hu\/index.php\/wp-json\/wp\/v2\/posts\/1387\/revisions\/1392"}],"wp:attachment":[{"href":"https:\/\/balatonkeresztur.plebania.hu\/index.php\/wp-json\/wp\/v2\/media?parent=1387"}],"wp:term":[{"taxonomy":"category","embeddable":true,"href":"https:\/\/balatonkeresztur.plebania.hu\/index.php\/wp-json\/wp\/v2\/categories?post=1387"},{"taxonomy":"post_tag","embeddable":true,"href":"https:\/\/balatonkeresztur.plebania.hu\/index.php\/wp-json\/wp\/v2\/tags?post=1387"}],"curies":[{"name":"wp","href":"https:\/\/api.w.org\/{rel}","templated":true}]}}