{"id":1361,"date":"2024-04-21T00:10:10","date_gmt":"2024-04-21T00:10:10","guid":{"rendered":"https:\/\/balatonkeresztur.plebania.hu\/?p=1361"},"modified":"2024-04-20T18:10:58","modified_gmt":"2024-04-20T18:10:58","slug":"ferenc-papa-uzenete-a-hivatasok-61-vilagnapjara","status":"publish","type":"post","link":"https:\/\/balatonkeresztur.plebania.hu\/index.php\/2024\/04\/21\/ferenc-papa-uzenete-a-hivatasok-61-vilagnapjara\/","title":{"rendered":"Ferenc p\u00e1pa \u00fczenete a hivat\u00e1sok 61. vil\u00e1gnapj\u00e1ra"},"content":{"rendered":"\n<figure class=\"wp-block-image size-full is-resized\"><img loading=\"lazy\" decoding=\"async\" width=\"850\" height=\"249\" src=\"https:\/\/balatonkeresztur.plebania.hu\/wp-content\/uploads\/2024\/04\/hivatasok_2019.png\" alt=\"\" class=\"wp-image-1362\" style=\"width:600px;height:auto\" srcset=\"https:\/\/balatonkeresztur.plebania.hu\/wp-content\/uploads\/2024\/04\/hivatasok_2019.png 850w, https:\/\/balatonkeresztur.plebania.hu\/wp-content\/uploads\/2024\/04\/hivatasok_2019-768x225.png 768w, https:\/\/balatonkeresztur.plebania.hu\/wp-content\/uploads\/2024\/04\/hivatasok_2019-500x146.png 500w\" sizes=\"auto, (max-width: 850px) 100vw, 850px\" \/><\/figure>\n\n\n\n<p>Kedves Testv\u00e9reim!<\/p>\n\n\n\n<p>A hivat\u00e1sok vil\u00e1gnapja minden \u00e9vben arra buzd\u00edt benn\u00fcnket, hogy elgondolkozzunk a megh\u00edv\u00e1s \u00e9rt\u00e9kes aj\u00e1nd\u00e9k\u00e1n, amelyet az \u00dar mindannyiunknak, az \u0151 h\u00edv\u0151 n\u00e9p\u00e9nek k\u00edn\u00e1l, hogy szeretetterv\u00e9nek r\u00e9szesei legy\u00fcnk \u00e9s a k\u00fcl\u00f6nb\u00f6z\u0151 \u00e9let\u00e1llapotokban testet \u00f6lts\u00f6n az evang\u00e9lium sz\u00e9ps\u00e9ge.<\/p>\n\n\n\n<!--more-->\n\n\n\n<p>Az isteni h\u00edv\u00e1s meghall\u00e1sa t\u00e1volr\u00f3l sem mondhat\u00f3 egy k\u00edv\u00fclr\u0151l, esetleg egy vall\u00e1si eszm\u00e9ny nev\u00e9ben r\u00e1nk k\u00e9nyszer\u00edtett k\u00f6teless\u00e9gnek, sokkal ink\u00e1bb a legbiztosabb m\u00f3d arra, hogy t\u00e1pl\u00e1ljuk a boldogs\u00e1g ir\u00e1nt magunkban hordozott v\u00e1gyat: \u00e9let\u00fcnk akkor teljesedik ki, ha felfedezz\u00fck, kik vagyunk, milyen adotts\u00e1gaink vannak \u00e9s milyen ter\u00fcleten tudjuk azokat hasznos\u00edtani, milyen \u00faton tudunk a szeretet, a befogad\u00e1s, a sz\u00e9ps\u00e9g \u00e9s a b\u00e9ke jel\u00e9v\u00e9 \u00e9s eszk\u00f6z\u00e9v\u00e9 v\u00e1lni a konkr\u00e9t \u00e9lethelyzetekben.<\/p>\n\n\n\n<p>Ez a vil\u00e1gnap mindig sz\u00e9p alkalom arra, hogy az \u00dar ir\u00e1nti h\u00e1l\u00e1val megeml\u00e9kezz\u00fcnk azoknak az embereknek a h\u0171s\u00e9ges, mindennapi \u00e9s gyakran rejtve marad\u00f3 elk\u00f6telezetts\u00e9g\u00e9r\u0151l, akik ezt az eg\u00e9sz \u00e9let\u00fcket \u00e9rint\u0151 elh\u00edv\u00e1st elfogadt\u00e1k. Azokra az \u00e9desany\u00e1kra \u00e9s \u00e9desap\u00e1kra gondolok, akik nem \u00f6nmagukat helyezik el\u0151t\u00e9rbe, \u00e9s akik nem engedik, hogy elsodorja \u0151ket a divatos felsz\u00edness\u00e9g, ehelyett \u00e9let\u00fcket szeretettel \u00e9s \u00f6nzetlen\u00fcl a kapcsolatok \u00e1pol\u00e1s\u00e1ra teszik fel, megny\u00edlnak az \u00e9let aj\u00e1nd\u00e9ka el\u0151tt, gyermekeiket \u00e9s n\u00f6veked\u00e9s\u00fcket szolg\u00e1lj\u00e1k. Azokra is gondolok, akik odaad\u00e1ssal \u00e9s az egy\u00fcttm\u0171k\u00f6d\u00e9s szellem\u00e9ben v\u00e9gzik munk\u00e1jukat; azokra, akik k\u00fcl\u00f6nb\u00f6z\u0151 ter\u00fcleteken \u00e9s m\u00f3dokon elk\u00f6telezetten munk\u00e1lkodnak egy igazs\u00e1gosabb vil\u00e1g, gazdas\u00e1g \u00e9s politika, egy emberibb t\u00e1rsadalom \u00e9p\u00edt\u00e9s\u00e9n: minden j\u00f3akarat\u00fa emberre, aki a k\u00f6zj\u00f3 szolg\u00e1lat\u00e1nak szenteli mag\u00e1t. Gondolok itt a megszentelt \u00e9letet \u00e9l\u0151 szem\u00e9lyekre is, akik \u00e9let\u00fcket az \u00darnak szentelik ak\u00e1r az im\u00e1ds\u00e1g csendj\u00e9ben, ak\u00e1r az apostoli tev\u00e9kenys\u00e9gben, n\u00e9ha hat\u00e1rhelyzetekben \u00e9s a perif\u00e9ri\u00e1kon, energi\u00e1t nem k\u00edm\u00e9lve, kreat\u00edvan \u00e9lik a karizm\u00e1jukat \u00e9s szolg\u00e1lat\u00e1ra \u00e1llnak mindazoknak, akikkel tal\u00e1lkoznak. Azokra is gondolok, akik elfogadt\u00e1k a felszentelt paps\u00e1gra sz\u00f3l\u00f3 megh\u00edv\u00e1st, \u00e9s arra szentelik magukat, hogy hirdess\u00e9k az evang\u00e9liumot \u00e9s megt\u00f6rj\u00e9k \u00e9let\u00fcket az eucharisztikus keny\u00e9rrel egy\u00fctt testv\u00e9reik\u00e9rt, hogy vess\u00e9k a rem\u00e9ny magvait \u00e9s felt\u00e1rj\u00e1k Isten orsz\u00e1g\u00e1nak sz\u00e9ps\u00e9g\u00e9t.<\/p>\n\n\n\n<p>A fiataloknak, k\u00fcl\u00f6n\u00f6sen azoknak, akik idegenkednek az Egyh\u00e1zt\u00f3l vagy bizalmatlanok vele szemben, azt szeretn\u00e9m \u00fczenni: hagyj\u00e1tok, hogy J\u00e9zus leny\u0171g\u00f6zz\u00f6n benneteket, \u00e9s b\u00e1tran tegy\u00e9tek fel neki fontos k\u00e9rd\u00e9seiteket. Az evang\u00e9liumot olvasva engedj\u00e9tek, hogy zavarba hozzon az \u0151 jelenl\u00e9te, amely mindig j\u00f3 \u00e9rtelemben vett v\u00e1ls\u00e1gba sodor benn\u00fcnket. \u0150 mindenkin\u00e9l jobban tiszteli szabads\u00e1gunkat, nem er\u0151lteti r\u00e1nk mag\u00e1t, hanem felaj\u00e1nlja k\u00f6zels\u00e9g\u00e9t: adjatok neki helyet \u00e9letetekben, \u00e9s boldogs\u00e1got fogtok tal\u00e1lni k\u00f6vet\u00e9s\u00e9ben \u2013 \u00e9s ha k\u00e9ri, akkor \u00f6nmagatok teljes odaaj\u00e1nd\u00e9koz\u00e1s\u00e1ban.<br><em><br>\u00daton l\u00e9v\u0151 n\u00e9p<\/em><br>A karizm\u00e1k \u00e9s hivat\u00e1sok soksz\u00edn\u0171s\u00e9ge, melyet a kereszt\u00e9ny k\u00f6z\u00f6ss\u00e9g elismer \u00e9s t\u00e1mogat, hozz\u00e1seg\u00edt kereszt\u00e9ny identit\u00e1sunk teljes meg\u00e9rt\u00e9s\u00e9hez: Isten n\u00e9pek\u00e9nt a vil\u00e1g \u00fatjain j\u00e1rva, a Szentl\u00e9lek \u00e1ltal inspir\u00e1lva \u00e9s Krisztus test\u00e9be \u00e9l\u0151 k\u00f6vekk\u00e9nt be\u00e9p\u00fclve mindannyian felismerj\u00fck, hogy egy nagy csal\u00e1d tagjai vagyunk, az Atya gyermekei \u00e9s egym\u00e1s testv\u00e9rei. Nem \u00f6nmagukba z\u00e1rt szigetek vagyunk, hanem az eg\u00e9sz r\u00e9szei. A hivat\u00e1sok vil\u00e1gnapja ez\u00e9rt a szinodalit\u00e1s jegyeit viseli mag\u00e1n: sokf\u00e9le karizma van, \u00e9s arra kapunk megh\u00edv\u00e1st, hogy meghallgassuk egym\u00e1st \u00e9s egy\u00fctt j\u00e1rjuk az utat, hogy felfedezz\u00fck egym\u00e1s karizm\u00e1j\u00e1t \u00e9s felismerj\u00fck, mire h\u00edv benn\u00fcnket a L\u00e9lek mindannyiunk jav\u00e1ra.<\/p>\n\n\n\n<p>A jelen t\u00f6rt\u00e9nelmi pillanatban ez a k\u00f6z\u00f6s \u00fat a 2025-\u00f6s jubileumi \u00e9v fel\u00e9 vezet. A <em>rem\u00e9ny zar\u00e1ndokaik\u00e9nt<\/em> haladjunk a szent\u00e9v fel\u00e9, hogy \u00fajra felfedezve saj\u00e1t hivat\u00e1sunkat \u00e9s kapcsolatba hozva egym\u00e1ssal a L\u00e9lek k\u00fcl\u00f6nb\u00f6z\u0151 aj\u00e1nd\u00e9kait, J\u00e9zus \u00e1lm\u00e1nak hordoz\u00f3i \u00e9s tan\u00fai lehess\u00fcnk a vil\u00e1gban; hogy egy csal\u00e1dot alkossunk, mely Isten szeretet\u00e9ben egyes\u00fcl, s amelynek tagjait a szeretet, a megoszt\u00e1s \u00e9s a testv\u00e9ris\u00e9g k\u00f6tel\u00e9ke kapcsolja \u00f6ssze.<\/p>\n\n\n\n<p>Ezt a vil\u00e1gnapot az im\u00e1ds\u00e1gnak is szentelj\u00fck, k\u00fcl\u00f6n\u00f6sen is k\u00e9rve az Aty\u00e1t\u00f3l szent hivat\u00e1sokat orsz\u00e1g\u00e1nak \u00e9p\u00edt\u00e9s\u00e9re: \u201eK\u00e9rj\u00e9tek h\u00e1t az arat\u00e1s ur\u00e1t, k\u00fcldj\u00f6n munk\u00e1sokat az arat\u00e1sra\u201d (Lk 10,2). Az im\u00e1ds\u00e1g pedig \u2013 mint tudjuk \u2013 ink\u00e1bb hallgat\u00e1sb\u00f3l, mint az Istenhez int\u00e9zett szavakb\u00f3l \u00e1ll. Az \u00dar sz\u00f3l a sz\u00edv\u00fcnkh\u00f6z, \u00e9s arra v\u00e1gyik, hogy azt nyitottnak, \u0151szint\u00e9nek \u00e9s nagylelk\u0171nek tal\u00e1lja. Az \u0151 ig\u00e9je J\u00e9zus Krisztusban testt\u00e9 lett, aki kinyilatkoztatja \u00e9s teljes m\u00e9rt\u00e9kben k\u00f6zli vel\u00fcnk az Atya akarat\u00e1t. Az idei, 2024-es \u00e9v, melyet a jubileumi \u00e9vfordul\u00f3ra val\u00f3 felk\u00e9sz\u00fcl\u00e9s jegy\u00e9ben \u00e9ppen az im\u00e1ds\u00e1gnak szentel\u00fcnk, arra h\u00edv, hogy fedezz\u00fck fel \u00fajra annak felbecs\u00fclhetetlen aj\u00e1nd\u00e9k\u00e1t, hogy k\u00e9pesek vagyunk az \u00darral sz\u00edvb\u00e9li p\u00e1rbesz\u00e9det folytatni \u00e9s hogy \u00edgy a rem\u00e9ny zar\u00e1ndokaiv\u00e1 v\u00e1ljunk, mert \u201eaz ima a rem\u00e9ny els\u0151 ereje. Im\u00e1dkozol, \u00e9s a rem\u00e9ny n\u0151, halad el\u0151re. Azt mondan\u00e1m, az ima megnyitja az ajt\u00f3t a rem\u00e9ny el\u0151tt. A rem\u00e9ny megvan, de az im\u00e1mmal kinyitom el\u0151tte az ajt\u00f3t\u201d (<em>Ferenc p\u00e1pa katek\u00e9zise<\/em>, 2020. m\u00e1jus 20.).<br><br><em>A rem\u00e9ny zar\u00e1ndokai \u00e9s b\u00e9keteremt\u0151k<\/em><br>De mit jelent <em>zar\u00e1ndoknak <\/em>lenni? Aki zar\u00e1ndoklatra v\u00e1llalkozik, mindenekel\u0151tt vil\u00e1gos c\u00e9lt keres, amelyet mindig a sz\u00edv\u00e9ben \u00e9s az elm\u00e9j\u00e9ben hordoz. Ugyanakkor ahhoz, hogy el\u00e9rje ezt a c\u00e9lt, a <em>jelen l\u00e9p\u00e9sre <\/em>kell koncentr\u00e1lnia, ehhez pedig az kell, hogy k\u00f6nny\u0171 legyen, megszabaduljon a felesleges terhekt\u0151l, csak a legsz\u00fcks\u00e9gesebbeket cipelje mag\u00e1val, \u00e9s mindennap megk\u00fczdj\u00f6n az\u00e9rt, hogy a f\u00e1radts\u00e1g, a f\u00e9lelem, a bizonytalans\u00e1g \u00e9s a s\u00f6t\u00e9ts\u00e9g ne akad\u00e1lyozza a halad\u00e1sban. Zar\u00e1ndoknak lenni teh\u00e1t azt jelenti, hogy nap mint nap \u00fajra \u00fatnak indulunk, <em>mindig \u00fajrakezd\u00fcnk<\/em>, visszanyerj\u00fck a lelkesed\u00e9st \u00e9s az er\u0151t, hogy v\u00e9gigj\u00e1rjuk az \u00fat egyes szakaszait, melyeken a f\u00e1radts\u00e1g \u00e9s a neh\u00e9zs\u00e9gek ellen\u00e9re mindig \u00faj t\u00e1vlatok ny\u00edlnak meg, \u00e9s ismeretlen l\u00e1tk\u00e9pek t\u00e1rulnak fel.<\/p>\n\n\n\n<p>A kereszt\u00e9ny zar\u00e1ndoklat \u00e9rtelme pontosan ez: \u00fatra kel\u00fcnk, hogy felfedezz\u00fck Isten szeretet\u00e9t s egy\u00fattal felfedezz\u00fck \u00f6nmagunkat is egy bels\u0151 utaz\u00e1son kereszt\u00fcl, de mindig a kapcsolatok sokf\u00e9les\u00e9g\u00e9t\u0151l \u00f6szt\u00f6n\u00f6zve. Az\u00e9rt vagyunk zar\u00e1ndokok, mert megh\u00edv\u00e1st kaptunk: megh\u00edv\u00e1st arra, hogy Istent \u00e9s egym\u00e1st szeress\u00fck. \u00cdgy f\u00f6ldi utunk v\u00e9ge soha nem az \u00e9rtelmetlen er\u0151fesz\u00edt\u00e9s vagy a c\u00e9ltalan v\u00e1ndorl\u00e1s; ellenkez\u0151leg, a h\u00edv\u00e1sra v\u00e1laszolva mindennap megpr\u00f3b\u00e1ljuk megtenni a lehets\u00e9ges l\u00e9p\u00e9seket egy \u00faj vil\u00e1g fel\u00e9, amelyben majd b\u00e9k\u00e9ben, igazs\u00e1goss\u00e1gban \u00e9s szeretetben \u00e9l\u00fcnk. A rem\u00e9ny zar\u00e1ndokai vagyunk, mert egy jobb j\u00f6v\u0151 fel\u00e9 t\u00f6reksz\u00fcnk, \u00e9s elk\u00f6telezz\u00fck magunkat annak \u00e9p\u00edt\u00e9s\u00e9re.<\/p>\n\n\n\n<p>V\u00e9gs\u0151 soron ez minden hivat\u00e1s c\u00e9lja: a rem\u00e9ny ember\u00e9v\u00e9 v\u00e1lni. Egy\u00e9nk\u00e9nt \u00e9s k\u00f6z\u00f6ss\u00e9gk\u00e9nt, a karizm\u00e1k \u00e9s szolg\u00e1latok sokf\u00e9les\u00e9g\u00e9ben mindannyian arra vagyunk hivatva, hogy \u201etestet \u00e9s sz\u00edvet adjunk\u201d az evang\u00e9liumi rem\u00e9nynek egy olyan vil\u00e1gban, amelyet korszakos kih\u00edv\u00e1sok jellemeznek: a darabokban zajl\u00f3 harmadik vil\u00e1gh\u00e1bor\u00fa fenyeget\u0151 eszkal\u00e1l\u00f3d\u00e1sa; a jobb j\u00f6v\u0151 rem\u00e9ny\u00e9ben haz\u00e1jukat elhagy\u00f3 migr\u00e1nsok sokas\u00e1ga; a szeg\u00e9nyek sz\u00e1m\u00e1nak folyamatos n\u00f6veked\u00e9se; bolyg\u00f3nk \u00e9ps\u00e9g\u00e9nek visszaford\u00edthatatlan pusztul\u00e1sa. \u00c9s ott vannak m\u00e9g a mindennapok neh\u00e9zs\u00e9gei, melyek azzal a vesz\u00e9llyel j\u00e1rnak, hogy rezign\u00e1ltt\u00e1 \u00e9s kishit\u0171v\u00e9 tesznek benn\u00fcnket.<\/p>\n\n\n\n<p>Ezekben az id\u0151kben teh\u00e1t d\u00f6nt\u0151 fontoss\u00e1g\u00fa sz\u00e1munkra, kereszt\u00e9nyek sz\u00e1m\u00e1ra, hogy rem\u00e9nnyel tekints\u00fcnk a j\u00f6v\u0151be, hogy a r\u00e1nk b\u00edzott hivat\u00e1snak megfelelve gy\u00fcm\u00f6lcs\u00f6z\u0151en dolgozhassunk Isten orsz\u00e1g\u00e1nak, a szeretet, az igazs\u00e1goss\u00e1g \u00e9s a b\u00e9ke orsz\u00e1g\u00e1nak szolg\u00e1lat\u00e1ban. Ez a rem\u00e9ny \u2013 amint Szent P\u00e1l biztos\u00edt r\u00f3la \u2013 \u201enem csal meg\u201d (R\u00f3m 5,5), mert az \u00dar J\u00e9zus meg\u00edg\u00e9rte, hogy mindig vel\u00fcnk marad \u00e9s bevon benn\u00fcnket a megv\u00e1lt\u00e1s m\u0171v\u00e9be, melyet minden ember \u00e9s az eg\u00e9sz teremt\u00e9s \u201esz\u00edv\u00e9ben\u201d akar v\u00e9ghez vinni. Ez a rem\u00e9ny Krisztus felt\u00e1mad\u00e1s\u00e1ban tal\u00e1lja meg hajt\u00f3erej\u00e9t, amelyre igaz, hogy olyan \u201e\u00e9leter\u0151 lakik benne, amely \u00e1tj\u00e1rta a vil\u00e1got. Ahol \u00fagy l\u00e1tszik, hogy minden meghalt, ott apr\u00e1nk\u00e9nt mindenfel\u0151l a felt\u00e1mad\u00e1s cs\u00edr\u00e1i jelennek meg. Olyan er\u0151 ez, amelynek nincsen p\u00e1rja. Igaz, sokszor \u00fagy l\u00e1tszik, mintha Isten nem l\u00e9tezne: nem csillapod\u00f3 igazs\u00e1gtalans\u00e1gokat, rosszas\u00e1gokat, k\u00f6z\u00f6mb\u00f6ss\u00e9get \u00e9s k\u00f6ny\u00f6rtelens\u00e9get l\u00e1tunk. Azonban bizonyos az is, hogy a s\u00f6t\u00e9ts\u00e9g k\u00f6zepette mindig felfakad valami \u00faj, ami el\u0151bb vagy ut\u00f3bb term\u00e9st hoz\u201d (<em>Evangelii gaudium<\/em> apostoli buzd\u00edt\u00e1s, 276). P\u00e1l apostol is meger\u0151s\u00edti, hogy \u201erem\u00e9nys\u00e9gben\u201d \u00fcdv\u00f6z\u00fcl\u00fcnk (v\u00f6. R\u00f3m 8,24). A h\u00fasv\u00e9tban megt\u00f6rt\u00e9nt megv\u00e1lt\u00e1s rem\u00e9nyt ad, biztos, megb\u00edzhat\u00f3 rem\u00e9nyt, amelynek birtok\u00e1ban szemben\u00e9zhet\u00fcnk a jelen kih\u00edv\u00e1saival.<\/p>\n\n\n\n<p>A rem\u00e9ny zar\u00e1ndokainak \u00e9s a b\u00e9ke \u00e9p\u00edt\u0151inek lenni azt jelenti teh\u00e1t, hogy l\u00e9tez\u00e9s\u00fcnket Krisztus felt\u00e1mad\u00e1s\u00e1nak szikl\u00e1j\u00e1ra \u00e9p\u00edtj\u00fck, annak tudat\u00e1ban, hogy egyetlen er\u0151fesz\u00edt\u00e9s\u00fcnk sem hi\u00e1baval\u00f3 az \u00e1ltalunk v\u00e1llalt \u00e9s meg\u00e9lt hivat\u00e1sban. A kudarcok \u00e9s a buk\u00e1sok ellen\u00e9re a j\u00f3 mag, melyet elvet\u00fcnk, csendben n\u00f6vekszik, \u00e9s semmi sem v\u00e1laszthat el benn\u00fcnket a v\u00e9gs\u0151 c\u00e9lt\u00f3l, vagyis a Krisztussal val\u00f3 tal\u00e1lkoz\u00e1st\u00f3l \u00e9s az \u00f6r\u00f6kk\u00e9val\u00f3s\u00e1gban egym\u00e1ssal meg\u00e9lt testv\u00e9ris\u00e9g \u00f6r\u00f6m\u00e9t\u0151l. Ezt a v\u00e9gs\u0151 hivat\u00e1st mindennap el\u0151v\u00e9telezn\u00fcnk kell: az Istennel \u00e9s testv\u00e9reinkkel val\u00f3 szeretetkapcsolatunk m\u00e1r most elkezdi megval\u00f3s\u00edtani Istennek az egys\u00e9gr\u0151l, a b\u00e9k\u00e9r\u0151l \u00e9s a testv\u00e9ris\u00e9gr\u0151l sz\u0151tt \u00e1lm\u00e1t. Senki sem \u00e9rezheti azt, hogy neki nem sz\u00f3l ez a h\u00edv\u00e1s! A Szentl\u00e9lek seg\u00edts\u00e9g\u00e9vel mindannyian a rem\u00e9ny \u00e9s a b\u00e9ke magvet\u0151i lehet\u00fcnk a magunk kis vil\u00e1g\u00e1ban, saj\u00e1t \u00e9let\u00e1llapotunkban.<br><br><em>B\u00e1tors\u00e1g a kock\u00e1zatv\u00e1llal\u00e1shoz<\/em><br>Mindezeket illet\u0151en ism\u00e9t csak azt mondom nektek, amit a lisszaboni ifj\u00fas\u00e1gi vil\u00e1gtal\u00e1lkoz\u00f3n: \u201eRise up! \u2013 Keljetek fel!\u201d \u00c9bredj\u00fcnk fel \u00e1lmunkb\u00f3l, l\u00e9pj\u00fcnk ki a k\u00f6z\u00f6nyb\u0151l, nyissuk ki a b\u00f6rt\u00f6nt, amelybe magunk z\u00e1rk\u00f3ztunk be, hogy mindannyian felfedezhess\u00fck hivat\u00e1sunkat az Egyh\u00e1zban \u00e9s a vil\u00e1gban, \u00e9s mindannyian a rem\u00e9ny zar\u00e1ndokaiv\u00e1 \u00e9s a b\u00e9ke \u00e9p\u00edt\u0151iv\u00e9 v\u00e1ljunk! Szeress\u00fck szenved\u00e9lyesen az \u00e9letet \u00e9s k\u00f6telezz\u00fck el magunkat a k\u00f6rnyezet\u00fcnkr\u0151l \u00e9s a k\u00f6rnyezet\u00fcnkben \u00e9l\u0151kr\u0151l val\u00f3 szeret\u0151 gondoskod\u00e1sra! Ism\u00e9tlem: legyen b\u00e1tors\u00e1gotok kock\u00e1zatot v\u00e1llalni! Don Oreste Benzi, a j\u00f3t\u00e9konykod\u00f3 szeretet f\u00e1radhatatlan apostola, aki mindig a legkisebbek \u00e9s a kiszolg\u00e1ltatottak mellett \u00e1llt, sokszor elmondta, hogy nincs olyan szeg\u00e9ny, aki ne tudna adni valamit, \u00e9s nincs olyan gazdag, aki ne szorulna r\u00e1 valamire.<\/p>\n\n\n\n<p>Kelj\u00fcnk fel teh\u00e1t \u00e9s induljunk el a rem\u00e9ny zar\u00e1ndokaik\u00e9nt, hogy a Szent Erzs\u00e9betet megl\u00e1togat\u00f3 M\u00e1ri\u00e1hoz hasonl\u00f3an mi is \u00f6r\u00f6mh\u00edreket tudjunk vinni, \u00faj \u00e9letet tudunk fakasztani, testv\u00e9ris\u00e9get \u00e9s b\u00e9k\u00e9t tudjunk \u00e9p\u00edteni!<\/p>\n\n\n\n<p class=\"has-text-align-center\">Kelt R\u00f3m\u00e1ban, a Later\u00e1ni Szent J\u00e1nosn\u00e1l, 2024. \u00e1prilis 21-\u00e9n, h\u00fasv\u00e9t negyedik vas\u00e1rnapj\u00e1n.<br><em>Ferenc<\/em><\/p>\n\n\n\n<p>forr\u00e1s: <a href=\"https:\/\/katolikus.hu\/cikk\/ferenc-papa-uzenete-a-hivatasok-61-vilagnapjara\" target=\"_blank\" rel=\"noreferrer noopener\">Magyar Katolikus Egyh\u00e1z<\/a><\/p>\n","protected":false},"excerpt":{"rendered":"<p>Kedves Testv\u00e9reim! A hivat\u00e1sok vil\u00e1gnapja minden \u00e9vben arra buzd\u00edt benn\u00fcnket, hogy elgondolkozzunk a megh\u00edv\u00e1s \u00e9rt\u00e9kes aj\u00e1nd\u00e9k\u00e1n, amelyet az \u00dar mindannyiunknak, az \u0151 h\u00edv\u0151 n\u00e9p\u00e9nek k\u00edn\u00e1l, hogy szeretetterv\u00e9nek r\u00e9szesei legy\u00fcnk \u00e9s a k\u00fcl\u00f6nb\u00f6z\u0151 \u00e9let\u00e1llapotokban testet \u00f6lts\u00f6n az evang\u00e9lium sz\u00e9ps\u00e9ge.<\/p>\n","protected":false},"author":1,"featured_media":0,"comment_status":"closed","ping_status":"closed","sticky":false,"template":"","format":"standard","meta":{"footnotes":""},"categories":[1],"tags":[],"class_list":["post-1361","post","type-post","status-publish","format-standard","hentry","category-egyeb"],"_links":{"self":[{"href":"https:\/\/balatonkeresztur.plebania.hu\/index.php\/wp-json\/wp\/v2\/posts\/1361","targetHints":{"allow":["GET"]}}],"collection":[{"href":"https:\/\/balatonkeresztur.plebania.hu\/index.php\/wp-json\/wp\/v2\/posts"}],"about":[{"href":"https:\/\/balatonkeresztur.plebania.hu\/index.php\/wp-json\/wp\/v2\/types\/post"}],"author":[{"embeddable":true,"href":"https:\/\/balatonkeresztur.plebania.hu\/index.php\/wp-json\/wp\/v2\/users\/1"}],"replies":[{"embeddable":true,"href":"https:\/\/balatonkeresztur.plebania.hu\/index.php\/wp-json\/wp\/v2\/comments?post=1361"}],"version-history":[{"count":1,"href":"https:\/\/balatonkeresztur.plebania.hu\/index.php\/wp-json\/wp\/v2\/posts\/1361\/revisions"}],"predecessor-version":[{"id":1363,"href":"https:\/\/balatonkeresztur.plebania.hu\/index.php\/wp-json\/wp\/v2\/posts\/1361\/revisions\/1363"}],"wp:attachment":[{"href":"https:\/\/balatonkeresztur.plebania.hu\/index.php\/wp-json\/wp\/v2\/media?parent=1361"}],"wp:term":[{"taxonomy":"category","embeddable":true,"href":"https:\/\/balatonkeresztur.plebania.hu\/index.php\/wp-json\/wp\/v2\/categories?post=1361"},{"taxonomy":"post_tag","embeddable":true,"href":"https:\/\/balatonkeresztur.plebania.hu\/index.php\/wp-json\/wp\/v2\/tags?post=1361"}],"curies":[{"name":"wp","href":"https:\/\/api.w.org\/{rel}","templated":true}]}}