{"id":1343,"date":"2024-03-30T06:49:05","date_gmt":"2024-03-30T06:49:05","guid":{"rendered":"https:\/\/balatonkeresztur.plebania.hu\/?p=1343"},"modified":"2024-03-30T06:51:00","modified_gmt":"2024-03-30T06:51:00","slug":"nagyszombat-es-husvet-vigiliaja","status":"publish","type":"post","link":"https:\/\/balatonkeresztur.plebania.hu\/index.php\/2024\/03\/30\/nagyszombat-es-husvet-vigiliaja\/","title":{"rendered":"Nagyszombat \u00e9s h\u00fasv\u00e9t vig\u00edli\u00e1ja"},"content":{"rendered":"\n<figure class=\"wp-block-image size-full is-resized\"><img loading=\"lazy\" decoding=\"async\" width=\"850\" height=\"605\" src=\"https:\/\/balatonkeresztur.plebania.hu\/wp-content\/uploads\/2024\/03\/img1-3.jpg\" alt=\"\" class=\"wp-image-1345\" style=\"width:460px;height:auto\" srcset=\"https:\/\/balatonkeresztur.plebania.hu\/wp-content\/uploads\/2024\/03\/img1-3.jpg 850w, https:\/\/balatonkeresztur.plebania.hu\/wp-content\/uploads\/2024\/03\/img1-3-768x547.jpg 768w, https:\/\/balatonkeresztur.plebania.hu\/wp-content\/uploads\/2024\/03\/img1-3-421x300.jpg 421w\" sizes=\"auto, (max-width: 850px) 100vw, 850px\" \/><\/figure>\n\n\n\n<p>Nagyszombaton az Egyh\u00e1z Krisztus szenved\u00e9s\u00e9r\u0151l \u00e9s hal\u00e1l\u00e1r\u00f3l elm\u00e9lkedik a szents\u00edr el\u0151tt id\u0151zve. Az esti vig\u00edlia szertart\u00e1s\u00e1val veszi kezdet\u00e9t a Katolikus Egyh\u00e1z legfontosabb \u00fcnnepe, a h\u00fasv\u00e9t, amely a kereszt\u00e9nys\u00e9g legnagyobb \u00f6r\u00f6mh\u00edr\u00e9t hirdeti: J\u00e9zus Krisztus felt\u00e1madt a hal\u00e1lb\u00f3l \u00e9s mindenkit megh\u00edv az \u00f6r\u00f6k \u00e9letre.<\/p>\n\n\n\n<!--more-->\n\n\n\n<p>Nagyszombat a gy\u00e1sz napja, J\u00e9zus most s\u00edrban fekszik egy nagy k\u0151vel elz\u00e1rva. Nagyszombaton eg\u00e9sz nap lehet\u0151s\u00e9g van im\u00e1ds\u00e1gra a szents\u00edr el\u0151tt. Ezen a napon k\u00e9sz\u00fcl\u0151d\u00fcnk a felt\u00e1mad\u00e1s \u00f6r\u00f6m\u00e9re. Ilyenkor bet\u00f6lti lak\u00e1sainkat, csal\u00e1djainkat \u00e9s sz\u00edv\u00fcnket a csend, amely seg\u00edt Krisztus szeretet\u00e9nek-hal\u00e1l\u00e1nak titk\u00e1ban elm\u00e9lyedni. Nagyszombat \u2013 J\u00e9zus a s\u00edrban pihen, a h\u00edvek felkeresik a templomokban fel\u00e1ll\u00edtott szents\u00edrt.<\/p>\n\n\n\n<p>H\u00fasv\u00e9t a kereszt\u00e9nys\u00e9g legnagyobb \u00fcnnepe. H\u00fasv\u00e9t \u00e9jszak\u00e1j\u00e1n az Egyh\u00e1z tal\u00e1n legszebb \u00fcnnepl\u00e9se jelen\u00edti meg sz\u00e1munkra a szent titkokat. A liturgia szimb\u00f3lumaiban megjelenik a f\u00e9ny \u00e9s a s\u00f6t\u00e9t, a t\u0171z \u00e9s a v\u00edz, a nap \u00e9s a csillagok, hogy egy\u00fctt magasztalj\u00e1k a felt\u00e1madott Krisztust, aki legy\u0151zte a s\u00f6t\u00e9ts\u00e9get, a hal\u00e1lt. A liturgia s\u00f6t\u00e9tben kezd\u0151dik, abban a s\u00f6t\u00e9tben, amely a vil\u00e1gra borult Krisztus hal\u00e1la ut\u00e1n. Amikor \u00fagy l\u00e1tszott, hogy a hal\u00e1l legy\u0151zte az \u00e9letet, a b\u0171n legy\u0151zte Krisztust. Ebben a s\u00f6t\u00e9tben gyullad meg a rem\u00e9ny: Krisztus felt\u00e1mad\u00e1s\u00e1nak f\u00e9nye.<\/p>\n\n\n\n<p>A vig\u00edlia szertart\u00e1sa n\u00e9gy, j\u00f3l elk\u00fcl\u00f6n\u00fcl\u0151 l\u00e9nyegi r\u00e9szb\u0151l \u00e1ll: a f\u00e9ny liturgi\u00e1j\u00e1b\u00f3l, az igeliturgi\u00e1b\u00f3l, a v\u00edzszentel\u00e9sb\u0151l \u00e9s az \u00e1ldozati liturgi\u00e1b\u00f3l. A jelenlegi liturgikus rend, a IV. sz\u00e1zadra vezethet\u0151 vissza.<\/p>\n\n\n\n<p>A h\u00fasv\u00e9ti vig\u00edlia szertart\u00e1sa a t\u0171zszentel\u00e9s szertart\u00e1s\u00e1val kezd\u0151dik. Egyed\u00fcl a par\u00e1zsl\u00f3 sz\u00e9n vil\u00e1g\u00edt, s az arr\u00f3l vett t\u0171zzel a pap meggy\u00fajtja a h\u00fasv\u00e9ti gyerty\u00e1t, mik\u00f6zben azt im\u00e1dkozza, hogy J\u00e9zus Krisztus tegnap \u00e9s ma, \u0151 a Kezdet \u00e9s a V\u00e9g, \u0151 az Alfa \u00e9s az \u00d3mega, \u00f6v\u00e9 az id\u0151, \u00e9s \u00f6v\u00e9 az \u00f6r\u00f6kk\u00e9val\u00f3s\u00e1g, \u00f6v\u00e9 a dics\u0151s\u00e9g \u00e9s a hatalom, mind\u00f6r\u00f6kk\u00f6n \u00f6r\u00f6kk\u00e9. A h\u00fasv\u00e9ti gyertya f\u00e9nye maga is J\u00e9zus Krisztust jelzi, felt\u00e1mad\u00e1s\u00e1t, amely belevil\u00e1g\u00edt a templom s\u00f6t\u00e9tj\u00e9be \u00e9s egy\u00fattal a vil\u00e1g s\u00f6t\u00e9tj\u00e9be is, hogy \u00faj rem\u00e9nyt adjon.<\/p>\n\n\n\n<p>Err\u0151l az \u00faj t\u0171zr\u0151l gy\u00fajtj\u00e1k meg a h\u00fasv\u00e9ti gyerty\u00e1t, amely J\u00e9zus test\u00e9t szimboliz\u00e1lja, benne a t\u00f6mj\u00e9nszegekkel, amelyek J\u00e9zus hal\u00e1los sebeit jelzik. A F\u00f6lt\u00e1mad\u00e1snak nem volt tan\u00faja, hiszen J\u00e9zus nem erre a vil\u00e1gra, nem ennek a t\u00e9rnek \u00e9s id\u0151nek keretei k\u00f6z\u00e9 t\u00e1madt f\u00f6l, hanem az \u00f6r\u00f6kk\u00e9val\u00f3s\u00e1gba l\u00e9pett \u00e1t, m\u00e9gis az Egyh\u00e1z liturgi\u00e1ja mintegy megjelen\u00edti a f\u00f6lt\u00e1mad\u00e1s pillanat\u00e1t, ez t\u00f6rt\u00e9nik akkor, amikor a gyertya \u00e9lettelen test\u00e9t megeleven\u00edti az \u00faj t\u0171z. Szimbolikusan ez a f\u00f6lt\u00e1mad\u00e1s pillanata. A megszentelt t\u0171zr\u0151l gy\u00fajtott gyerty\u00e1k sokas\u00e1ga Krisztus vil\u00e1goss\u00e1g\u00e1nak elterjed\u00e9s\u00e9t \u00e9rz\u00e9kelteti, azt, hogy a b\u0171n \u00e9s hal\u00e1l s\u00f6t\u00e9tj\u00e9ben Krisztus felt\u00e1mad\u00e1s\u00e1nak ereje kiterjed az eg\u00e9sz emberis\u00e9gre. A pap elindul a f\u00e9nnyel a s\u00f6t\u00e9t templomba, s h\u00e1rom l\u00e9p\u00e9sben sz\u00e9tosztja Krisztus vil\u00e1goss\u00e1g\u00e1t a h\u00edveknek, akik a H\u00fasv\u00e9ti gyerty\u00e1r\u00f3l meggy\u00fajtj\u00e1k saj\u00e1t gyerty\u00e1ikat. Krisztus vil\u00e1goss\u00e1ga t\u00f6lti be a s\u00f6t\u00e9t templomot. Ezt az \u00f6r\u00f6met halljuk \u00e9s l\u00e1tjuk: \u201eKrisztus vil\u00e1goss\u00e1ga\u201d, erre v\u00e1laszolunk: \u201eIstennek legyen h\u00e1la.\u201d Ezut\u00e1n hangzik f\u00f6l az Egyh\u00e1z leggy\u00f6ny\u00f6r\u0171bb \u00e9neke, az <em>Exultet,<\/em> a h\u00fasv\u00e9ti \u00f6r\u00f6m\u00e9nek. A h\u00fasv\u00e9ti \u00f6r\u00f6m\u00e9nek az \u00fcnnep tartalm\u00e1t fogalmazza meg, a f\u00e9nyt, amely a felt\u00e1mad\u00e1st \u00e9s a megv\u00e1lt\u00e1st jelk\u00e9pezi.<\/p>\n\n\n\n<p>A h\u00fasv\u00e9ti \u00f6r\u00f6m\u00e9nek elhangz\u00e1sa ut\u00e1n kezd\u0151dik az igeliturgia, amely v\u00e9gigvezet minket az \u00fcdv\u00f6ss\u00e9gt\u00f6rt\u00e9net nagy \u00e1llom\u00e1sain, eljutva az \u00dajsz\u00f6vets\u00e9gig. Ekkor felhangzik a Gl\u00f3ria, Isten dics\u0151\u00edt\u00e9se \u00e9s \u201evisszat\u00e9rnek a harangok\u201d, felsz\u00f3l\u00edtva a h\u00edv\u0151ket Krisztus gy\u0151zelm\u00e9nek \u00fcnnepl\u00e9s\u00e9re. A szentleck\u00e9t k\u00f6vet\u0151en az \u00fcnnep\u00e9lyes alleluja Isten n\u00e9p\u00e9nek ujjong\u00f3 \u00f6r\u00f6m\u00e9t fejezi ki. J\u00e9zus felt\u00e1mad\u00e1s\u00e1t, az igazi \u00f6r\u00f6mh\u00edrt hirdeti az evang\u00e9lium.<\/p>\n\n\n\n<p>A katolikus templomokban \u0151si hagyom\u00e1nyt k\u00f6vetve \u00e1ltal\u00e1ban h\u00fasv\u00e9t vig\u00edli\u00e1j\u00e1n, a nagyszombati szertart\u00e1s sor\u00e1n szolg\u00e1ltatj\u00e1k ki a kereszts\u00e9g szents\u00e9g\u00e9t a feln\u0151tt korukban megt\u00e9rteknek, vagyis ekkor fogadja \u0151ket tagjai k\u00f6z\u00e9 az Egyh\u00e1z. A pr\u00e9dik\u00e1ci\u00f3 ut\u00e1n k\u00f6vetkezik a keresztel\u00e9s \u00fcnnep\u00e9lyes szertart\u00e1sa. El\u0151sz\u00f6r a mindenszentek lit\u00e1ni\u00e1ja, hiszen a kereszts\u00e9ggel az ember tagj\u00e1v\u00e1 lesz az Egyh\u00e1znak, amelyhez a szentek k\u00f6z\u00f6ss\u00e9ge hozz\u00e1tartozik. Ezt k\u00f6veti a keresztv\u00edz megszentel\u00e9se \u00e9s a keresztel\u00e9s. Az Egyh\u00e1z akkor is szentel vizet, ha keresztel\u00e9sre nem ker\u00fcl sor. A h\u00edvek meg\u00faj\u00edtj\u00e1k kereszts\u00e9gi fogadalmukat: ellene mondanak a S\u00e1t\u00e1nnak \u00e9s megvallj\u00e1k hit\u00fcket a Szenth\u00e1roms\u00e1g egy Istenben, s kereszts\u00e9g\u00fckre eml\u00e9kezve az Egyh\u00e1z meghinti \u0151ket az \u00faj v\u00edzzel. A fogadalom v\u00e1laszait els\u0151sorban a keresztelend\u0151k mondj\u00e1k \u00e9s vel\u00fck egy\u00fctt a h\u00edvek. Nemcsak az\u00e9rt, mert ma mindannyian \u00fcnnepelj\u00fck kereszts\u00e9g\u00fcnk titk\u00e1t, hanem az\u00e9rt is, mert mindannyiunknak testv\u00e9ri felel\u0151ss\u00e9get kell v\u00e1llalnunk a keresztelend\u0151k\u00e9rt, egym\u00e1s\u00e9rt.<\/p>\n\n\n\n<p>A szertart\u00e1s a szentmise szokott rendje szerint folytat\u00f3dik. A szent\u00e1ldoz\u00e1sban a felt\u00e1madt \u00dcdv\u00f6z\u00edt\u0151vel tal\u00e1lkozunk. A felt\u00e1mad\u00e1si k\u00f6rmenettel a h\u00edv\u0151k \u00fcnnepl\u00e9se kil\u00e9p a templom falai k\u00f6z\u00fcl, \u00e9s a vil\u00e1gnak hirdeti a felt\u00e1mad\u00e1s \u00f6r\u00f6m\u00e9t. Ez a sz\u00e9p k\u00f6z\u00e9p-eur\u00f3pai hagyom\u00e1ny kiviszi a F\u00f6lt\u00e1mad\u00e1s \u00f6r\u00f6mh\u00edr\u00e9t a vil\u00e1gba, meg\u00e1ldva a n\u00e9gy \u00e9gt\u00e1jat. Az eg\u00e9sz vil\u00e1g sz\u00e1m\u00e1ra elviszik az \u00d6r\u00f6mh\u00edrt: Krisztus Felt\u00e1madt! Val\u00f3ban felt\u00e1madt! Alleluja!<\/p>\n\n\n\n<p>forr\u00e1s: <a href=\"https:\/\/www.magyarkurir.hu\/hirek\/nagyszombat-es-husvet-vigiliaja-137915\" target=\"_blank\" rel=\"noreferrer noopener\">Magyar Kur\u00edr<\/a><\/p>\n","protected":false},"excerpt":{"rendered":"<p>Nagyszombaton az Egyh\u00e1z Krisztus szenved\u00e9s\u00e9r\u0151l \u00e9s hal\u00e1l\u00e1r\u00f3l elm\u00e9lkedik a szents\u00edr el\u0151tt id\u0151zve. Az esti vig\u00edlia szertart\u00e1s\u00e1val veszi kezdet\u00e9t a Katolikus Egyh\u00e1z legfontosabb \u00fcnnepe, a h\u00fasv\u00e9t, amely a kereszt\u00e9nys\u00e9g legnagyobb \u00f6r\u00f6mh\u00edr\u00e9t hirdeti: J\u00e9zus Krisztus felt\u00e1madt a hal\u00e1lb\u00f3l \u00e9s mindenkit megh\u00edv az &hellip; <a href=\"https:\/\/balatonkeresztur.plebania.hu\/index.php\/2024\/03\/30\/nagyszombat-es-husvet-vigiliaja\/\">Egy kattint\u00e1s ide a folytat\u00e1shoz&#8230;. <span class=\"meta-nav\">&rarr;<\/span><\/a><\/p>\n","protected":false},"author":1,"featured_media":0,"comment_status":"closed","ping_status":"open","sticky":false,"template":"","format":"standard","meta":{"footnotes":""},"categories":[1],"tags":[],"class_list":["post-1343","post","type-post","status-publish","format-standard","hentry","category-egyeb"],"_links":{"self":[{"href":"https:\/\/balatonkeresztur.plebania.hu\/index.php\/wp-json\/wp\/v2\/posts\/1343","targetHints":{"allow":["GET"]}}],"collection":[{"href":"https:\/\/balatonkeresztur.plebania.hu\/index.php\/wp-json\/wp\/v2\/posts"}],"about":[{"href":"https:\/\/balatonkeresztur.plebania.hu\/index.php\/wp-json\/wp\/v2\/types\/post"}],"author":[{"embeddable":true,"href":"https:\/\/balatonkeresztur.plebania.hu\/index.php\/wp-json\/wp\/v2\/users\/1"}],"replies":[{"embeddable":true,"href":"https:\/\/balatonkeresztur.plebania.hu\/index.php\/wp-json\/wp\/v2\/comments?post=1343"}],"version-history":[{"count":3,"href":"https:\/\/balatonkeresztur.plebania.hu\/index.php\/wp-json\/wp\/v2\/posts\/1343\/revisions"}],"predecessor-version":[{"id":1348,"href":"https:\/\/balatonkeresztur.plebania.hu\/index.php\/wp-json\/wp\/v2\/posts\/1343\/revisions\/1348"}],"wp:attachment":[{"href":"https:\/\/balatonkeresztur.plebania.hu\/index.php\/wp-json\/wp\/v2\/media?parent=1343"}],"wp:term":[{"taxonomy":"category","embeddable":true,"href":"https:\/\/balatonkeresztur.plebania.hu\/index.php\/wp-json\/wp\/v2\/categories?post=1343"},{"taxonomy":"post_tag","embeddable":true,"href":"https:\/\/balatonkeresztur.plebania.hu\/index.php\/wp-json\/wp\/v2\/tags?post=1343"}],"curies":[{"name":"wp","href":"https:\/\/api.w.org\/{rel}","templated":true}]}}