{"id":1295,"date":"2024-03-29T06:44:24","date_gmt":"2024-03-29T06:44:24","guid":{"rendered":"https:\/\/balatonkeresztur.plebania.hu\/?p=1295"},"modified":"2024-03-29T10:39:46","modified_gmt":"2024-03-29T10:39:46","slug":"nagypentek-jezus-krisztus-kereszthalalanak-napja","status":"publish","type":"post","link":"https:\/\/balatonkeresztur.plebania.hu\/index.php\/2024\/03\/29\/nagypentek-jezus-krisztus-kereszthalalanak-napja\/","title":{"rendered":"Nagyp\u00e9ntek \u2013 J\u00e9zus Krisztus kereszthal\u00e1l\u00e1nak napja"},"content":{"rendered":"\n<figure class=\"wp-block-image size-full is-resized\"><img loading=\"lazy\" decoding=\"async\" width=\"850\" height=\"522\" src=\"https:\/\/balatonkeresztur.plebania.hu\/wp-content\/uploads\/2024\/03\/img1-2.jpg\" alt=\"\" class=\"wp-image-1296\" style=\"width:558px;height:auto\" srcset=\"https:\/\/balatonkeresztur.plebania.hu\/wp-content\/uploads\/2024\/03\/img1-2.jpg 850w, https:\/\/balatonkeresztur.plebania.hu\/wp-content\/uploads\/2024\/03\/img1-2-768x472.jpg 768w, https:\/\/balatonkeresztur.plebania.hu\/wp-content\/uploads\/2024\/03\/img1-2-489x300.jpg 489w\" sizes=\"auto, (max-width: 850px) 100vw, 850px\" \/><\/figure>\n\n\n\n<p>Nagyp\u00e9ntek az egyh\u00e1zi \u00e9v legcsendesebb napja: J\u00e9zus el\u00edt\u00e9l\u00e9s\u00e9nek, megk\u00ednz\u00e1s\u00e1nak, hal\u00e1l\u00e1nak \u00e9s temet\u00e9s\u00e9nek napja. Ezen a napon nincs szentmise. Arra a napra eml\u00e9kez\u00fcnk, amikor maga az \u00f6r\u00f6k F\u0151pap mutatta be \u00e1ldozat\u00e1t a kereszt olt\u00e1r\u00e1n.<\/p>\n\n\n\n<!--more-->\n\n\n\n<p>Nagyp\u00e9ntek az \u00e9v legmegrend\u00fcltebb liturgi\u00e1ja. A J\u00e9zust jelk\u00e9pez\u0151 olt\u00e1r d\u00edszek n\u00e9lk\u00fcl, csupaszon \u00e1ll. Az olt\u00e1r \u00fcres: nincsen rajta sem kereszt, sem ter\u00edt\u0151, sem gyertya. De eml\u00e9keztethet a Golgota csupasz sziklat\u00f6mbj\u00e9re is, amelyen a megv\u00e1lt\u00e1s \u00e1ldozata megt\u00f6rt\u00e9nt.<\/p>\n\n\n\n<p>A nagyp\u00e9nteki \u0151si szertart\u00e1s m\u00e1r a kezdeti id\u0151kt\u0151l kialakult \u00e9s h\u00e1rom f\u0151 r\u00e9szb\u0151l \u00e1ll: az igeliturgi\u00e1b\u00f3l olvasm\u00e1nyokkal \u00e9s egyetemes k\u00f6ny\u00f6rg\u00e9sekkel, a kereszt el\u0151tti h\u00f3dolatb\u00f3l, valamint a szent\u00e1ldoz\u00e1s szertart\u00e1s\u00e1b\u00f3l. A szertart\u00e1s kezdet\u00e9n a pap piros miseruh\u00e1ban, n\u00e9m\u00e1n vonul az olt\u00e1rhoz a ministr\u00e1nsokkal, majd leborulnak az olt\u00e1r el\u0151tt. A pap f\u00f6ldre borul\u00e1sa: az \u00f6nmag\u00e1t ki\u00fcres\u00edt\u0151, az emberrel, a f\u00f6lddel azonosul\u00f3 Krisztust jelen\u00edti meg. Az olt\u00e1r most maga a Golgota: l\u00e9lekben odamegy\u00fcnk a Golgot\u00e1hoz, J\u00e9zus keresztj\u00e9hez.<\/p>\n\n\n\n<p>Az ige liturgi\u00e1j\u00e1ban olvasunk J\u00e9zus szenved\u00e9s\u00e9nek titk\u00e1r\u00f3l, majd halljuk szenved\u00e9s\u00e9nek t\u00f6rt\u00e9net\u00e9t J\u00e1nos evang\u00e9lium\u00e1b\u00f3l. A passi\u00f3t felolvass\u00e1k vagy \u00e9nekelve adj\u00e1k el\u0151, dr\u00e1mai m\u00f3don id\u00e9zve fel Krisztus szenved\u00e9s\u00e9t, az Isten ir\u00e1ntunk val\u00f3 szeretet\u00e9nek titk\u00e1t. Ezut\u00e1n \u2013 l\u00e9lekben a kereszt alatt \u00e1llva \u2013 k\u00f6ny\u00f6rg\u00fcnk az Egyh\u00e1z, az emberis\u00e9g nagy k\u00e9r\u00e9sei\u00e9rt. Az egyetemes k\u00f6ny\u00f6rg\u00e9sek az Egyh\u00e1z tagjai\u00e9rt \u00e9s az eg\u00e9sz vil\u00e1g\u00e9rt sz\u00f3lnak: minden h\u00edv\u0151\u00e9rt, a kereszts\u00e9gre k\u00e9sz\u00fcl\u0151k\u00e9rt, a kereszt\u00e9nyek egys\u00e9g\u00e9\u00e9rt, az \u00d3sz\u00f6vets\u00e9g n\u00e9p\u00e9\u00e9rt, a zsid\u00f3k\u00e9rt, az Egyh\u00e1zt\u00f3l elszakadtak\u00e9rt, a nem h\u00edv\u0151k\u00e9rt, valamint az orsz\u00e1g, a t\u00e1rsadalom, a vil\u00e1g vezet\u0151i\u00e9rt \u00e9s k\u00fcl\u00f6n\u00f6sen a szenved\u0151k\u00e9rt.<\/p>\n\n\n\n<p>Ezut\u00e1n a pap a Feketevas\u00e1rnapon (Nagyb\u00f6jt 5. vas\u00e1rnapj\u00e1n) letakart fesz\u00fcletr\u0151l leveszi a leplet \u00e9s kezdet\u00e9t veszi a kereszth\u00f3dolat: a h\u00edvek cs\u00f3kkal illetik, \u00e9s t\u00e9rdet hajtanak a fesz\u00fclet el\u0151tt, amelyen ott l\u00e1that\u00f3 az \u00dcdv\u00f6z\u00edt\u0151, aki \u00e9rt\u00fcnk szenvedett. A megbocs\u00e1t\u00e1s, a megt\u00e9r\u00e9s, a Krisztushoz fordul\u00e1s napja ez, mert \u0150 meghalt az emberek\u00e9rt. \u0150 az, aki ma is szenved Egyh\u00e1z\u00e1\u00e9rt. Megh\u00edv minket szem\u00e9lyesen, hogy leborulva el\u0151tte megvalljuk, hogy \u0150 az egyed\u00fcli Megv\u00e1lt\u00f3, \u00e9s ezzel elismerj\u00fck, hogy r\u00e1szorulunk seg\u00edts\u00e9g\u00e9re. A szertart\u00e1s a Miaty\u00e1nk elim\u00e1dkoz\u00e1sa ut\u00e1n az \u00e1ldoz\u00e1ssal fejez\u0151dik be. Ezut\u00e1n a h\u00edvek a szents\u00edr el\u0151tt im\u00e1dkoznak \u00e9s csendben virrasztanak.<\/p>\n\n\n\n<p>Az Egyh\u00e1z nagyp\u00e9nteken szigor\u00fa b\u00f6jt megtart\u00e1s\u00e1t k\u00e9ri a h\u00edvekt\u0151l. A 18 \u00e9s 60 \u00e9v k\u00f6z\u00f6tti h\u00edvek h\u00e1romszor \u00e9tkezhetnek, \u00e9s egyszer lakhatnak j\u00f3l, valamint 14 \u00e9ves kort\u00f3l a h\u00fas\u00e9telek fogyaszt\u00e1s\u00e1t\u00f3l is tart\u00f3zkodni kell. A h\u00edvek ezzel az \u00f6nmegtagad\u00e1ssal fejezik ki szeretet\u00fcket J\u00e9zus ir\u00e1nt. A nap folyam\u00e1n a templomokban elhangzik a lament\u00e1ci\u00f3 (Jeremi\u00e1s siralmai) \u00e9s kereszt\u00fat-j\u00e1r\u00e1st is tartanak.<\/p>\n\n\n\n<p>V\u00e9gig j\u00e1rva J\u00e9zus kereszt\u00fatj\u00e1t biztosak lehet\u00fcnk benne: az utols\u00f3 sz\u00f3 Isten\u00e9. A kereszt\u00fat seg\u00edt meg\u00e9rten\u00fcnk a t\u00f6rt\u00e9nelem dr\u00e1m\u00e1j\u00e1t, de benn\u00fcnket, h\u00edv\u0151ket biztos\u00edt arr\u00f3l, hogy az utols\u00f3 nap nem a nagyp\u00e9ntek, hanem h\u00fasv\u00e9t. A h\u00fasv\u00e9t pedig a j\u00f3 gy\u0151zelme a rossz felett, a szeretet gy\u0151zelme a gy\u0171l\u00f6let felett, a v\u00e9gtelen j\u00f3s\u00e1g, Isten, a felt\u00e1madt \u00c9let gy\u0151zelme.<\/p>\n\n\n\n<p>forr\u00e1s: <a href=\"https:\/\/www.magyarkurir.hu\/hirek\/nagypentek-jezus-krisztus-kereszthalalanak-napja-137911\" target=\"_blank\" rel=\"noreferrer noopener\">Magyar Kur\u00edr<\/a><\/p>\n\n\n\n<figure class=\"wp-block-image size-full is-resized\"><a href=\"http:\/\/balatonkeresztur.plebania.hu\/wp-content\/uploads\/2024\/03\/Nagypentek-scaled.jpeg\" target=\"_blank\" rel=\"noreferrer noopener\"><img loading=\"lazy\" decoding=\"async\" width=\"1920\" height=\"2560\" src=\"https:\/\/balatonkeresztur.plebania.hu\/wp-content\/uploads\/2024\/03\/Nagypentek-scaled.jpeg\" alt=\"\" class=\"wp-image-1298\" style=\"width:468px;height:auto\" srcset=\"https:\/\/balatonkeresztur.plebania.hu\/wp-content\/uploads\/2024\/03\/Nagypentek-scaled.jpeg 1920w, https:\/\/balatonkeresztur.plebania.hu\/wp-content\/uploads\/2024\/03\/Nagypentek-768x1024.jpeg 768w, https:\/\/balatonkeresztur.plebania.hu\/wp-content\/uploads\/2024\/03\/Nagypentek-1152x1536.jpeg 1152w, https:\/\/balatonkeresztur.plebania.hu\/wp-content\/uploads\/2024\/03\/Nagypentek-1536x2048.jpeg 1536w, https:\/\/balatonkeresztur.plebania.hu\/wp-content\/uploads\/2024\/03\/Nagypentek-225x300.jpeg 225w\" sizes=\"auto, (max-width: 1920px) 100vw, 1920px\" \/><\/a><\/figure>\n","protected":false},"excerpt":{"rendered":"<p>Nagyp\u00e9ntek az egyh\u00e1zi \u00e9v legcsendesebb napja: J\u00e9zus el\u00edt\u00e9l\u00e9s\u00e9nek, megk\u00ednz\u00e1s\u00e1nak, hal\u00e1l\u00e1nak \u00e9s temet\u00e9s\u00e9nek napja. Ezen a napon nincs szentmise. Arra a napra eml\u00e9kez\u00fcnk, amikor maga az \u00f6r\u00f6k F\u0151pap mutatta be \u00e1ldozat\u00e1t a kereszt olt\u00e1r\u00e1n.<\/p>\n","protected":false},"author":1,"featured_media":0,"comment_status":"closed","ping_status":"open","sticky":false,"template":"","format":"standard","meta":{"footnotes":""},"categories":[1],"tags":[],"class_list":["post-1295","post","type-post","status-publish","format-standard","hentry","category-egyeb"],"_links":{"self":[{"href":"https:\/\/balatonkeresztur.plebania.hu\/index.php\/wp-json\/wp\/v2\/posts\/1295","targetHints":{"allow":["GET"]}}],"collection":[{"href":"https:\/\/balatonkeresztur.plebania.hu\/index.php\/wp-json\/wp\/v2\/posts"}],"about":[{"href":"https:\/\/balatonkeresztur.plebania.hu\/index.php\/wp-json\/wp\/v2\/types\/post"}],"author":[{"embeddable":true,"href":"https:\/\/balatonkeresztur.plebania.hu\/index.php\/wp-json\/wp\/v2\/users\/1"}],"replies":[{"embeddable":true,"href":"https:\/\/balatonkeresztur.plebania.hu\/index.php\/wp-json\/wp\/v2\/comments?post=1295"}],"version-history":[{"count":3,"href":"https:\/\/balatonkeresztur.plebania.hu\/index.php\/wp-json\/wp\/v2\/posts\/1295\/revisions"}],"predecessor-version":[{"id":1300,"href":"https:\/\/balatonkeresztur.plebania.hu\/index.php\/wp-json\/wp\/v2\/posts\/1295\/revisions\/1300"}],"wp:attachment":[{"href":"https:\/\/balatonkeresztur.plebania.hu\/index.php\/wp-json\/wp\/v2\/media?parent=1295"}],"wp:term":[{"taxonomy":"category","embeddable":true,"href":"https:\/\/balatonkeresztur.plebania.hu\/index.php\/wp-json\/wp\/v2\/categories?post=1295"},{"taxonomy":"post_tag","embeddable":true,"href":"https:\/\/balatonkeresztur.plebania.hu\/index.php\/wp-json\/wp\/v2\/tags?post=1295"}],"curies":[{"name":"wp","href":"https:\/\/api.w.org\/{rel}","templated":true}]}}