{"id":1291,"date":"2024-03-28T06:09:12","date_gmt":"2024-03-28T06:09:12","guid":{"rendered":"https:\/\/balatonkeresztur.plebania.hu\/?p=1291"},"modified":"2024-03-29T10:41:36","modified_gmt":"2024-03-29T10:41:36","slug":"nagycsutortok-az-eucharisztia-oltariszentseg-es-a-papsag-egyhazi-rend-alapitasanak-unnepe","status":"publish","type":"post","link":"https:\/\/balatonkeresztur.plebania.hu\/index.php\/2024\/03\/28\/nagycsutortok-az-eucharisztia-oltariszentseg-es-a-papsag-egyhazi-rend-alapitasanak-unnepe\/","title":{"rendered":"Nagycs\u00fct\u00f6rt\u00f6k \u2013 Az Eucharisztia (Olt\u00e1riszents\u00e9g) \u00e9s a paps\u00e1g (Egyh\u00e1zi Rend) alap\u00edt\u00e1s\u00e1nak \u00fcnnepe"},"content":{"rendered":"\n<figure class=\"wp-block-image size-full is-resized\"><img loading=\"lazy\" decoding=\"async\" width=\"850\" height=\"749\" src=\"https:\/\/balatonkeresztur.plebania.hu\/wp-content\/uploads\/2024\/03\/img1-1.jpg\" alt=\"\" class=\"wp-image-1292\" style=\"width:501px;height:auto\" srcset=\"https:\/\/balatonkeresztur.plebania.hu\/wp-content\/uploads\/2024\/03\/img1-1.jpg 850w, https:\/\/balatonkeresztur.plebania.hu\/wp-content\/uploads\/2024\/03\/img1-1-768x677.jpg 768w, https:\/\/balatonkeresztur.plebania.hu\/wp-content\/uploads\/2024\/03\/img1-1-340x300.jpg 340w\" sizes=\"auto, (max-width: 850px) 100vw, 850px\" \/><\/figure>\n\n\n\n<p>D\u00e9lel\u0151tt olajszentel\u00e9si mis\u00e9t tartanak a p\u00fcsp\u00f6ki sz\u00e9kesegyh\u00e1zakban. A p\u00fcsp\u00f6k egy\u00fctt mis\u00e9zik az egyh\u00e1zmegye papjaival, megszenteli a keresztelend\u0151k \u00e9s a betegek olaj\u00e1t, valamint a krizm\u00e1t. A paps\u00e1g ilyenkor meg\u00faj\u00edtja szentel\u00e9skor tett \u00edg\u00e9reteit. Este minden templomban szentmis\u00e9vel eml\u00e9keznek az utols\u00f3 vacsor\u00e1ra, az Olt\u00e1riszents\u00e9g \u00e9s az egyh\u00e1zi rend alap\u00edt\u00e1s\u00e1ra.<\/p>\n\n\n\n<!--more-->\n\n\n\n<p>Nagycs\u00fct\u00f6rt\u00f6k d\u00e9lel\u0151tt az olajszentel\u00e9si szentmise vezeti be a h\u00edv\u0151ket a szent h\u00e1rom nap \u00fcnnepl\u00e9s\u00e9be. A szentmise alatt ker\u00fcl sor a keresztelend\u0151k (katekumenek) \u00e9s a betegek olaja, valamint a \u2013 kereszts\u00e9g, b\u00e9rm\u00e1l\u00e1s, egyh\u00e1zi rend kiszolg\u00e1ltat\u00e1sakor, illetve templomszentel\u00e9skor haszn\u00e1latos \u2013 krizma megszentel\u00e9s\u00e9re. A p\u00fcsp\u00f6k egy\u00fctt mis\u00e9zik az egyh\u00e1zmegye paps\u00e1g\u00e1val, akik meg\u00faj\u00edtj\u00e1k a szentel\u00e9skor tett \u00edg\u00e9reteiket.<\/p>\n\n\n\n<p>Nagycs\u00fct\u00f6rt\u00f6k esti liturgi\u00e1j\u00e1ban az utols\u00f3 vacsora felid\u00e9z\u00e9s\u00e9vel az Eucharisztia alap\u00edt\u00e1s\u00e1ra eml\u00e9kez\u00fcnk, amikor J\u00e9zus maga k\u00f6r\u00e9 gy\u0171jt\u00f6tte tan\u00edtv\u00e1nyait. A szent\u00edr\u00e1si olvasm\u00e1nyok felid\u00e9zik az egyiptomi kivonul\u00e1s \u00e9jszak\u00e1j\u00e1t, amikor az angyal megk\u00edm\u00e9lte az izraelit\u00e1k h\u00e1zait, mert a b\u00e1r\u00e1ny v\u00e9r\u00e9vel megjel\u00f6lt\u00e9k az ajt\u00f3f\u00e9lf\u00e1kat. A h\u00fasv\u00e9ti lakoma \u00e1ldozati b\u00e1r\u00e1nya Krisztus el\u0151k\u00e9pe: saj\u00e1t test\u00e9t adja \u00e9rt\u00fcnk, v\u00e9re pedig megszabad\u00edt a b\u0171nt\u0151l, az \u00f6r\u00f6k hal\u00e1lt\u00f3l. Nagycs\u00fct\u00f6rt\u00f6knek \u00e9ppen ez\u00e9rt \u00fcnnep\u00e9lyes \u00e9s \u00f6r\u00f6mteljes hangulata van. Nagycs\u00fct\u00f6rt\u00f6k az Egyh\u00e1z leg\u0151sibb \u00fcnnepei k\u00f6z\u00e9 tartozik. Az \u0151segyh\u00e1zban ezen a napon fogadt\u00e1k vissza a b\u0171nb\u00e1n\u00f3kat.<\/p>\n\n\n\n<p>A nagycs\u00fct\u00f6rt\u00f6ki evang\u00e9liumban halljuk, hogyan mosta meg J\u00e9zus tan\u00edtv\u00e1nyainak l\u00e1b\u00e1t. Ez a cselekedet \u00f6r\u00f6k id\u0151kre sz\u00f3l\u00f3 p\u00e9ldaad\u00e1s, hogyan kell egym\u00e1st al\u00e1zatos sz\u00edvvel szolg\u00e1lni. Ennek eml\u00e9k\u00e9re a p\u00fcsp\u00f6k vagy a pap megmossa az arra kiv\u00e1lasztott emberek l\u00e1b\u00e1t. A l\u00e1bmos\u00e1s szertart\u00e1s\u00e1ban J\u00e9zus p\u00e9ld\u00e1j\u00e1ra eml\u00e9kezik az Egyh\u00e1z. Az esti szentmise elej\u00e9n a jelk\u00e9pek az utols\u00f3 vacsora \u00f6r\u00f6m\u00e9nek hangulat\u00e1t id\u00e9zik. Ez\u00e9rt van a pap feh\u00e9r miseruh\u00e1ban, ez\u00e9rt sz\u00f3l a mise elej\u00e9n az orgona, \u00e9s ez\u00e9rt van vir\u00e1g az olt\u00e1ron. A dics\u0151s\u00e9gre minden templomban megsz\u00f3lalnak a harangok, a cseng\u0151k, az orgona, majd a Gl\u00f3ria ut\u00e1n eln\u00e9mulnak nagyszombat estig. A m\u00e9ly gy\u00e1sz jel\u00e9\u00fcl ezut\u00e1n csak a kerepl\u0151k sz\u00f3lnak. A harangok \u201eR\u00f3m\u00e1ba mennek\u201d, \u00e9s megjelennek a szomor\u00fas\u00e1g, a f\u00e1jdalom jelei is. Megr\u00e1z\u00f3 ellent\u00e9t, hogy J\u00e9zust azon az est\u00e9n \u00e1rulj\u00e1k el, amelyen szeretet\u00e9nek legnagyobb jeleit adja.<\/p>\n\n\n\n<p>A szentmise ut\u00e1ni olt\u00e1rfoszt\u00e1s, amikor elt\u00e1vol\u00edtanak az olt\u00e1rr\u00f3l minden d\u00edszt, m\u00e9g a ter\u00edt\u0151t is, J\u00e9zus elfogat\u00e1s\u00e1ra \u00e9s szenved\u00e9seire eml\u00e9keztet. A szertart\u00e1s v\u00e9g\u00e9n a csend is jelzi a J\u00e9zus szenved\u00e9s\u00e9vel egy\u00fctt \u00e9rz\u0151 f\u00e1jdalmat. Az Olt\u00e1riszents\u00e9get ilyenkor a mell\u00e9kolt\u00e1rhoz viszik: ez J\u00e9zus elfogat\u00e1s\u00e1t, elhurcol\u00e1s\u00e1t jelk\u00e9pezi. Csendben fejez\u0151dik be a szentmise, a v\u00e9g\u00e9n nincs \u00e1ld\u00e1s.<\/p>\n\n\n\n<p>Nagycs\u00fct\u00f6rt\u00f6k miszt\u00e9rium\u00e1ban egym\u00e1ssal szemben \u00e1ll az eucharisztikus aj\u00e1nd\u00e9k legmagasztosabb szeretete, valamint az el\u00e1rultat\u00e1s f\u00e1jdalma. Az utols\u00f3 vacsora ut\u00e1n J\u00e9zus apostolaival az Olajf\u00e1k hegy\u00e9re ment. Im\u00e1ds\u00e1g k\u00f6zben szenvedett \u00e9s gy\u00f6tr\u0151d\u00f6tt, k\u00e9rte apostolait, hogy im\u00e1dkozzanak vele, de azok elaludtak. \u201eEgy \u00f3r\u00e1t sem tudtatok virrasztani velem?\u201d&nbsp;\u2013 k\u00e9rdezte t\u0151l\u00fck. Erre gondolunk, amikor a szents\u00e9gi J\u00e9zust a f\u0151olt\u00e1rr\u00f3l a mell\u00e9kolt\u00e1rra k\u00eds\u00e9rj\u00fck, s amikor a mise ut\u00e1n szents\u00e9gim\u00e1d\u00e1st v\u00e9gz\u00fcnk\u2026 \u201eLegal\u00e1bb egy \u00f3r\u00e1t\u201d szeretn\u00e9nk virrasztani Vele. Elkezd\u0151dik a nagycs\u00fct\u00f6rt\u00f6ki virraszt\u00e1s (szents\u00e9gim\u00e1d\u00e1s) az \u00e9rt\u00fcnk v\u00e9rrel ver\u00edt\u00e9kez\u0151 J\u00e9zussal.<\/p>\n\n\n\n<p>forr\u00e1s: <a href=\"https:\/\/www.magyarkurir.hu\/hirek\/nagycsutortok-az-eucharisztia-oltariszentseg-es-papsag-egyhazi-rend-alapitasanak-unnepe-137908\" target=\"_blank\" rel=\"noreferrer noopener\">Magyar Kur\u00edr<\/a><\/p>\n\n\n\n<figure class=\"wp-block-image size-full is-resized\"><a href=\"http:\/\/balatonkeresztur.plebania.hu\/wp-content\/uploads\/2024\/03\/Nagycsutortok-scaled.jpg\" target=\"_blank\" rel=\"noreferrer noopener\"><img loading=\"lazy\" decoding=\"async\" width=\"1920\" height=\"2560\" src=\"http:\/\/balatonkeresztur.plebania.hu\/wp-content\/uploads\/2024\/03\/Nagycsutortok-scaled.jpg\" alt=\"\" class=\"wp-image-1301\" style=\"width:513px;height:auto\" srcset=\"https:\/\/balatonkeresztur.plebania.hu\/wp-content\/uploads\/2024\/03\/Nagycsutortok-scaled.jpg 1920w, https:\/\/balatonkeresztur.plebania.hu\/wp-content\/uploads\/2024\/03\/Nagycsutortok-768x1024.jpg 768w, https:\/\/balatonkeresztur.plebania.hu\/wp-content\/uploads\/2024\/03\/Nagycsutortok-1152x1536.jpg 1152w, https:\/\/balatonkeresztur.plebania.hu\/wp-content\/uploads\/2024\/03\/Nagycsutortok-1536x2048.jpg 1536w, https:\/\/balatonkeresztur.plebania.hu\/wp-content\/uploads\/2024\/03\/Nagycsutortok-225x300.jpg 225w\" sizes=\"auto, (max-width: 1920px) 100vw, 1920px\" \/><\/a><\/figure>\n","protected":false},"excerpt":{"rendered":"<p>D\u00e9lel\u0151tt olajszentel\u00e9si mis\u00e9t tartanak a p\u00fcsp\u00f6ki sz\u00e9kesegyh\u00e1zakban. A p\u00fcsp\u00f6k egy\u00fctt mis\u00e9zik az egyh\u00e1zmegye papjaival, megszenteli a keresztelend\u0151k \u00e9s a betegek olaj\u00e1t, valamint a krizm\u00e1t. A paps\u00e1g ilyenkor meg\u00faj\u00edtja szentel\u00e9skor tett \u00edg\u00e9reteit. Este minden templomban szentmis\u00e9vel eml\u00e9keznek az utols\u00f3 vacsor\u00e1ra, az &hellip; <a href=\"https:\/\/balatonkeresztur.plebania.hu\/index.php\/2024\/03\/28\/nagycsutortok-az-eucharisztia-oltariszentseg-es-a-papsag-egyhazi-rend-alapitasanak-unnepe\/\">Egy kattint\u00e1s ide a folytat\u00e1shoz&#8230;. <span class=\"meta-nav\">&rarr;<\/span><\/a><\/p>\n","protected":false},"author":1,"featured_media":0,"comment_status":"closed","ping_status":"open","sticky":false,"template":"","format":"standard","meta":{"footnotes":""},"categories":[1],"tags":[],"class_list":["post-1291","post","type-post","status-publish","format-standard","hentry","category-egyeb"],"_links":{"self":[{"href":"https:\/\/balatonkeresztur.plebania.hu\/index.php\/wp-json\/wp\/v2\/posts\/1291","targetHints":{"allow":["GET"]}}],"collection":[{"href":"https:\/\/balatonkeresztur.plebania.hu\/index.php\/wp-json\/wp\/v2\/posts"}],"about":[{"href":"https:\/\/balatonkeresztur.plebania.hu\/index.php\/wp-json\/wp\/v2\/types\/post"}],"author":[{"embeddable":true,"href":"https:\/\/balatonkeresztur.plebania.hu\/index.php\/wp-json\/wp\/v2\/users\/1"}],"replies":[{"embeddable":true,"href":"https:\/\/balatonkeresztur.plebania.hu\/index.php\/wp-json\/wp\/v2\/comments?post=1291"}],"version-history":[{"count":3,"href":"https:\/\/balatonkeresztur.plebania.hu\/index.php\/wp-json\/wp\/v2\/posts\/1291\/revisions"}],"predecessor-version":[{"id":1302,"href":"https:\/\/balatonkeresztur.plebania.hu\/index.php\/wp-json\/wp\/v2\/posts\/1291\/revisions\/1302"}],"wp:attachment":[{"href":"https:\/\/balatonkeresztur.plebania.hu\/index.php\/wp-json\/wp\/v2\/media?parent=1291"}],"wp:term":[{"taxonomy":"category","embeddable":true,"href":"https:\/\/balatonkeresztur.plebania.hu\/index.php\/wp-json\/wp\/v2\/categories?post=1291"},{"taxonomy":"post_tag","embeddable":true,"href":"https:\/\/balatonkeresztur.plebania.hu\/index.php\/wp-json\/wp\/v2\/tags?post=1291"}],"curies":[{"name":"wp","href":"https:\/\/api.w.org\/{rel}","templated":true}]}}