{"id":1282,"date":"2024-03-24T07:34:43","date_gmt":"2024-03-24T07:34:43","guid":{"rendered":"https:\/\/balatonkeresztur.plebania.hu\/?p=1282"},"modified":"2024-03-25T16:19:37","modified_gmt":"2024-03-25T16:19:37","slug":"ministrans-kirandulas","status":"publish","type":"post","link":"https:\/\/balatonkeresztur.plebania.hu\/index.php\/2024\/03\/24\/ministrans-kirandulas\/","title":{"rendered":"Ministr\u00e1ns kir\u00e1ndul\u00e1s"},"content":{"rendered":"\n<figure class=\"wp-block-image size-full is-resized\"><a href=\"https:\/\/photos.app.goo.gl\/tGQTzuTGSo7a7mHY9\" target=\"_blank\" rel=\"noreferrer noopener\"><img loading=\"lazy\" decoding=\"async\" width=\"2560\" height=\"1920\" src=\"https:\/\/balatonkeresztur.plebania.hu\/wp-content\/uploads\/2024\/03\/veszprem-scaled.jpeg\" alt=\"\" class=\"wp-image-1283\" style=\"width:532px;height:auto\" srcset=\"https:\/\/balatonkeresztur.plebania.hu\/wp-content\/uploads\/2024\/03\/veszprem-scaled.jpeg 2560w, https:\/\/balatonkeresztur.plebania.hu\/wp-content\/uploads\/2024\/03\/veszprem-768x576.jpeg 768w, https:\/\/balatonkeresztur.plebania.hu\/wp-content\/uploads\/2024\/03\/veszprem-1536x1152.jpeg 1536w, https:\/\/balatonkeresztur.plebania.hu\/wp-content\/uploads\/2024\/03\/veszprem-2048x1536.jpeg 2048w, https:\/\/balatonkeresztur.plebania.hu\/wp-content\/uploads\/2024\/03\/veszprem-400x300.jpeg 400w\" sizes=\"auto, (max-width: 2560px) 100vw, 2560px\" \/><\/a><\/figure>\n\n\n\n<p>Vir\u00e1gvas\u00e1rnap el\u0151tti napon -hagyom\u00e1nyteremt\u0151 sz\u00e1nd\u00e9kkal is- a ministr\u00e1nsokkal (\u00e9s n\u00e9h\u00e1ny csal\u00e1dtagjukkal) kir\u00e1ndulni indultunk.<\/p>\n\n\n\n<!--more-->\n\n\n\n<p>\u00a0Els\u0151 \u00e1llom\u00e1sunk Veszpr\u00e9m volt, ahol a fel\u00faj\u00edtott Szent Mih\u00e1ly-sz\u00e9kesegyh\u00e1zat tekintett\u00fck meg. Mivel a tervezettn\u00e9l kor\u00e1bban \u00e9rkezt\u00fcnk, volt id\u0151nk b\u0151ven a v\u00e1rban k\u00f6r\u00fcln\u00e9zni, illetve a K\u00e1lv\u00e1ria-dombra is fels\u00e9t\u00e1lhattunk. A sz\u00e9kesegyh\u00e1zban csatlakozhattunk egy \u201epotya-idegenvezet\u00e9shez\u201d, majd belehallgathattunk az \u00e9nekkar pr\u00f3b\u00e1j\u00e1ba, akik a m\u00e1snapi szentmis\u00e9re gyakoroltak, \u00e9s megn\u00e9zhett\u00fck Boldog Gizella kir\u00e1lyn\u00e9 karerekly\u00e9j\u00e9t is.<\/p>\n\n\n\n<p>N\u00e9mi k\u00e1v\u00e9- \u00e9s s\u00fctisz\u00fcnet ut\u00e1n a Szent Margit-templomba ment\u00fcnk, ahol az altemplomban Szemes J\u00f3zsef ap\u00e1t \u00far, egykori balatonkereszt\u00fari pl\u00e9b\u00e1nos nyugszik. A magunkkal hozott koszor\u00faval, k\u00f6z\u00f6s im\u00e1ds\u00e1ggal, ap\u00e1t \u00far kedves szem\u00e9lyis\u00e9g\u00e9t felid\u00e9z\u0151 eml\u00e9kez\u0151 gondolatokkal ler\u00f3ttuk kegyelet\u00fcnket v\u00e9gs\u0151 nyughely\u00e9n\u00e9l.<\/p>\n\n\n\n<p>K\u00f6vetkez\u0151 \u00e1llom\u00e1sunkn\u00e1l, a Hittudom\u00e1nyi F\u0151iskol\u00e1n\u00e1l (volt szemin\u00e1rium) megcsod\u00e1ltuk a k\u00f6rnyezetet, ahol valamikor a kispapok tanultak, \u00e9s megn\u00e9zt\u00fck a k\u00e1poln\u00e1t is.<\/p>\n\n\n\n<p>Inn\u00e9t Tihany fel\u00e9 vett\u00fck az ir\u00e1nyt. \u00datk\u00f6zben megeb\u00e9delt\u00fcnk, majd S\u00e1muel testv\u00e9r j\u00f3volt\u00e1b\u00f3l nemcsak az ap\u00e1ts\u00e1gi templomot ismerhett\u00fck meg, hanem bepillant\u00e1st nyerhett\u00fcnk a tihanyi benc\u00e9sek \u00e9let\u00e9be is. A templom bemutat\u00e1sa sor\u00e1n ministr\u00e1nsaink (\u00e9s a k\u00eds\u00e9r\u0151k is) j\u00f3l vizsg\u00e1ztak hittanos ismeretekb\u0151l. J Nagy szerencs\u00e9nk volt, mert az eg\u00e9sz templom f\u00e9ny\u00e1rban \u00faszott; mivel a m\u00e1snapi \u00fcnnepi szentmis\u00e9t a Duna TV innen k\u00f6zvet\u00edtette, az el\u0151k\u00e9sz\u00fcletek miatti profi reflektoroknak k\u00f6sz\u00f6nhet\u0151en sokkal t\u00f6bb mindent l\u00e1thattunk, mint amit a templom \u201esaj\u00e1t vil\u00e1g\u00edt\u00e1sa\u201d \u00e1ltal l\u00e1thattunk volna. Itt is csod\u00e1lattal hallgathattuk egy darabig az \u00e9nekkart, mert \u00e9ppen a m\u00e1snapi Passi\u00f3ra pr\u00f3b\u00e1ltak. A korai z\u00e1r\u00e1s miatt maradt id\u0151nk arra, hogy egy fagylalt mellett gy\u00f6ny\u00f6rk\u00f6dj\u00fcnk a panor\u00e1m\u00e1ban, illetve a gyerekek egy j\u00e1tsz\u00f3teret is felfedeztek.<\/p>\n\n\n\n<p>Utols\u00f3 \u00e1llom\u00e1sukon, Balatonf\u00fcreden r\u00e9szt vehett\u00fcnk a \u201epiros templom\u201d szentmis\u00e9j\u00e9n, ahol ministr\u00e1nsaink egy\u00fctt szolg\u00e1lhattak a helyi ministr\u00e1nsokkal Dr. Fodor J\u00e1nos atya vezet\u00e9s\u00e9vel. A szentmise ut\u00e1n J\u00e1nos aty\u00e1val besz\u00e9lgethett\u00fcnk friss\u00edt\u0151 \u00fcd\u00edt\u0151 \u00e9s s\u00fctem\u00e9ny mellett, majd indultunk haza.<\/p>\n\n\n\n<p>Nem zs\u00fafolt, m\u00e9gis tartalmas napot tudhatunk magunk m\u00f6g\u00f6tt. A rengeteg \u00e9lm\u00e9ny mellett Isten jelenl\u00e9te is \u00e9rezhet\u0151 volt, \u00edgy a kir\u00e1ndul\u00e1sunk zar\u00e1ndoklatt\u00e1 alakulhatott! H\u00e1la legyen Istennek ez\u00e9rt a nap\u00e9rt!<\/p>\n","protected":false},"excerpt":{"rendered":"<p>Vir\u00e1gvas\u00e1rnap el\u0151tti napon -hagyom\u00e1nyteremt\u0151 sz\u00e1nd\u00e9kkal is- a ministr\u00e1nsokkal (\u00e9s n\u00e9h\u00e1ny csal\u00e1dtagjukkal) kir\u00e1ndulni indultunk.<\/p>\n","protected":false},"author":1,"featured_media":0,"comment_status":"closed","ping_status":"open","sticky":false,"template":"","format":"standard","meta":{"footnotes":""},"categories":[1],"tags":[],"class_list":["post-1282","post","type-post","status-publish","format-standard","hentry","category-egyeb"],"_links":{"self":[{"href":"https:\/\/balatonkeresztur.plebania.hu\/index.php\/wp-json\/wp\/v2\/posts\/1282","targetHints":{"allow":["GET"]}}],"collection":[{"href":"https:\/\/balatonkeresztur.plebania.hu\/index.php\/wp-json\/wp\/v2\/posts"}],"about":[{"href":"https:\/\/balatonkeresztur.plebania.hu\/index.php\/wp-json\/wp\/v2\/types\/post"}],"author":[{"embeddable":true,"href":"https:\/\/balatonkeresztur.plebania.hu\/index.php\/wp-json\/wp\/v2\/users\/1"}],"replies":[{"embeddable":true,"href":"https:\/\/balatonkeresztur.plebania.hu\/index.php\/wp-json\/wp\/v2\/comments?post=1282"}],"version-history":[{"count":6,"href":"https:\/\/balatonkeresztur.plebania.hu\/index.php\/wp-json\/wp\/v2\/posts\/1282\/revisions"}],"predecessor-version":[{"id":1290,"href":"https:\/\/balatonkeresztur.plebania.hu\/index.php\/wp-json\/wp\/v2\/posts\/1282\/revisions\/1290"}],"wp:attachment":[{"href":"https:\/\/balatonkeresztur.plebania.hu\/index.php\/wp-json\/wp\/v2\/media?parent=1282"}],"wp:term":[{"taxonomy":"category","embeddable":true,"href":"https:\/\/balatonkeresztur.plebania.hu\/index.php\/wp-json\/wp\/v2\/categories?post=1282"},{"taxonomy":"post_tag","embeddable":true,"href":"https:\/\/balatonkeresztur.plebania.hu\/index.php\/wp-json\/wp\/v2\/tags?post=1282"}],"curies":[{"name":"wp","href":"https:\/\/api.w.org\/{rel}","templated":true}]}}