{"id":1270,"date":"2024-03-17T19:46:26","date_gmt":"2024-03-17T19:46:26","guid":{"rendered":"https:\/\/balatonkeresztur.plebania.hu\/?p=1270"},"modified":"2025-04-21T15:52:11","modified_gmt":"2025-04-21T15:52:11","slug":"szertartasok-az-unnepekben","status":"publish","type":"post","link":"https:\/\/balatonkeresztur.plebania.hu\/index.php\/2024\/03\/17\/szertartasok-az-unnepekben\/","title":{"rendered":"Szertart\u00e1sok az \u00fcnnepekben"},"content":{"rendered":"\n<p>A szertart\u00e1sok rendje \u00edgy alakul az \u00fcnnepekben:<\/p>\n\n\n\n<!--more-->\n\n\n\n<p><strong><u>Vir\u00e1gvas\u00e1rnap<\/u><\/strong>:<\/p>\n\n\n\n<p><strong>Szentmise: Balatonkereszt\u00far 9<sup>30 <\/sup>&nbsp;&nbsp;&nbsp;&nbsp;&nbsp;&nbsp;&nbsp;&nbsp;&nbsp;&nbsp;&nbsp;&nbsp;&nbsp;&nbsp;&nbsp;&nbsp;&nbsp;&nbsp;&nbsp;&nbsp;&nbsp;&nbsp;&nbsp;&nbsp;&nbsp;&nbsp;&nbsp;&nbsp;&nbsp;&nbsp;&nbsp;&nbsp;&nbsp;&nbsp;&nbsp;&nbsp;&nbsp;&nbsp;&nbsp;&nbsp;&nbsp;&nbsp;&nbsp; &nbsp;&nbsp;&nbsp;&nbsp;&nbsp;&nbsp;&nbsp; Balatonm\u00e1ria 17 \u00f3ra<\/strong><\/p>\n\n\n\n<p><strong><u>Nagycs\u00fct\u00f6rt\u00f6k<\/u><\/strong>:<\/p>\n\n\n\n<p><strong>Balatonkereszt\u00far 17 \u00f3rakor <\/strong>szentmise az Utols\u00f3 Vacsora eml\u00e9k\u00e9re<\/p>\n\n\n\n<p><strong><u>Nagyp\u00e9nteken<\/u>:<\/strong><strong> 15 \u00f3rakor<\/strong> Kereszt\u00fat a <strong>balatonm\u00e1riai templomt\u00f3l<\/strong><\/p>\n\n\n\n<p><strong>\u00e9rkez\u00e9s ut\u00e1n<\/strong> <strong>Balatonkereszt\u00faron<\/strong> Igeliturgia kereszth\u00f3dolattal, \u00e1ldoztat\u00e1ssal<\/p>\n\n\n\n<p><strong><u>Nagyszombat<\/u>:<\/strong><strong> 20 \u00f3ra <\/strong>(szentmise t\u0171zszentel\u00e9ssel, felt\u00e1mad\u00e1si k\u00f6rmenettel)<\/p>\n\n\n\n<p><strong><u>H\u00fasv\u00e9t<\/u><\/strong> (vas\u00e1rnap):<\/p>\n\n\n\n<p>\u00e9telszentel\u00e9s 7 \u00f3ra<\/p>\n\n\n\n<p><strong>Szentmise: Balatonkereszt\u00far 9<sup>30 <\/sup>&nbsp;&nbsp;&nbsp;&nbsp;&nbsp;&nbsp;&nbsp;&nbsp;&nbsp;&nbsp;&nbsp;&nbsp;&nbsp;&nbsp;&nbsp;&nbsp;&nbsp;&nbsp;&nbsp;&nbsp;&nbsp;&nbsp;&nbsp;&nbsp;&nbsp;&nbsp;&nbsp;&nbsp;&nbsp;&nbsp;&nbsp;&nbsp;&nbsp;&nbsp;&nbsp;&nbsp;&nbsp;&nbsp;&nbsp;&nbsp;&nbsp;&nbsp;&nbsp; &nbsp;&nbsp;&nbsp;&nbsp;&nbsp;&nbsp;&nbsp; Balatonm\u00e1ria 17 \u00f3ra<\/strong><\/p>\n\n\n\n<p><strong><u>H\u00fasv\u00e9th\u00e9tf\u0151<\/u>:<\/strong><strong> szentmise csak Balatonkereszt\u00faron(!) <\/strong><strong>9<sup>30<\/sup><\/strong><\/p>\n\n\n\n<p><a href=\"http:\/\/balatonkeresztur.plebania.hu\/wp-content\/uploads\/2024\/03\/Miserend-az-unnepekben2024husvet.pdf\" target=\"_blank\" rel=\"noreferrer noopener\">let\u00f6lthet\u0151<\/a><\/p>\n\n\n\n<figure class=\"wp-block-image size-full is-resized\"><a href=\"http:\/\/balatonkeresztur.plebania.hu\/wp-content\/uploads\/2025\/04\/keresztut2025.jpg\" target=\"_blank\" rel=\" noreferrer noopener\"><img loading=\"lazy\" decoding=\"async\" width=\"1414\" height=\"2000\" src=\"http:\/\/balatonkeresztur.plebania.hu\/wp-content\/uploads\/2025\/04\/keresztut2025.jpg\" alt=\"\" class=\"wp-image-1672\" style=\"width:585px;height:auto\" srcset=\"https:\/\/balatonkeresztur.plebania.hu\/wp-content\/uploads\/2025\/04\/keresztut2025.jpg 1414w, https:\/\/balatonkeresztur.plebania.hu\/wp-content\/uploads\/2025\/04\/keresztut2025-768x1086.jpg 768w, https:\/\/balatonkeresztur.plebania.hu\/wp-content\/uploads\/2025\/04\/keresztut2025-1086x1536.jpg 1086w, https:\/\/balatonkeresztur.plebania.hu\/wp-content\/uploads\/2025\/04\/keresztut2025-212x300.jpg 212w\" sizes=\"auto, (max-width: 1414px) 100vw, 1414px\" \/><\/a><\/figure>\n","protected":false},"excerpt":{"rendered":"<p>A szertart\u00e1sok rendje \u00edgy alakul az \u00fcnnepekben:<\/p>\n","protected":false},"author":1,"featured_media":0,"comment_status":"closed","ping_status":"closed","sticky":false,"template":"","format":"standard","meta":{"footnotes":""},"categories":[1],"tags":[],"class_list":["post-1270","post","type-post","status-publish","format-standard","hentry","category-egyeb"],"_links":{"self":[{"href":"https:\/\/balatonkeresztur.plebania.hu\/index.php\/wp-json\/wp\/v2\/posts\/1270","targetHints":{"allow":["GET"]}}],"collection":[{"href":"https:\/\/balatonkeresztur.plebania.hu\/index.php\/wp-json\/wp\/v2\/posts"}],"about":[{"href":"https:\/\/balatonkeresztur.plebania.hu\/index.php\/wp-json\/wp\/v2\/types\/post"}],"author":[{"embeddable":true,"href":"https:\/\/balatonkeresztur.plebania.hu\/index.php\/wp-json\/wp\/v2\/users\/1"}],"replies":[{"embeddable":true,"href":"https:\/\/balatonkeresztur.plebania.hu\/index.php\/wp-json\/wp\/v2\/comments?post=1270"}],"version-history":[{"count":5,"href":"https:\/\/balatonkeresztur.plebania.hu\/index.php\/wp-json\/wp\/v2\/posts\/1270\/revisions"}],"predecessor-version":[{"id":1676,"href":"https:\/\/balatonkeresztur.plebania.hu\/index.php\/wp-json\/wp\/v2\/posts\/1270\/revisions\/1676"}],"wp:attachment":[{"href":"https:\/\/balatonkeresztur.plebania.hu\/index.php\/wp-json\/wp\/v2\/media?parent=1270"}],"wp:term":[{"taxonomy":"category","embeddable":true,"href":"https:\/\/balatonkeresztur.plebania.hu\/index.php\/wp-json\/wp\/v2\/categories?post=1270"},{"taxonomy":"post_tag","embeddable":true,"href":"https:\/\/balatonkeresztur.plebania.hu\/index.php\/wp-json\/wp\/v2\/tags?post=1270"}],"curies":[{"name":"wp","href":"https:\/\/api.w.org\/{rel}","templated":true}]}}