{"id":1266,"date":"2024-03-19T00:09:42","date_gmt":"2024-03-19T00:09:42","guid":{"rendered":"https:\/\/balatonkeresztur.plebania.hu\/?p=1266"},"modified":"2024-03-14T08:10:16","modified_gmt":"2024-03-14T08:10:16","slug":"szent-jozsef-unnepe-apak-napja","status":"publish","type":"post","link":"https:\/\/balatonkeresztur.plebania.hu\/index.php\/2024\/03\/19\/szent-jozsef-unnepe-apak-napja\/","title":{"rendered":"Szent J\u00f3zsef \u00fcnnepe &#8211; Ap\u00e1k Napja"},"content":{"rendered":"\n<p> <\/p>\n\n\n\n<figure class=\"wp-block-image size-full is-resized\"><img loading=\"lazy\" decoding=\"async\" width=\"296\" height=\"370\" src=\"https:\/\/balatonkeresztur.plebania.hu\/wp-content\/uploads\/2024\/03\/kep-1.png\" alt=\"\" class=\"wp-image-1267\" style=\"width:258px;height:auto\" srcset=\"https:\/\/balatonkeresztur.plebania.hu\/wp-content\/uploads\/2024\/03\/kep-1.png 296w, https:\/\/balatonkeresztur.plebania.hu\/wp-content\/uploads\/2024\/03\/kep-1-240x300.png 240w\" sizes=\"auto, (max-width: 296px) 100vw, 296px\" \/><\/figure>\n\n\n\n<!--more-->\n\n\n\n<p class=\"has-text-align-center\"><strong>Im\u00e1dkozzunk Szent J\u00f3zsefhez Ferenc p\u00e1p\u00e1val<\/strong><strong><\/strong><\/p>\n\n\n\n<p class=\"has-text-align-center\"><br>\u00d3, dics\u0151s\u00e9ges Szent J\u00f3zsef!&nbsp;Ki elrejtette&nbsp;\u00f6sszehasonl\u00edthatatlan \u00e9s kir\u00e1lyi m\u00e9lt\u00f3s\u00e1g\u00e1t J\u00e9zus \u00e9s Sz\u0171z M\u00e1ria \u0151rz\u0151jek\u00e9nt egy k\u00e9zm\u0171ves al\u00e1zatos megjelen\u00e9s\u00e9vel, \u00e9s gondoskodott r\u00f3luk munk\u00e1j\u00e1val, szeret\u0151 erej\u00e9vel, v\u00e9dje meg fiait, akiket k\u00fcl\u00f6n\u00f6sen r\u00e1d b\u00edztak.<\/p>\n\n\n\n<p class=\"has-text-align-center\">Ismeri a szorong\u00e1sunkat \u00e9s szenved\u00e9seinket, mert maga is megtapasztalta \u0151ket J\u00e9zus \u00e9s anyja oldal\u00e1n.&nbsp;Ne engedd, hogy oly sok aggodalom elnyomjon minket, hogy elfelejts\u00fck azt a c\u00e9lt, amelyre Isten teremtett&nbsp;minket.&nbsp;Ne hagyd, hogy a bizalmatlans\u00e1g magjai megragadj\u00e1k halhatatlan lelk\u00fcnket.<\/p>\n\n\n\n<p class=\"has-text-align-center\">Eml\u00e9keztesd\u00a0az \u00f6sszes munk\u00e1st, akik a mez\u0151k\u00f6n, az akn\u00e1kban \u00e9s a tudom\u00e1nyos laborat\u00f3riumokban dolgoznak, \u00f6r\u00fclnek vagy szenvednek, hogy nincsenek egyed\u00fcl, hanem az \u0151 oldalukon \u00e1ll J\u00e9zus, M\u00e1ria,\u00a0\u00e9s a mi\u00e9nk mellett, hogy t\u00e1mogassa, \u00e9s sz\u00e1r\u00edtsa meg a homlokunk verejt\u00e9k\u00e9t, \u00e9rt\u00e9ket adva a munk\u00e1nknak.\u00a0Tan\u00edtsd meg nek\u00fcnk, hogy mint te a munk\u00e1t a megszentel\u00e9s legmagasabb eszk\u00f6z\u00e9v\u00e9 tegy\u00fck.\u00a0\u00c1men<\/p>\n\n\n\n<figure class=\"wp-block-embed is-type-video is-provider-youtube wp-block-embed-youtube wp-embed-aspect-4-3 wp-has-aspect-ratio\"><div class=\"wp-block-embed__wrapper\">\n<iframe loading=\"lazy\" title=\"Zor\u00e1n - Ap\u00e1m hitte\" width=\"584\" height=\"438\" src=\"https:\/\/www.youtube.com\/embed\/rkKS2x6F8CI?feature=oembed\" frameborder=\"0\" allow=\"accelerometer; autoplay; clipboard-write; encrypted-media; gyroscope; picture-in-picture; web-share\" referrerpolicy=\"strict-origin-when-cross-origin\" allowfullscreen><\/iframe>\n<\/div><\/figure>\n","protected":false},"excerpt":{"rendered":"","protected":false},"author":1,"featured_media":0,"comment_status":"closed","ping_status":"closed","sticky":false,"template":"","format":"standard","meta":{"footnotes":""},"categories":[1],"tags":[],"class_list":["post-1266","post","type-post","status-publish","format-standard","hentry","category-egyeb"],"_links":{"self":[{"href":"https:\/\/balatonkeresztur.plebania.hu\/index.php\/wp-json\/wp\/v2\/posts\/1266","targetHints":{"allow":["GET"]}}],"collection":[{"href":"https:\/\/balatonkeresztur.plebania.hu\/index.php\/wp-json\/wp\/v2\/posts"}],"about":[{"href":"https:\/\/balatonkeresztur.plebania.hu\/index.php\/wp-json\/wp\/v2\/types\/post"}],"author":[{"embeddable":true,"href":"https:\/\/balatonkeresztur.plebania.hu\/index.php\/wp-json\/wp\/v2\/users\/1"}],"replies":[{"embeddable":true,"href":"https:\/\/balatonkeresztur.plebania.hu\/index.php\/wp-json\/wp\/v2\/comments?post=1266"}],"version-history":[{"count":1,"href":"https:\/\/balatonkeresztur.plebania.hu\/index.php\/wp-json\/wp\/v2\/posts\/1266\/revisions"}],"predecessor-version":[{"id":1268,"href":"https:\/\/balatonkeresztur.plebania.hu\/index.php\/wp-json\/wp\/v2\/posts\/1266\/revisions\/1268"}],"wp:attachment":[{"href":"https:\/\/balatonkeresztur.plebania.hu\/index.php\/wp-json\/wp\/v2\/media?parent=1266"}],"wp:term":[{"taxonomy":"category","embeddable":true,"href":"https:\/\/balatonkeresztur.plebania.hu\/index.php\/wp-json\/wp\/v2\/categories?post=1266"},{"taxonomy":"post_tag","embeddable":true,"href":"https:\/\/balatonkeresztur.plebania.hu\/index.php\/wp-json\/wp\/v2\/tags?post=1266"}],"curies":[{"name":"wp","href":"https:\/\/api.w.org\/{rel}","templated":true}]}}