{"id":1260,"date":"2024-03-07T19:43:54","date_gmt":"2024-03-07T19:43:54","guid":{"rendered":"https:\/\/balatonkeresztur.plebania.hu\/?p=1260"},"modified":"2024-03-28T06:09:55","modified_gmt":"2024-03-28T06:09:55","slug":"uj-eletben-jarjunk-nezz-tukorbe-ferenc-papaval-a-husveti-gyonasod-elott","status":"publish","type":"post","link":"https:\/\/balatonkeresztur.plebania.hu\/index.php\/2024\/03\/07\/uj-eletben-jarjunk-nezz-tukorbe-ferenc-papaval-a-husveti-gyonasod-elott\/","title":{"rendered":"\u00daj \u00e9letben j\u00e1rjunk \u2013 N\u00e9zz t\u00fck\u00f6rbe Ferenc p\u00e1p\u00e1val a h\u00fasv\u00e9ti gy\u00f3n\u00e1sod el\u0151tt!"},"content":{"rendered":"\n<p>Tizenegyedik alkalommal rendezik meg m\u00e1rcius 8\u20139-\u00e9n a \u201e24 \u00f3ra az \u00darral\u201d elnevez\u00e9s\u0171 \u00e1jtatoss\u00e1got Ferenc p\u00e1pa sz\u00e1nd\u00e9k\u00e1ra, amely id\u00e9n az im\u00e1ds\u00e1g \u00e9v\u00e9nek keret\u00e9be illeszkedik. T\u00e9m\u00e1ja: <em>\u00daj \u00e9letben j\u00e1rjunk<\/em>. Ferenc p\u00e1pa m\u00e1rcius 8-\u00e1n a r\u00f3mai Szent V. Piusz-pl\u00e9b\u00e1niatemplomban gy\u00f3ntat. A kor\u00e1bbi \u00e9vekben \u00f6ssze\u00e1ll\u00edtott lelki t\u00fckr\u00f6t adjuk k\u00f6zre, hogy seg\u00edts\u00fcnk a h\u00fasv\u00e9ti szentgy\u00f3n\u00e1sra val\u00f3 felk\u00e9sz\u00fcl\u00e9sben.<\/p>\n\n\n\n<!--more-->\n\n\n\n<figure class=\"wp-block-image size-full is-resized\"><img loading=\"lazy\" decoding=\"async\" width=\"850\" height=\"617\" src=\"https:\/\/balatonkeresztur.plebania.hu\/wp-content\/uploads\/2024\/03\/img1.jpg\" alt=\"\" class=\"wp-image-1261\" style=\"width:577px;height:auto\" srcset=\"https:\/\/balatonkeresztur.plebania.hu\/wp-content\/uploads\/2024\/03\/img1.jpg 850w, https:\/\/balatonkeresztur.plebania.hu\/wp-content\/uploads\/2024\/03\/img1-768x557.jpg 768w, https:\/\/balatonkeresztur.plebania.hu\/wp-content\/uploads\/2024\/03\/img1-413x300.jpg 413w\" sizes=\"auto, (max-width: 850px) 100vw, 850px\" \/><\/figure>\n\n\n\n<p><em>Isten ig\u00e9j\u00e9nek f\u00e9ny\u00e9ben vizsg\u00e1ljuk meg magunkat!<\/em><\/p>\n\n\n\n<p><em>\u00c1ltal\u00e1nos k\u00e9rd\u00e9sek<\/em><\/p>\n\n\n\n<p>1. Hogyan indulok el gy\u00f3nni? \u0150szint\u00e9n v\u00e1gyom a megtisztul\u00e1sra, a megt\u00e9r\u00e9sre, \u00e9letem meg\u00faj\u00edt\u00e1s\u00e1ra, bens\u0151s\u00e9gesebb kapcsolatra Istennel; vagy csak tehernek tartom, amelyet ritk\u00e1n veszek a v\u00e1llamra?<\/p>\n\n\n\n<p>2. Nem felejtettem-e ki, vagy sz\u00e1nd\u00e9kosan nem hagytam-e ki hal\u00e1los b\u0171nt kor\u00e1bbi gy\u00f3n\u00e1saimb\u00f3l, vagy legut\u00f3bbi szentgy\u00f3n\u00e1somb\u00f3l?<\/p>\n\n\n\n<p>3. Elv\u00e9geztem-e a kapott el\u00e9gt\u00e9telt? Helyrehoztam-e a b\u0171n\u00f6mmel okozott k\u00e1rt? Pr\u00f3b\u00e1ltam-e megval\u00f3s\u00edtani \u00e9letem jobb\u00edt\u00e1s\u00e1ra tett \u00edg\u00e9retemet?<\/p>\n\n\n\n<p><em>I. Az \u00dar mondja: \u201eSzeresd a te Uradat, Istenedet teljes sz\u00edvedb\u0151l!\u201d<\/em><\/p>\n\n\n\n<p>1. A sz\u00edvem val\u00f3ban Istenre ir\u00e1nyul? Elmondhatom-e, hogy mindenn\u00e9l jobban szeretem \u0150t, \u00e9s szeretetb\u0151l tartom meg h\u0171s\u00e9gesen a parancsolatait? Nem k\u00f6tnek-e magukhoz t\u00fals\u00e1gosan a muland\u00f3 dolgok? J\u00f3 sz\u00e1nd\u00e9kkal cselekszem-e mindig?<\/p>\n\n\n\n<p>2. Szil\u00e1rd-e a hitem Istenben, aki a Fi\u00e1ban sz\u00f3l hozz\u00e1nk? Marad\u00e9ktalanul ragaszkodom-e az Egyh\u00e1z tan\u00edt\u00e1s\u00e1hoz? T\u00f6r\u0151dtem-e a lelkem form\u00e1l\u00e1s\u00e1val Isten Ig\u00e9j\u00e9nek hallgat\u00e1s\u00e1val, hitoktat\u00e1son val\u00f3 r\u00e9szv\u00e9tellel, a hitre \u00e1rtalmas dolgok ker\u00fcl\u00e9s\u00e9vel? Megvallottam-e mindig \u00e9s b\u00e1tran Istenbe \u00e9s az Egyh\u00e1zba vetett hitemet? L\u00e1that\u00f3-e mag\u00e1n\u00e9letemben \u00e9s a k\u00f6z\u00e9letben val\u00f3 r\u00e9szv\u00e9telemben, hogy katolikus vagyok?<\/p>\n\n\n\n<p>3. Im\u00e1dkozom-e reggel \u00e9s este? Im\u00e1ds\u00e1gom sz\u00edvb\u0151l j\u00f6v\u0151 besz\u00e9lget\u00e9s-e Istennel? Nem \u00fcres megszok\u00e1s? Fel tudtam-e aj\u00e1nlani Istennek gondjaimat, \u00f6r\u00f6meimet, f\u00e1jdalmaimat? Tudok-e bizalommal Hozz\u00e1 menek\u00fclni a k\u00eds\u00e9rt\u00e9sek idej\u00e9n is?<\/p>\n\n\n\n<p>4. Tisztelem \u00e9s szeretem-e Isten szent nev\u00e9t? Nem b\u00e1ntottam-e k\u00e1roml\u00e1ssal, hamis esk\u00fcv\u00e9ssel vagy nev\u00e9nek felesleges emleget\u00e9s\u00e9vel? Nem voltam-e tiszteletlen a Sz\u0171zanya \u00e9s a szentek ir\u00e1nt?<\/p>\n\n\n\n<p>5. Megszentelem-e a vas\u00e1rnapot \u00e9s az Egyh\u00e1z \u00fcnnepeit szentmis\u00e9n \u00e9s egy\u00e9b \u00e1jtatoss\u00e1gokon val\u00f3 tev\u00e9keny \u00e9s figyelmes r\u00e9szv\u00e9telemmel? Ker\u00fcltem-e \u00fcnnepnapokon a sz\u00fcks\u00e9gtelen munk\u00e1t? \u00c9vente legal\u00e1bb egyszer, H\u00fasv\u00e9t t\u00e1j\u00e1n meggy\u00f3ntam-e?<\/p>\n\n\n\n<p>6. Nincsenek-e m\u00e1s isteneim, azaz dolgok, amelyek teljesen lek\u00f6tnek \u00e9s amelyekben jobban b\u00edzom, mint Istenben, p\u00e9ld\u00e1ul a gazdags\u00e1g, babon\u00e1k, m\u00e1gi\u00e1s praktik\u00e1k?<\/p>\n\n\n\n<p><em>II. Az \u00dar Krisztus mondja: \u201eSzeress\u00e9tek egym\u00e1st, ahogyan \u00e9n szerettelek titeket!\u201d<\/em><\/p>\n\n\n\n<p>1. Szeretem-e igaz\u00e1n a felebar\u00e1taimat? Nem \u00e9lek-e vissza azzal, hogy \u00e9rdekeim eszk\u00f6zek\u00e9nt haszn\u00e1lom \u0151ket? Nem viselkedem-e vel\u00fck \u00fagy, ahogy nem szeretn\u00e9m, ha velem szemben viselkedn\u00e9nek? Szavaimmal \u00e9s tetteimmel nem okoztam-e botr\u00e1nkoz\u00e1st?<\/p>\n\n\n\n<p>2. A csal\u00e1domban t\u00fcrelmemmel \u00e9s szeretetemmel hozz\u00e1j\u00e1rultam-e a t\u00f6bbiek der\u0171s b\u00e9k\u00e9j\u00e9hez?<\/p>\n\n\n\n<p>A csal\u00e1d egyes tagjainak k\u00e9rd\u00e9sei:<\/p>\n\n\n\n<p>\u2013 Gyermekek: Engedelmes voltam-e sz\u00fcleimnek? Becs\u00fcltem \u00e9s szerettem-e \u0151ket? Ny\u00fajtottam-e nekik seg\u00edts\u00e9get lelki \u00e9s anyagi bajaikban? Az iskol\u00e1ban j\u00f3l tanulok-e? Tisztelem-e tan\u00edt\u00f3imat, nevel\u0151imet? J\u00f3 p\u00e9d\u00e1t adtam-e minden helyzetben?<\/p>\n\n\n\n<p>\u2013 Sz\u00fcl\u0151k: T\u00f6r\u0151dtem-e gyermekeim katolikus nevel\u00e9s\u00e9vel? J\u00f3 p\u00e9ld\u00e1t adtam-e nekik? T\u00e1mogattam-e, ir\u00e1ny\u00edtottam-e \u0151ket tekint\u00e9lyemmel?<\/p>\n\n\n\n<p>\u2013 H\u00e1zast\u00e1rsak: H\u0171s\u00e9ges voltam-e mindig \u00e9rzelmeimben \u00e9s tetteimben? Meg\u00e9rt\u0151 voltam-e neh\u00e9z helyzetekben?<\/p>\n\n\n\n<p>3. Tudok-e \u00f6nzetlen\u00fcl adakozni a n\u00e1lam szeg\u00e9nyebbeknek? Amennyiben rajtam \u00e1ll, v\u00e9dem-e az elnyomottakat \u00e9s seg\u00edtem-e a r\u00e1szorul\u00f3kat? Nem vagyok-e \u00e9rz\u00e9ketlen vagy kegyetlen a felebar\u00e1taimmal, k\u00fcl\u00f6n\u00f6sen a szeg\u00e9nyekkel, gyeng\u00e9kkel, \u00f6regekkel, a lecs\u00faszottakkal, bev\u00e1ndorl\u00f3kkal?<\/p>\n\n\n\n<p>4. Tudom-e, mi a k\u00fcldet\u00e9sem a f\u00f6ldi \u00e9letben? R\u00e9szt veszek-e az Egyh\u00e1z apostoli \u00e9s karitat\u00edv munk\u00e1j\u00e1ban, a pl\u00e9b\u00e1nia \u00e9let\u00e9ben \u00e9s kezdem\u00e9nyez\u00e9seiben? Im\u00e1dkozom-e, \u00e9s megteszem-e a magam\u00e9t az Egyh\u00e1z \u00e9s a vil\u00e1g gondjai\u00e9rt, p\u00e9ld\u00e1ul az Egyh\u00e1z egys\u00e9g\u00e9\u00e9rt, a misszi\u00f3k\u00e9rt, az igazs\u00e1goss\u00e1g \u00e9s a b\u00e9ke \u00fcgy\u00e9\u00e9rt?<\/p>\n\n\n\n<p>5. Sz\u00edvemen viselem-e a k\u00f6z\u00f6ss\u00e9g k\u00f6zjav\u00e1t, amelyben \u00e9lek? Nem keresem-e csak a saj\u00e1t \u00e9rdekeimet? Lehet\u0151s\u00e9geim szerint r\u00e9szt veszek-e olyan kezdem\u00e9nyez\u00e9sekben, amelyek az igazs\u00e1goss\u00e1got, a j\u00f3 erk\u00f6lcs\u00f6ket, az egyet\u00e9rt\u00e9st \u00e9s a j\u00f3t\u00e9konys\u00e1got szolg\u00e1lj\u00e1k? Teljes\u00edtem-e polg\u00e1ri k\u00f6teless\u00e9geimet? Becs\u00fclettel fizetem-e az ad\u00f3kat?<\/p>\n\n\n\n<p>6. Igazs\u00e1gos, elk\u00f6telezett, becs\u00fcletes vagyok-e a munk\u00e1mban? Sz\u00edvesen teszek-e szolg\u00e1latokat a k\u00f6zj\u00f3\u00e9rt? Megfizettem-e az igazs\u00e1gos b\u00e9rt a munk\u00e1saimnak \u00e9s al\u00e1rendeltjeimnek? Betartottam-e szerz\u0151d\u00e9ses k\u00f6telezetts\u00e9geimet? H\u0171s\u00e9ges vagyok-e \u00edg\u00e9reteimhez?<\/p>\n\n\n\n<p>7. Engedelmes vagyok-e a t\u00f6rv\u00e9nyes hatalomnak? Megadom-e neki a kell\u0151 tiszteletet?<\/p>\n\n\n\n<p>8. Ha valamilyen tiszts\u00e9gem van, vagy vezet\u0151 vagyok, nem csak a saj\u00e1t \u00e9rdekeimet n\u00e9zem-e? Tudok-e a szolg\u00e1lat szellem\u00e9ben dolgozni m\u00e1sok jav\u00e1ra?<\/p>\n\n\n\n<p>9. Szolg\u00e1ltam-e az igazs\u00e1got \u00e9s a h\u0171s\u00e9get? Nem \u00e1rtottam-e a felebar\u00e1taimnak hazugs\u00e1gokkal, r\u00e1galmakkal, megsz\u00f3l\u00e1sokkal, megalapozatlan \u00edt\u00e9letekkel, titkok megs\u00e9rt\u00e9s\u00e9vel?<\/p>\n\n\n\n<p>10. Nem b\u00e1ntottam-e a felebar\u00e1t testi \u00e9ps\u00e9g\u00e9t? Nem s\u00e9rtettem-e a becs\u00fclet\u00e9t? Nem okoztam-e neki anyagi k\u00e1rt? Nem k\u00f6vettem-e el abortuszt? Nem tan\u00e1csoltam-e m\u00e1snak az abortuszt? Nem hallgattam-e olyan helyzetekben, amikor buzd\u00edthattam volna a j\u00f3ra?<\/p>\n\n\n\n<p>H\u00e1zas\u00e9letemben igazodom-e az Egyh\u00e1z tan\u00edt\u00e1s\u00e1hoz a fogamz\u00e1s \u00e9s az \u00e9let tisztelete k\u00e9rd\u00e9seiben? Nem v\u00e9tettem-e saj\u00e1t testi \u00e9ps\u00e9gem ellen (p\u00e9ld\u00e1ul steriliz\u00e1l\u00e1ssal). H\u0171s\u00e9ges voltam-e gondolatban is mindig a p\u00e1romhoz?<\/p>\n\n\n\n<p>Nem gy\u0171l\u00f6lk\u00f6dtem-e? Nem vagyok-e veszeked\u0151s? S\u00e9rt\u0151 \u00e9s ingerl\u0151 szavaimmal nem sz\u00edtottam-e ellent\u00e9tet vagy haragot?<\/p>\n\n\n\n<p>Nem mulasztottam-e el v\u00e9tkesen \u00e9s \u00f6nz\u0151 m\u00f3don felebar\u00e1tom \u00e1rtatlans\u00e1g\u00e1nak v\u00e9delm\u00e9t? Vezet\u00e9s vagy k\u00f6zleked\u00e9s k\u00f6zben nem vesz\u00e9lyeztettem-e \u00f6nmagam vagy m\u00e1sok \u00e9let\u00e9t?<\/p>\n\n\n\n<p>11. Loptam-e? Nem k\u00edv\u00e1ntam-e jogtalanul m\u00e1s dolgait? Nem okoztam-e k\u00e1rt m\u00e1sok tulajdon\u00e1ban? Visszaadtam-e, amit elvettem? Helyre\u00e1ll\u00edtottam-e az okozott k\u00e1rt?<\/p>\n\n\n\n<p>12. Ha b\u00e1nt\u00e1s \u00e9rt, kifejeztem-e b\u00e9k\u00fcl\u00e9si k\u00e9szs\u00e9gemet \u00e9s megbocs\u00e1t\u00e1somat Krisztus szerelm\u00e9\u00e9rt? Nem \u0151rz\u00f6k-e haragot vagy bossz\u00fav\u00e1gyat a sz\u00edvemben?<\/p>\n\n\n\n<p><em>III. Az \u00dar Krisztus mondja: \u201eLegyetek t\u00f6k\u00e9letesek, mik\u00e9nt a ti Mennyei Aty\u00e1tok t\u00f6k\u00e9letes!\u201d<\/em><\/p>\n\n\n\n<p>1. Milyen az alapvet\u0151 be\u00e1ll\u00edtotts\u00e1gom? Az \u00f6r\u00f6k \u00e9let rem\u00e9ny\u00e9ben \u00e9lek-e? T\u00f6r\u0151dtem-e lelki \u00e9letem \u00e1pol\u00e1s\u00e1val im\u00e1ds\u00e1ggal, elm\u00e9lked\u0151 szent\u00edr\u00e1solvas\u00e1ssal, szents\u00e9gekhez j\u00e1rul\u00e1ssal? Gyakoroltam-e \u00f6nmegtagad\u00e1st? Elsz\u00e1nt \u00e9s k\u00e9sz vagyok-e a rossz szok\u00e1sok megf\u00e9kez\u00e9s\u00e9re, a szenved\u00e9lyek \u00e9s perverz hajlamok feletti uralkod\u00e1sra?<\/p>\n\n\n\n<p>Megf\u00e9keztem-e az irigys\u00e9get \u00e9s torkoss\u00e1got?<\/p>\n\n\n\n<p>Nem vagyok-e hi\u00fa \u00e9s g\u0151g\u00f6s? Nem helyezem-e magamat mindig m\u00e1sok el\u00e9 \u00e9s m\u00e1sok f\u00f6l\u00e9? Nem k\u00e9nyszer\u00edtem-e m\u00e1sokra akaratomat \u00fagy, hogy eltiprom a szabads\u00e1gukat \u00e9s semmibe veszem a jogaikat?<\/p>\n\n\n\n<p>2. Hogyan haszn\u00e1ltam fel Istent\u0151l aj\u00e1nd\u00e9kba kapott talentumaimat: az id\u0151met, k\u00e9pess\u00e9geimet, er\u0151imet? Eszk\u00f6znek tekintem-e mindezt, hogy napr\u00f3l napra gyarapodjam a lelki \u00e9let t\u00f6k\u00e9letess\u00e9g\u00e9ben \u00e9s a felebar\u00e1t szolg\u00e1lat\u00e1ban? Nem vagyok-e tehetetlen \u00e9s lusta? Hogyan haszn\u00e1lom az internetet \u00e9s a m\u00e9dia t\u00f6bbi eszk\u00f6z\u00e9t?<\/p>\n\n\n\n<p>3. H\u00edv\u0151 l\u00e9lekkel \u00e9s t\u00fcrelemmel viseltem-e a bajokat, szenved\u00e9seket, megpr\u00f3b\u00e1ltat\u00e1sokat? Hogyan pr\u00f3b\u00e1ltam \u00f6nmegtagad\u00e1sokat gyakorolni az\u00e9rt, hogy kieg\u00e9sz\u00edtsem azt, ami m\u00e9g hi\u00e1nyzik Krisztus szenved\u00e9s\u00e9b\u0151l? Megtartottam-e becs\u00fclettel a b\u00f6jti t\u00f6rv\u00e9nyeket?<\/p>\n\n\n\n<p>4. Meg\u0151riztem-e \u2013 \u00e1llapotomnak megfelel\u0151en \u2013 testem szem\u00e9rmes tisztas\u00e1g\u00e1t, meggondolva, hogy a test a Szentl\u00e9lek temploma, \u00e9s a dics\u0151s\u00e9ges felt\u00e1mad\u00e1sra hivatott? Vigy\u00e1ztam-e \u00e9rz\u00e9keimre? Ker\u00fcltem-e lelkem \u00e9s testem bemocskol\u00e1s\u00e1t tiszt\u00e1talan gondolatokkal \u00e9s v\u00e1gyakkal, szem\u00e9rmetlen szavakkal \u00e9s cselekedetekkel? Megengedtem-e magamnak az emberi \u00e9s kereszt\u00e9ny m\u00e9lt\u00f3s\u00e1got s\u00e9rt\u0151 olvasm\u00e1nyokat, t\u00e1rsalg\u00e1sokat, rendezv\u00e9nyeken \u00e9s sz\u00f3rakoz\u00e1sban val\u00f3 r\u00e9szv\u00e9telt? Viselked\u00e9semmel nem botr\u00e1nkoztattam-e m\u00e1sokat?<\/p>\n\n\n\n<p>5. F\u00e9lelemb\u0151l vagy k\u00e9pmutat\u00e1sb\u00f3l nem viselkedtem-e lelkiismeretem ellen\u00e9re?<\/p>\n\n\n\n<p>6. T\u00f6rekedtem-e arra, hogy mindig \u00e9s mindenben Isten gyermekeinek szabads\u00e1g\u00e1val \u00e9s a Szentl\u00e9lek t\u00f6rv\u00e9nye szerint \u00e9ljek? Nem szolg\u00e1ltattam-e ki magamat a szenved\u00e9lyeimnek?<\/p>\n\n\n\n<p>7. Nem mulasztottam-e el olyan j\u00f3tetteket, amelyeket megtehettem volna?<\/p>\n\n\n\n<p>forr\u00e1s: <a href=\"https:\/\/www.magyarkurir.hu\/hirek\/uj-eletben-jarjunk-nezz-tukorbe-ferenc-papaval-husveti-gyonasod-elott\" target=\"_blank\" rel=\"noreferrer noopener\">Magyar Kur\u00edr<\/a><\/p>\n","protected":false},"excerpt":{"rendered":"<p>Tizenegyedik alkalommal rendezik meg m\u00e1rcius 8\u20139-\u00e9n a \u201e24 \u00f3ra az \u00darral\u201d elnevez\u00e9s\u0171 \u00e1jtatoss\u00e1got Ferenc p\u00e1pa sz\u00e1nd\u00e9k\u00e1ra, amely id\u00e9n az im\u00e1ds\u00e1g \u00e9v\u00e9nek keret\u00e9be illeszkedik. T\u00e9m\u00e1ja: \u00daj \u00e9letben j\u00e1rjunk. Ferenc p\u00e1pa m\u00e1rcius 8-\u00e1n a r\u00f3mai Szent V. Piusz-pl\u00e9b\u00e1niatemplomban gy\u00f3ntat. A kor\u00e1bbi \u00e9vekben &hellip; <a href=\"https:\/\/balatonkeresztur.plebania.hu\/index.php\/2024\/03\/07\/uj-eletben-jarjunk-nezz-tukorbe-ferenc-papaval-a-husveti-gyonasod-elott\/\">Egy kattint\u00e1s ide a folytat\u00e1shoz&#8230;. <span class=\"meta-nav\">&rarr;<\/span><\/a><\/p>\n","protected":false},"author":1,"featured_media":0,"comment_status":"closed","ping_status":"closed","sticky":false,"template":"","format":"standard","meta":{"footnotes":""},"categories":[1],"tags":[],"class_list":["post-1260","post","type-post","status-publish","format-standard","hentry","category-egyeb"],"_links":{"self":[{"href":"https:\/\/balatonkeresztur.plebania.hu\/index.php\/wp-json\/wp\/v2\/posts\/1260","targetHints":{"allow":["GET"]}}],"collection":[{"href":"https:\/\/balatonkeresztur.plebania.hu\/index.php\/wp-json\/wp\/v2\/posts"}],"about":[{"href":"https:\/\/balatonkeresztur.plebania.hu\/index.php\/wp-json\/wp\/v2\/types\/post"}],"author":[{"embeddable":true,"href":"https:\/\/balatonkeresztur.plebania.hu\/index.php\/wp-json\/wp\/v2\/users\/1"}],"replies":[{"embeddable":true,"href":"https:\/\/balatonkeresztur.plebania.hu\/index.php\/wp-json\/wp\/v2\/comments?post=1260"}],"version-history":[{"count":1,"href":"https:\/\/balatonkeresztur.plebania.hu\/index.php\/wp-json\/wp\/v2\/posts\/1260\/revisions"}],"predecessor-version":[{"id":1262,"href":"https:\/\/balatonkeresztur.plebania.hu\/index.php\/wp-json\/wp\/v2\/posts\/1260\/revisions\/1262"}],"wp:attachment":[{"href":"https:\/\/balatonkeresztur.plebania.hu\/index.php\/wp-json\/wp\/v2\/media?parent=1260"}],"wp:term":[{"taxonomy":"category","embeddable":true,"href":"https:\/\/balatonkeresztur.plebania.hu\/index.php\/wp-json\/wp\/v2\/categories?post=1260"},{"taxonomy":"post_tag","embeddable":true,"href":"https:\/\/balatonkeresztur.plebania.hu\/index.php\/wp-json\/wp\/v2\/tags?post=1260"}],"curies":[{"name":"wp","href":"https:\/\/api.w.org\/{rel}","templated":true}]}}