{"id":1253,"date":"2024-02-25T05:37:38","date_gmt":"2024-02-25T05:37:38","guid":{"rendered":"https:\/\/balatonkeresztur.plebania.hu\/?p=1253"},"modified":"2024-02-25T05:40:45","modified_gmt":"2024-02-25T05:40:45","slug":"nagybojti-gyujtes-2","status":"publish","type":"post","link":"https:\/\/balatonkeresztur.plebania.hu\/index.php\/2024\/02\/25\/nagybojti-gyujtes-2\/","title":{"rendered":"Nagyb\u00f6jti gy\u0171jt\u00e9s"},"content":{"rendered":"\n<p>Ism\u00e9t a h\u00fasv\u00e9ti \u00fcnnepekre k\u00e9sz\u00fcl\u00fcnk, ez\u00e9rt annak alkalm\u00e1b\u00f3l szeretn\u00e9nk k\u00f6nnyebb\u00e9 tenni tart\u00f3s \u00e9lelmiszer csomaggal a r\u00e1szorul\u00f3 csal\u00e1dok helyzet\u00e9t.<\/p>\n\n\n\n<!--more-->\n\n\n\n<p><strong>2023. m\u00e1rcius 3-\u00e1n \u00e9s 10-\u00e9n<\/strong> tart\u00f3s \u00e9lelmiszer adom\u00e1ny gy\u0171jt\u00e9st tartunk<\/p>\n\n\n\n<p><strong>9.00 \u2013 9.20<\/strong> k\u00f6z\u00f6tt a <strong>Szent Istv\u00e1n H\u00e1z<\/strong>ban.<\/p>\n\n\n\n<p>K\u00e9rj\u00fck, fokozottan figyeljenek a szavatoss\u00e1gi id\u0151re, hogy ne lej\u00e1rt szavatoss\u00e1g\u00fa term\u00e9ket adom\u00e1nyozzanak!<\/p>\n\n\n\n<p>A fontosabb \u00e9lelmiszerek mellett sz\u00edvesen fogadunk h\u00e1ztart\u00e1si cikkeket is, amely szint\u00e9n nagy seg\u00edts\u00e9g lenne a csal\u00e1doknak.<\/p>\n\n\n\n<p>Seg\u00edts\u00e9g\u00fcket el\u0151re is k\u00f6sz\u00f6nj\u00fck. Mindenkinek tov\u00e1bbi \u00e1ld\u00e1sos nagyb\u00f6jti id\u0151szakot \u00e9s b\u00e9kess\u00e9ges, vid\u00e1m h\u00fasv\u00e9ti \u00fcnnepeket k\u00edv\u00e1nunk. <\/p>\n\n\n\n<p class=\"has-text-align-right\">Karit\u00e1sz csoport<\/p>\n\n\n\n<figure class=\"wp-block-image size-full is-resized\"><a href=\"http:\/\/balatonkeresztur.plebania.hu\/wp-content\/uploads\/2024\/02\/gyujtes2024.jpg\" target=\"_blank\" rel=\"noreferrer noopener\"><img loading=\"lazy\" decoding=\"async\" width=\"1600\" height=\"901\" src=\"https:\/\/balatonkeresztur.plebania.hu\/wp-content\/uploads\/2024\/02\/gyujtes2024.jpg\" alt=\"\" class=\"wp-image-1256\" style=\"width:525px;height:auto\" srcset=\"https:\/\/balatonkeresztur.plebania.hu\/wp-content\/uploads\/2024\/02\/gyujtes2024.jpg 1600w, https:\/\/balatonkeresztur.plebania.hu\/wp-content\/uploads\/2024\/02\/gyujtes2024-768x432.jpg 768w, https:\/\/balatonkeresztur.plebania.hu\/wp-content\/uploads\/2024\/02\/gyujtes2024-1536x865.jpg 1536w, https:\/\/balatonkeresztur.plebania.hu\/wp-content\/uploads\/2024\/02\/gyujtes2024-500x282.jpg 500w\" sizes=\"auto, (max-width: 1600px) 100vw, 1600px\" \/><\/a><\/figure>\n\n\n\n<p><\/p>\n\n\n\n<p><em>A Magyar Katolikus P\u00fcsp\u00f6ki Konferencia k\u00f6rlevele&nbsp;a 2024. \u00e9vi nagyb\u00f6jti tart\u00f3s\u00e9lelmiszer-gy\u0171jt\u00e9sr\u0151l<\/em><\/p>\n\n\n\n<p>Kedves Testv\u00e9rek!<\/p>\n\n\n\n<p>Nagyb\u00f6jti lelki zar\u00e1ndokutunkon a megv\u00e1lt\u00e1s miszt\u00e9rium\u00e1nak meg\u00fcnnepl\u00e9s\u00e9re k\u00e9sz\u00fcl\u00fcnk, amely Krisztus felt\u00e1mad\u00e1s\u00e1ban cs\u00facsosodik ki sz\u00e1munkra. Az Egyh\u00e1z k\u00f6z\u00f6ss\u00e9ge seg\u00edti lelki utunkat, mer\u00edtve azokb\u00f3l a hagyom\u00e1nyokb\u00f3l, amit k\u00e9tezer \u00e9v alatt r\u00e1nk hagyott a Szent\u00edr\u00e1sban, a liturgi\u00e1ban \u00e9s a lelkis\u00e9gi hagyom\u00e1nyokban.<\/p>\n\n\n\n<p>Nagyb\u00f6jti utunkon jusson esz\u00fcnkbe Isten Izaj\u00e1s pr\u00f3f\u00e9ta \u00e1ltal adott \u00fczenete:<\/p>\n\n\n\n<p><em>\u201eTudj\u00e1tok, milyen az a b\u00f6jt, amelyet \u00e9n kedvelek? Ezt mondja Isten, az \u00dar: T\u00f6rd \u00f6ssze a jogtalan bilincseket, \u00e9s oldd meg az iga k\u00f6teleit! Bocs\u00e1sd szabadon az elnyomottakat, t\u00f6rj \u00f6ssze minden ig\u00e1t!&nbsp;T\u00f6rd meg az \u00e9hez\u0151nek kenyeredet, \u00e9s a hajl\u00e9ktalan szeg\u00e9nyt fogadd be h\u00e1zadba. Ha mez\u00edtelent l\u00e1tsz, \u00f6lt\u00f6ztesd f\u00f6l, \u00e9s ne fordulj el embert\u00e1rsad el\u0151l!&nbsp;Akkor majd felragyog vil\u00e1goss\u00e1god, mint a hajnal, \u00e9s a rajtad ejtett seb gyorsan beheged<\/em>\u201d (Iz 58,6-8).<\/p>\n\n\n\n<p>A szentmise liturgikus sz\u00f6vege, a Nagyb\u00f6jt harmadik pref\u00e1ci\u00f3ja \u00edgy tan\u00edt benn\u00fcnket: <em>\u201eTe \u00fagy akartad, hogy \u00f6nmegtagad\u00e1ssal dics\u0151\u00edts\u00fcnk t\u00e9ged, b\u0171n\u00f6s v\u00e1gyainkat f\u00e9ken tartsuk, \u00e9s a n\u00e9lk\u00fcl\u00f6z\u0151ket seg\u00edtve atyai j\u00f3s\u00e1godat k\u00f6vess\u00fck<\/em>.\u201d<\/p>\n\n\n\n<p>A kereszt\u00e9ny hagyom\u00e1ny a kereszt\u00fati \u00e1jtatoss\u00e1got hagyta r\u00e1nk, ami m\u00e1r a IV. sz\u00e1zadban el\u0151bb Golgotak\u00e9nt \u00e9p\u00edtett k\u00e1poln\u00e1val, majd n\u00e9h\u00e1ny eml\u00e9kt\u00e1bla \u00e1ll\u00edt\u00e1s\u00e1val vette a kezdet\u00e9t, \u00e9s a k\u00f6z\u00e9pkorban terjedt el a kereszt\u00e9ny vil\u00e1gban a mai form\u00e1j\u00e1ban. J\u00e9zus szenved\u00e9s\u00e9nek esem\u00e9nyeir\u0151l elm\u00e9lkedve szembet\u0171nik, hogy kereszt\u00fatj\u00e1n ott voltak a seg\u00edt\u0151k is, akiket a Gondvisel\u00e9s rendelt mell\u00e9.<\/p>\n\n\n\n<p>Benn\u00fcnket is \u00edgy k\u00fcld Isten r\u00e1szorul\u00f3, n\u00e9lk\u00fcl\u00f6z\u0151 embert\u00e1rsaink mell\u00e9, hogy legy\u00fcnk mi is Cirenei Simonok \u00e9s Veronik\u00e1k.<\/p>\n\n\n\n<p>Imm\u00e1ron tizenharmadik alkalommal hirdetj\u00fck meg \u2013 a n\u00e9lk\u00fcl\u00f6z\u0151k seg\u00edt\u00e9s\u00e9nek \u0151segyh\u00e1zi hagyom\u00e1ny\u00e1t fel\u00e9lesztve \u2013 a nagyb\u00f6jti tart\u00f3s\u00e9lelmiszer-gy\u0171jt\u00e9st. B\u00edztatunk mindenkit, hogy lehet\u0151s\u00e9geikhez szerint kapcsol\u00f3djanak be nagyb\u00f6jti akci\u00f3nkba.<\/p>\n\n\n\n<p>Tegy\u00fcnk tan\u00fas\u00e1got az irgalmas szeretet gyakorl\u00e1s\u00e1r\u00f3l az idei Nagyb\u00f6jtben is, \u00e9s j\u00e1ruljunk hozz\u00e1 tart\u00f3s \u00e9lelmiszerrel a Katolikus Egyh\u00e1z seg\u00e9lyakci\u00f3j\u00e1hoz!<\/p>\n\n\n\n<p>Erre a j\u00f6v\u0151 heti vas\u00e1rnapi szentmis\u00e9ken \u00e9s az azt k\u00f6vet\u0151 h\u00e9ten lesz lehet\u0151s\u00e9g, <strong>m\u00e1rcius 3-t\u00f3l 10-ig<\/strong>. Hozzuk el tart\u00f3s\u00e9lelmiszer adom\u00e1nyunkat a templomba, \u00e9s tegy\u00fck az arra kijel\u00f6lt helyre.<\/p>\n\n\n\n<p>J\u00f3 alkalom a gy\u0171jt\u00e9s arra is, hogy \u2013 ahol m\u00e9g nincs pl\u00e9b\u00e1niai karit\u00e1sz csoport \u2013 alkalmi seg\u00edt\u0151csoportok alakuljanak az egyh\u00e1zk\u00f6zs\u00e9gekben. Feladatuk, hogy a gy\u0171jt\u00e9ssel kapcsolatos teend\u0151ket \u2013 adom\u00e1nyok sz\u00e9tv\u00e1logat\u00e1sa, \u00e9lelmiszercsomagok k\u00e9sz\u00edt\u00e9se \u00e9s r\u00e1szorul\u00f3khoz eljuttat\u00e1sa \u2013 megszervezz\u00e9k \u00e9s elv\u00e9gezz\u00e9k. Egyben lehet\u0151s\u00e9g arra is, hogy az egyh\u00e1zk\u00f6zs\u00e9gben karit\u00e1sz csoport szervez\u0151dj\u00f6n.<\/p>\n\n\n\n<p>A legkisebb adom\u00e1nnyal is a felebar\u00e1ti szeretet jut kifejez\u00e9sre. A templomainkban \u00f6sszegy\u0171jt\u00f6tt \u00e9lelmiszerek nemcsak t\u00e1pl\u00e1l\u00e9kot jelentenek, hanem \u00fczenetet is visznek magukkal, a Gondvisel\u0151 Isten szeretet\u00e9nek k\u00e9zzelfoghat\u00f3 jel\u00e9t a n\u00e9lk\u00fcl\u00f6z\u0151 csal\u00e1dokba.<\/p>\n\n\n\n<p>A kor\u00e1bbi \u00e9vekben meghirdetett gy\u0171jt\u00e9seink eredm\u00e9nyek\u00e9ppen csal\u00e1dok ezreit tudtuk seg\u00edteni azokkal a seg\u00e9lycsomagokkal, amelyeket a h\u00edvek adom\u00e1nyaib\u00f3l \u00e1ll\u00edtottunk \u00f6ssze a r\u00e1szorul\u00f3knak. Tudjuk, hogy a templomba j\u00e1r\u00f3 h\u00edveink is neh\u00e9z helyzetben vannak, hiszen a gazdas\u00e1gi v\u00e1ls\u00e1g senkit sem ker\u00fclt el. A legkisebb adom\u00e1nyokat is h\u00e1l\u00e1san k\u00f6sz\u00f6nj\u00fck, hogy \u00fajra nagyon sok csal\u00e1dnak tudjunk seg\u00edteni az irgalmas J\u00e9zus p\u00e9ld\u00e1j\u00e1t k\u00f6vetve.<\/p>\n\n\n\n<p>Telefonos&nbsp;<strong>adom\u00e1nyvonalon&nbsp;<\/strong>is bekapcsol\u00f3dhatunk a Karit\u00e1sz seg\u00edt\u0151 munk\u00e1j\u00e1ba: ha h\u00edvjuk az&nbsp;<strong>1356-os<\/strong>&nbsp;<strong>telefonsz\u00e1mot<\/strong>, h\u00edv\u00e1sonk\u00e9nt&nbsp;<strong>500 forinttal&nbsp;<\/strong>seg\u00edt\u00fcnk.<\/p>\n\n\n\n<p><strong>&nbsp;<\/strong>K\u00e9rj\u00fck, hogy aki teheti, ad\u00f3ja egy sz\u00e1zal\u00e9k\u00e1val is t\u00e1mogassa a Katolikus Karit\u00e1sz szolg\u00e1lat\u00e1t, vagyis a <strong>Karit\u00e1szt T\u00e1mogat\u00f3 Alap\u00edtv\u00e1nyt.<\/strong> K\u00f6sz\u00f6nj\u00fck a szeg\u00e9nyeknek sz\u00e1nt adom\u00e1nyaikat.<\/p>\n\n\n\n<p>Ferenc p\u00e1pa \u00edgy b\u00edztat benn\u00fcnket:<\/p>\n\n\n\n<p>\u201e<em>Ne f\u00e1radjunk bele, hogy felebar\u00e1tainkkal szeretetben j\u00f3t tegy\u00fcnk, az idei Nagyb\u00f6jtben \u00f6r\u00f6mmel adakozva gyakoroljuk azzal az alamizsn\u00e1lkod\u00e1st (v\u00f6. 2Kor 9,7). Isten, aki \u00bbmagot ad a magvet\u0151nek \u00e9s kenyeret t\u00e1pl\u00e1l\u00e9kul\u00ab (2Kor 9,10), nemcsak az\u00e9rt gondoskodik mindannyiunkr\u00f3l, hogy legyen mit enn\u00fcnk, hanem az\u00e9rt is, hogy nagylelk\u0171ek lehess\u00fcnk \u00e9s m\u00e1sokkal j\u00f3t tegy\u00fcnk.<\/em><\/p>\n\n\n\n<p><em>Ha igaz az, hogy eg\u00e9sz \u00e9let\u00fcnk arra van rendelve, hogy a j\u00f3s\u00e1g magvait elvess\u00fck, akkor ezt a b\u00f6jti id\u0151szakot haszn\u00e1ljuk ki k\u00fcl\u00f6n\u00f6sen arra, hogy gondoskodunk a hozz\u00e1nk k\u00f6zel \u00e1ll\u00f3kr\u00f3l \u00e9s odal\u00e9p\u00fcnk azokhoz a testv\u00e9reinkhez, akik sebes\u00fclten fekszenek az \u00e9let \u00fatj\u00e1nak sz\u00e9l\u00e9n (v\u00f6. Lk 10,25\u201337).<\/em><\/p>\n\n\n\n<p><em>A Nagyb\u00f6jt kedvez\u0151 id\u0151szak arra, hogy felkeress\u00fck \u2013 \u00e9s ne elker\u00fclj\u00fck \u2013 a r\u00e1szorul\u00f3kat; hogy megsz\u00f3l\u00edtsuk \u2013 \u00e9s ne leveg\u0151nek n\u00e9zz\u00fck \u2013 azokat, akiknek \u00e9rt\u0151 meghallgat\u00e1sra \u00e9s j\u00f3 sz\u00f3ra van sz\u00fcks\u00e9g\u00fck; hogy megl\u00e1togassuk \u2013 \u00e9s ne magukra hagyjuk \u2013 azokat, akik mag\u00e1nyosak. V\u00e1ltsuk tettekre a megh\u00edv\u00e1st, hogy tegy\u00fcnk j\u00f3t mindenkivel, sz\u00e1njunk id\u0151t a szeg\u00e9nyek \u00e9s r\u00e1szorul\u00f3k, az elhagyatottak \u00e9s elutas\u00edtottak, a diszkrimin\u00e1ci\u00f3val s\u00fajtottak \u00e9s a h\u00e1tr\u00e1nyos helyzet\u0171ek szeretet\u00e9re (v\u00f6.&nbsp;Fratelli tutti,&nbsp;193).\u201d (Ferenc p\u00e1pa 2022. \u00e9vi nagyb\u00f6jti \u00fczenete)<\/em><\/p>\n\n\n\n<p>K\u00f6z\u00f6s cselekv\u00e9sre h\u00edvva Mindny\u00e1jukat, h\u00e1l\u00e1s sz\u00edvvel k\u00f6sz\u00f6nj\u00fck adom\u00e1nyaikat!<\/p>\n\n\n\n<p>Kelt: Budapest, 2024. Nagyb\u00f6jt 2. vas\u00e1rnapj\u00e1n<\/p>\n\n\n\n<p class=\"has-text-align-right\"> Magyar Katolikus P\u00fcsp\u00f6ki Konferencia<\/p>\n","protected":false},"excerpt":{"rendered":"<p>Ism\u00e9t a h\u00fasv\u00e9ti \u00fcnnepekre k\u00e9sz\u00fcl\u00fcnk, ez\u00e9rt annak alkalm\u00e1b\u00f3l szeretn\u00e9nk k\u00f6nnyebb\u00e9 tenni tart\u00f3s \u00e9lelmiszer csomaggal a r\u00e1szorul\u00f3 csal\u00e1dok helyzet\u00e9t.<\/p>\n","protected":false},"author":1,"featured_media":0,"comment_status":"closed","ping_status":"open","sticky":false,"template":"","format":"standard","meta":{"footnotes":""},"categories":[1],"tags":[],"class_list":["post-1253","post","type-post","status-publish","format-standard","hentry","category-egyeb"],"_links":{"self":[{"href":"https:\/\/balatonkeresztur.plebania.hu\/index.php\/wp-json\/wp\/v2\/posts\/1253","targetHints":{"allow":["GET"]}}],"collection":[{"href":"https:\/\/balatonkeresztur.plebania.hu\/index.php\/wp-json\/wp\/v2\/posts"}],"about":[{"href":"https:\/\/balatonkeresztur.plebania.hu\/index.php\/wp-json\/wp\/v2\/types\/post"}],"author":[{"embeddable":true,"href":"https:\/\/balatonkeresztur.plebania.hu\/index.php\/wp-json\/wp\/v2\/users\/1"}],"replies":[{"embeddable":true,"href":"https:\/\/balatonkeresztur.plebania.hu\/index.php\/wp-json\/wp\/v2\/comments?post=1253"}],"version-history":[{"count":3,"href":"https:\/\/balatonkeresztur.plebania.hu\/index.php\/wp-json\/wp\/v2\/posts\/1253\/revisions"}],"predecessor-version":[{"id":1258,"href":"https:\/\/balatonkeresztur.plebania.hu\/index.php\/wp-json\/wp\/v2\/posts\/1253\/revisions\/1258"}],"wp:attachment":[{"href":"https:\/\/balatonkeresztur.plebania.hu\/index.php\/wp-json\/wp\/v2\/media?parent=1253"}],"wp:term":[{"taxonomy":"category","embeddable":true,"href":"https:\/\/balatonkeresztur.plebania.hu\/index.php\/wp-json\/wp\/v2\/categories?post=1253"},{"taxonomy":"post_tag","embeddable":true,"href":"https:\/\/balatonkeresztur.plebania.hu\/index.php\/wp-json\/wp\/v2\/tags?post=1253"}],"curies":[{"name":"wp","href":"https:\/\/api.w.org\/{rel}","templated":true}]}}