{"id":1231,"date":"2024-02-11T05:20:52","date_gmt":"2024-02-11T05:20:52","guid":{"rendered":"https:\/\/balatonkeresztur.plebania.hu\/?p=1231"},"modified":"2024-02-10T07:21:54","modified_gmt":"2024-02-10T07:21:54","slug":"betegek-vilagnapjara","status":"publish","type":"post","link":"https:\/\/balatonkeresztur.plebania.hu\/index.php\/2024\/02\/11\/betegek-vilagnapjara\/","title":{"rendered":"Betegek vil\u00e1gnapj\u00e1ra"},"content":{"rendered":"\n<p><\/p>\n\n\n\n<figure class=\"wp-block-image size-full is-resized\"><img loading=\"lazy\" decoding=\"async\" width=\"1024\" height=\"536\" src=\"https:\/\/balatonkeresztur.plebania.hu\/wp-content\/uploads\/2024\/02\/Jezus-kereszttel-1024x536-1.jpg\" alt=\"\" class=\"wp-image-1232\" style=\"width:545px;height:auto\" srcset=\"https:\/\/balatonkeresztur.plebania.hu\/wp-content\/uploads\/2024\/02\/Jezus-kereszttel-1024x536-1.jpg 1024w, https:\/\/balatonkeresztur.plebania.hu\/wp-content\/uploads\/2024\/02\/Jezus-kereszttel-1024x536-1-768x402.jpg 768w, https:\/\/balatonkeresztur.plebania.hu\/wp-content\/uploads\/2024\/02\/Jezus-kereszttel-1024x536-1-500x262.jpg 500w\" sizes=\"auto, (max-width: 1024px) 100vw, 1024px\" \/><\/figure>\n\n\n\n<p><strong>Rem\u00e9nyik S\u00e1ndor &#8211; Kelj fel \u00e9s j\u00e1rj!<\/strong><br><strong><br><\/strong>\u00cdme &#8211; most m\u00e1sod\u00edzben \u00e9lem \u00e1t<br>Az els\u0151 ingadoz\u00f3, t\u00e9tova,<br>Bizonytalan l\u00e9ptek gyerekkor\u00e1t.<\/p>\n\n\n\n<!--more-->\n\n\n\n<p>Akkor Ap\u00e1m \u00e1llt a h\u00e1tam megett,<br>S csalogatott t\u00e1rt karokkal Any\u00e1m:<br>Hol t\u00e1volodott, hol k\u00f6zeledett.<br><br>\u00cdgy volt bizonnyal. \u00c1mde k\u00f6dbe hullt<br>Fekszik fejemben eml\u00e9ktelen\u00fcl,<br>Fekszik hamu \u00e9s h\u00f3 alatt a mult.<br><br>K\u00e9t &#8222;testv\u00e9r&#8221; fogja most a karomat &#8211;<br>\u00c9s n\u00e9ha elengednek kedvesen:<br>L\u00e1ssuk, a l\u00e1badoz\u00f3 hogy halad.<br><br>Vigy\u00e1zva v\u00e9dik l\u00e9pteimet \u0151k &#8211;<br>\u00c9s sz\u00e1nakoz\u00f3n n\u00e9znek ide be<br>El\u00e9rhetetlen erd\u00e9lyi Tet\u0151k.<br><br>Imbolygok \u00e1t a k\u00f3rh\u00e1zi szob\u00e1n,<br>Az \u00e9let delel\u0151j\u00e9n messze t\u00fal &#8211;<br>Imbolygok, mint az \u00e9let hajnal\u00e1n.<br><br>De \u00e9rzem, ahol magyar csak lakik,<br>Figyelik l\u00e9ptem szeret\u0151 szemek,<br>S v\u00e1gyva v\u00e1rnak m\u00e9g t\u0151lem valamit.<br>A magyar Akarat j\u00e1rni tan\u00edt.<br>Olyankor rogy\u00f3 l\u00e1bam megfesz\u00fcl:<br>Az\u00e9rtis, rajta, \u00faj iramra fel!<br>M\u00e9lyb\u0151l &#8211; a magass\u00e1gba &#8211; egyed\u00fcl.<br><br>Nem, nem egyed\u00fcl, sz\u00edveken is t\u00fal<br>Egy nagy Sz\u00edv sz\u00f3l: \u00e9n megmentettelek,<br>Most t\u00f6bb\u00e9 ne s\u00edrj \u00e9s ne lament\u00e1lj,<br>Vedd b\u0171neid s b\u00e1natod nyoszoly\u00e1j\u00e1t,<br>Azt\u00e1n haj\u00edtsd magadt\u00f3l messzire:<br>Kelj fel \u00e9s j\u00e1rj!<br><br><br><\/p>\n","protected":false},"excerpt":{"rendered":"<p>Rem\u00e9nyik S\u00e1ndor &#8211; Kelj fel \u00e9s j\u00e1rj!\u00cdme &#8211; most m\u00e1sod\u00edzben \u00e9lem \u00e1tAz els\u0151 ingadoz\u00f3, t\u00e9tova,Bizonytalan l\u00e9ptek gyerekkor\u00e1t.<\/p>\n","protected":false},"author":1,"featured_media":0,"comment_status":"closed","ping_status":"open","sticky":false,"template":"","format":"standard","meta":{"footnotes":""},"categories":[1],"tags":[],"class_list":["post-1231","post","type-post","status-publish","format-standard","hentry","category-egyeb"],"_links":{"self":[{"href":"https:\/\/balatonkeresztur.plebania.hu\/index.php\/wp-json\/wp\/v2\/posts\/1231","targetHints":{"allow":["GET"]}}],"collection":[{"href":"https:\/\/balatonkeresztur.plebania.hu\/index.php\/wp-json\/wp\/v2\/posts"}],"about":[{"href":"https:\/\/balatonkeresztur.plebania.hu\/index.php\/wp-json\/wp\/v2\/types\/post"}],"author":[{"embeddable":true,"href":"https:\/\/balatonkeresztur.plebania.hu\/index.php\/wp-json\/wp\/v2\/users\/1"}],"replies":[{"embeddable":true,"href":"https:\/\/balatonkeresztur.plebania.hu\/index.php\/wp-json\/wp\/v2\/comments?post=1231"}],"version-history":[{"count":1,"href":"https:\/\/balatonkeresztur.plebania.hu\/index.php\/wp-json\/wp\/v2\/posts\/1231\/revisions"}],"predecessor-version":[{"id":1233,"href":"https:\/\/balatonkeresztur.plebania.hu\/index.php\/wp-json\/wp\/v2\/posts\/1231\/revisions\/1233"}],"wp:attachment":[{"href":"https:\/\/balatonkeresztur.plebania.hu\/index.php\/wp-json\/wp\/v2\/media?parent=1231"}],"wp:term":[{"taxonomy":"category","embeddable":true,"href":"https:\/\/balatonkeresztur.plebania.hu\/index.php\/wp-json\/wp\/v2\/categories?post=1231"},{"taxonomy":"post_tag","embeddable":true,"href":"https:\/\/balatonkeresztur.plebania.hu\/index.php\/wp-json\/wp\/v2\/tags?post=1231"}],"curies":[{"name":"wp","href":"https:\/\/api.w.org\/{rel}","templated":true}]}}