{"id":1218,"date":"2024-01-22T05:07:29","date_gmt":"2024-01-22T05:07:29","guid":{"rendered":"https:\/\/balatonkeresztur.plebania.hu\/?p=1218"},"modified":"2024-01-21T15:09:46","modified_gmt":"2024-01-21T15:09:46","slug":"a-magyar-kultura-napjara","status":"publish","type":"post","link":"https:\/\/balatonkeresztur.plebania.hu\/index.php\/2024\/01\/22\/a-magyar-kultura-napjara\/","title":{"rendered":"A magyar kult\u00fara napj\u00e1ra"},"content":{"rendered":"\n<figure class=\"wp-block-image size-full is-resized\"><img loading=\"lazy\" decoding=\"async\" width=\"1024\" height=\"576\" src=\"http:\/\/balatonkeresztur.plebania.hu\/wp-content\/uploads\/2024\/01\/magyarkultura.jpg\" alt=\"\" class=\"wp-image-1219\" style=\"width:588px;height:auto\" srcset=\"https:\/\/balatonkeresztur.plebania.hu\/wp-content\/uploads\/2024\/01\/magyarkultura.jpg 1024w, https:\/\/balatonkeresztur.plebania.hu\/wp-content\/uploads\/2024\/01\/magyarkultura-768x432.jpg 768w, https:\/\/balatonkeresztur.plebania.hu\/wp-content\/uploads\/2024\/01\/magyarkultura-500x281.jpg 500w\" sizes=\"auto, (max-width: 1024px) 100vw, 1024px\" \/><\/figure>\n\n\n\n<p>A magyar kult\u00fara napj\u00e1t\u00a0<strong>1989. janu\u00e1r 22<\/strong>-e \u00f3ta \u00fcnnepelj\u00fck, annak eml\u00e9k\u00e9re, hogy K\u00f6lcsey Ferenc1823-ban ezen a napon tiszt\u00e1zta le\u00a0Szatm\u00e1rcsek\u00e9n nemzeti im\u00e1nk, a\u00a0<strong>Himnusz\u00a0<\/strong>k\u00e9zirat\u00e1t. E napra eml\u00e9kezv\u00e9n honlapunkon magyar k\u00f6lt\u0151k verseit osztjuk meg, illetve magyars\u00e1gunk el\u0151tt tisztelg\u0151 zenei anyagot sz\u00f3laltatunk meg.<\/p>\n\n\n\n<!--more-->\n\n\n\n<p><strong>Parainesis K\u00f6lcsey K\u00e1lm\u00e1nhoz (r\u00e9szlet)<\/strong><br>Az emberis\u00e9g sorsnak enged; de nem mint rabszolga. Mindenkinek lehet szabad akaratra felemelkedni. F\u00f6ldb\u0151l egy\u00e9b nem j\u00f6het ki, mint amit a term\u00e9szet bel\u00e9 alkotott. Kebledben \u00e9s fejedben ezerf\u00e9le er\u0151 szendereg, mit felk\u00f6lteni, s kifejteni \u00e9s alak\u00edtani tenni dolgod. Ugyanazon szem\u00e9ly teheti mag\u00e1t j\u00f3v\u00e1 vagy gonossz\u00e1, b\u00f6lccs\u00e9 vagy esztelenn\u00e9, indulat \u00e9s k\u00f6r\u00fclm\u00e9ny rabj\u00e1v\u00e1 vagy ur\u00e1v\u00e1; s ez az, ami az emberben szabadakaratnak mondatik. Isten teremtett, s azt ember nem teheti; de a teremt\u00e9s \u00e1ltal letett anyagnak alakot adni, vagy azt alakr\u00f3l alakra v\u00e1ltoztatni mag\u00e1ban \u00e9s mag\u00e1n k\u00edv\u00fcl: ez az emberis\u00e9g hatalmi \u00e9s szabads\u00e1gi nagy k\u00f6re.<\/p>\n\n\n\n<p class=\"has-text-align-center\"><strong>Rem\u00e9nyik S\u00e1ndor: K\u00f6t a r\u00f6g\u00a0<\/strong><br><br>Aki messzev\u00e1gyik,<br>Csak haz\u00e1ig \u00e9r el,<br>Ha nem selyemsz\u00e1llal:<br>K\u00f6t a r\u00f6g k\u00f6t\u00e9llel,<br>Kopors\u00f3k\u00f6t\u00e9llel.<\/p>\n\n\n\n<p class=\"has-text-align-center\">Aki p\u00e1rtos sz\u00edvvel<br>\u00d6nsz\u00edv\u00e9re l\u00e1zad,<br>F\u00f6ldalatt lel v\u00e9g\u00fcl<br>\u0150si haz\u00e1t, h\u00e1zat,<br>Nyugodalmas h\u00e1zat.<\/p>\n\n\n\n<p class=\"has-text-align-center\">Aki t\u00e9pegeti<br>Mint egy ny\u0171g\u00f6t, \u00e1tkot,<br>Sz\u00edv\u00e9ben hordozza<br>Az a magyars\u00e1got,<br>Igaz magyars\u00e1got.<\/p>\n\n\n\n<p class=\"has-text-align-center\">Akinek magyarul\u00a0<br>Muzsik\u00e1l a v\u00e9re,\u00a0<br>E b\u00fas szerelemt\u0151l\u00a0<br>Nincsen menekv\u00e9se,\u00a0<br>Sehol menekv\u00e9se.<\/p>\n\n\n\n<p class=\"has-text-align-center\">Majd ha a s\u00edrodon\u00a0<br>Friss tavaszi hajt\u00e1s\u00a0<br>N\u0151 \u2013 Te is bel\u00e1tod:\u00a0<br>\u00cdgy van ez j\u00f3l, pajt\u00e1s,\u00a0<br>\u00cdgy van ez j\u00f3l, pajt\u00e1s.<\/p>\n\n\n\n<figure class=\"wp-block-embed is-type-video is-provider-youtube wp-block-embed-youtube wp-embed-aspect-4-3 wp-has-aspect-ratio\"><div class=\"wp-block-embed__wrapper\">\n<iframe loading=\"lazy\" title=\"Erkel: B\u00e1nk b\u00e1n - &quot;Haz\u00e1m, Haz\u00e1m&quot;\" width=\"584\" height=\"438\" src=\"https:\/\/www.youtube.com\/embed\/_7dm4bpDwLI?feature=oembed\" frameborder=\"0\" allow=\"accelerometer; autoplay; clipboard-write; encrypted-media; gyroscope; picture-in-picture; web-share\" referrerpolicy=\"strict-origin-when-cross-origin\" allowfullscreen><\/iframe>\n<\/div><\/figure>\n\n\n\n<figure class=\"wp-block-embed is-type-video is-provider-youtube wp-block-embed-youtube wp-embed-aspect-16-9 wp-has-aspect-ratio\"><div class=\"wp-block-embed__wrapper\">\n<iframe loading=\"lazy\" title=\"K\u00f6lcsey Ferenc: Himnusz \u2013 Reviczky G\u00e1bor el\u0151ad\u00e1s\u00e1ban az ESSZENCIA c\u00edm\u0171 ki\u00e1ll\u00edt\u00e1son\" width=\"584\" height=\"329\" src=\"https:\/\/www.youtube.com\/embed\/EHA36Hzkgh8?feature=oembed\" frameborder=\"0\" allow=\"accelerometer; autoplay; clipboard-write; encrypted-media; gyroscope; picture-in-picture; web-share\" referrerpolicy=\"strict-origin-when-cross-origin\" allowfullscreen><\/iframe>\n<\/div><\/figure>\n\n\n\n<p><\/p>\n\n\n\n<p><\/p>\n","protected":false},"excerpt":{"rendered":"<p>A magyar kult\u00fara napj\u00e1t\u00a01989. janu\u00e1r 22-e \u00f3ta \u00fcnnepelj\u00fck, annak eml\u00e9k\u00e9re, hogy K\u00f6lcsey Ferenc1823-ban ezen a napon tiszt\u00e1zta le\u00a0Szatm\u00e1rcsek\u00e9n nemzeti im\u00e1nk, a\u00a0Himnusz\u00a0k\u00e9zirat\u00e1t. E napra eml\u00e9kezv\u00e9n honlapunkon magyar k\u00f6lt\u0151k verseit osztjuk meg, illetve magyars\u00e1gunk el\u0151tt tisztelg\u0151 zenei anyagot sz\u00f3laltatunk meg.<\/p>\n","protected":false},"author":1,"featured_media":0,"comment_status":"closed","ping_status":"closed","sticky":false,"template":"","format":"standard","meta":{"footnotes":""},"categories":[1],"tags":[],"class_list":["post-1218","post","type-post","status-publish","format-standard","hentry","category-egyeb"],"_links":{"self":[{"href":"https:\/\/balatonkeresztur.plebania.hu\/index.php\/wp-json\/wp\/v2\/posts\/1218","targetHints":{"allow":["GET"]}}],"collection":[{"href":"https:\/\/balatonkeresztur.plebania.hu\/index.php\/wp-json\/wp\/v2\/posts"}],"about":[{"href":"https:\/\/balatonkeresztur.plebania.hu\/index.php\/wp-json\/wp\/v2\/types\/post"}],"author":[{"embeddable":true,"href":"https:\/\/balatonkeresztur.plebania.hu\/index.php\/wp-json\/wp\/v2\/users\/1"}],"replies":[{"embeddable":true,"href":"https:\/\/balatonkeresztur.plebania.hu\/index.php\/wp-json\/wp\/v2\/comments?post=1218"}],"version-history":[{"count":4,"href":"https:\/\/balatonkeresztur.plebania.hu\/index.php\/wp-json\/wp\/v2\/posts\/1218\/revisions"}],"predecessor-version":[{"id":1223,"href":"https:\/\/balatonkeresztur.plebania.hu\/index.php\/wp-json\/wp\/v2\/posts\/1218\/revisions\/1223"}],"wp:attachment":[{"href":"https:\/\/balatonkeresztur.plebania.hu\/index.php\/wp-json\/wp\/v2\/media?parent=1218"}],"wp:term":[{"taxonomy":"category","embeddable":true,"href":"https:\/\/balatonkeresztur.plebania.hu\/index.php\/wp-json\/wp\/v2\/categories?post=1218"},{"taxonomy":"post_tag","embeddable":true,"href":"https:\/\/balatonkeresztur.plebania.hu\/index.php\/wp-json\/wp\/v2\/tags?post=1218"}],"curies":[{"name":"wp","href":"https:\/\/api.w.org\/{rel}","templated":true}]}}