{"id":1214,"date":"2024-01-14T19:46:18","date_gmt":"2024-01-14T19:46:18","guid":{"rendered":"https:\/\/balatonkeresztur.plebania.hu\/?p=1214"},"modified":"2024-01-17T19:49:37","modified_gmt":"2024-01-17T19:49:37","slug":"bences-fogadalommegujito-szentmise-a-szent-istvan-hazban","status":"publish","type":"post","link":"https:\/\/balatonkeresztur.plebania.hu\/index.php\/2024\/01\/14\/bences-fogadalommegujito-szentmise-a-szent-istvan-hazban\/","title":{"rendered":"Benc\u00e9s fogadalommeg\u00faj\u00edt\u00f3 szentmise a Szent Istv\u00e1n H\u00e1zban"},"content":{"rendered":"\n<p><strong><em>,,Fogadj el engem Istenem, szent ig\u00e9d szerint, hogy Neked \u00e9ljek,\u2026\u201d<\/em><\/strong><br>Ezen szent\u00edr\u00e1si r\u00e9szlet 2024. janu\u00e1r 13-\u00e1n d\u00e9lut\u00e1n hangzott el egy \u00fcnnepi szentmise keret\u00e9ben.<\/p>\n\n\n\n<!--more-->\n\n\n\n<p>Balatonkereszt\u00faron a Szent Istv\u00e1n H\u00e1z k\u00f6z\u00f6ss\u00e9gi terme v\u00e1rta az aty\u00e1kat \u00e9s az obl\u00e1tusk\u00f6z\u00f6ss\u00e9g tagjait fogadalommeg\u00faj\u00edt\u00e1sra. A k\u00f6z\u00f6ss\u00e9gi h\u00e1zhoz 14:00 \u00f3r\u00e1ra \u00e9rkezett Nagykanizs\u00e1r\u00f3l a Szenth\u00e1roms\u00e1g d\u00e9k\u00e1ni\u00e1hoz \u00e9s Keszthelyr\u0151l a Szentl\u00e9lek d\u00e9k\u00e1ni\u00e1hoz tartoz\u00f3 obl\u00e1ta \u00e9s obl\u00e1tus testv\u00e9r. Bori\u00e1n Elr\u00e9d atya Pannonhalm\u00e1r\u00f3l \u00e9rkezett. T\u00e9rben t\u00e1vol \u00e9l\u00fcnk egym\u00e1st\u00f3l. Havonta vagy ritk\u00e1bban l\u00e1tjuk egym\u00e1st, de \u00e9vente egyszer fontos ez a tal\u00e1lkoz\u00e1s. Meg\u00faj\u00edtjuk a fogadalmunkat. Mit jelent ez? Ki t\u00f6bb, ki kevesebb \u00e9ve fogadalmat tett Pannonhalm\u00e1n az ap\u00e1ts\u00e1gban, mely felaj\u00e1nlott \u00e9letet jelent, \u00edg\u00e9retet \u00e9s elk\u00f6telez\u0151d\u00e9st. Kifejezetten Istennek \u00e9s Isten szolg\u00e1lat\u00e1nak szentelt \u00e9letet a vil\u00e1gban. A benc\u00e9s szerzetesrend k\u00f6z\u00f6ss\u00e9g\u00e9hez tartozva, de a vil\u00e1gban \u00e9lve t\u00f6reksz\u00fcnk Nursiai Szent Benedek regul\u00e1ja szellem\u00e9ben \u00e9lni. A benc\u00e9s szerzetesrend egy monasztikus szerzetess\u00e9g, ahol az egy\u00e9n lemond a saj\u00e1t ig\u00e9nyeir\u0151l, anyagi javair\u00f3l \u00e9s \u00f6nmag\u00e1t teljesen a szellemi, spiritu\u00e1lis \u00e9letnek, vall\u00e1si elm\u00e9lked\u00e9snek szenteli.<\/p>\n\n\n\n<p><em>Ora et labora<\/em>. Im\u00e1dkozz\u00e1l \u00e9s dolgozz\u00e1l. Ez az a mondat, melyet sokan ismernek. Gyertyaszentel\u0151 Nagyboldogasszony \u00fcnnep\u00e9hez k\u00f6zeledve \u00f6sszegy\u0171lt\u00fcnk ism\u00e9t.<\/p>\n\n\n\n<p>Er\u0151s ez a lelki k\u00f6tel\u00e9k. Minden ir\u00e1nyban.<\/p>\n\n\n\n<p>A nyakamban hordott \u00e9rem egyik oldal\u00e1n a kereszt f\u00fcgg\u0151leges sz\u00e1ra Isten \u00e9s k\u00f6ztem, ember k\u00f6z\u00f6tt l\u00e9v\u0151, v\u00edzszintes sz\u00e1ra obl\u00e1tus testv\u00e9reim \u00e9s k\u00f6ztem l\u00e9v\u0151 szeretetkapcsolatot jelk\u00e9pezi sz\u00e1momra. Az \u00e9rem m\u00e1sik oldal\u00e1n Szent Benedek aty\u00e1nk l\u00e1that\u00f3, Isten rajta kereszt\u00fcl juttatja eszembe nap mint nap: Ki vagyok \u00e9n? Mindig nagyon meghat\u00f3 az \u00e9g\u0151 gyerty\u00e1t tartva a fogadalom sz\u00f6veg\u00e9t egy\u00fctt mondva ezen gondolkodni.<\/p>\n\n\n\n<p>A Pannonhalmi F\u0151monostorb\u00f3l \u00e9rkezett Elr\u00e9d atya obl\u00e1tusrektork\u00e9nt fel\u00fcgyeli, ir\u00e1ny\u00edtja a k\u00f6z\u00f6ss\u00e9g lelki \u00e9s szellemi \u00e9let\u00e9t. A szentmise ut\u00e1n k\u00f6rben \u00fclve az \u0150 vezet\u00e9s\u00e9vel mondtuk el egy\u00fctt a Zsolozsm\u00e1t \u00e9s elm\u00e9lkedt\u00fcnk Ba\u00e1n Izs\u00e1k OSB, Bakonyb\u00e9lben \u00e9l\u0151 szerzetes \u00edr\u00e1s\u00e1r\u00f3l. Mely szerint: <em>,,hogy van egy olyan hely, egy olyan t\u00e1gas, csendhez szokott sz\u00edv, amibe el lehet rejt\u0151zni, amiben lehet Isten \u00e9let\u00e9vel t\u00f6ltekezni, ahov\u00e1 \u2013 a k\u00f6lt\u0151, K\u00e1ny\u00e1di szavaival &#8211; ,,ak\u00e1rmikor j\u00f6ssz, itthon van az Isten.\u201d<\/em> Egy ilyen helyr\u0151l \u00e9rkezett hozz\u00e1nk Balatonkereszt\u00farra Elr\u00e9d atya.<\/p>\n\n\n\n<p>H\u00e1l\u00e1s sz\u00edvvel k\u00f6sz\u00f6nj\u00fck Kiss Zsolt aty\u00e1nak, hogy rendelkez\u00e9s\u00fcnkre bocs\u00e1totta a ,,f\u00f6ldrajzilag mindenkinek k\u00f6nnyen megk\u00f6zel\u00edthet\u0151 helyen\u201d a helysz\u00ednt \u00e9s szolg\u00e1lat\u00e1val megtisztelt benn\u00fcnket. Aj\u00e1nd\u00e9kot is kaptunk a j\u00f3 Istent\u0151l G\u00f6ndics J\u00e1nos atya szem\u00e9ly\u00e9ben, aki \u00e9nek\u00e9vel er\u0151s\u00edtette, szolg\u00e1lta k\u00f6z\u00f6ss\u00e9g\u00fcnket. Sz\u00fclei ,,fontos tartoz\u00e9kak\u00e9nt\u201d gyakran van k\u00f6z\u00f6tt\u00fcnk \u00e9s lesz ilyenkor benc\u00e9s lelk\u00fclet\u0171. Ak\u00e1rcsak Mikl\u00f3s, aki szint\u00e9n gyakran ell\u00e1togat a benc\u00e9sekhez r\u00e9gi \u00e9vfolyamt\u00e1rsakhoz, \u00faj bar\u00e1tokhoz, oda, ahol ,,itthon van az Isten\u201d. Gondoskodott a rendr\u0151l, a tisztas\u00e1gr\u00f3l, hogy m\u00e9lt\u00f3k\u00e9ppen tudjunk \u00fcnnepelni. Szint\u00e9n k\u00f6sz\u00f6net a helyben \u00e9l\u0151 Fabiola \u00e9s Laura testv\u00e9reinknek, akik ,,otthon vannak\u201d a k\u00f6z\u00f6ss\u00e9gi h\u00e1zban. K\u00fcl\u00f6n h\u00e1l\u00e1val gondolok a k\u00f6z\u00f6ss\u00e9gben l\u00e9v\u0151 vezet\u0151inknek, Rita testv\u00e9rnek \u00e9s Thekla testv\u00e9rnek, akik k\u00fcl\u00f6n-k\u00fcl\u00f6n a d\u00e9k\u00e1ni\u00e1khoz tartoz\u00f3kat vezetik. \u0150k a d\u00e9k\u00e1nok, akik megszervezik, elint\u00e9zik, elhozz\u00e1k ,,megs\u00fctik\u201d mindazt, amire sz\u00fcks\u00e9g\u00fcnk van.<\/p>\n\n\n\n<p>Nek\u00fcnk csak \u00f6r\u00fcln\u00fcnk kell, \u00fcnnepelni \u00e9s \u00fajra elk\u00f6telez\u0151dni\u2026<\/p>\n\n\n\n<p>A fogadalmi sz\u00f6veg m\u00e1sodik r\u00e9sze, mely a h\u00e9tk\u00f6znapok sor\u00e1n nagyon sok meger\u0151s\u00edt\u00e9st ad sz\u00e1munkra:<\/p>\n\n\n\n<p><strong><em>,,\u00e9s ne sz\u00e9gyen\u00edts meg engem, mert Tebenned b\u00edztam Uram!\u201d<\/em><\/strong><\/p>\n\n\n\n<p><strong>(Zsolt 118,116)<\/strong><\/p>\n\n\n\n<p>A fogadalommeg\u00faj\u00edt\u00f3 egy\u00fcttl\u00e9t\u00fcnket egy szeretetvend\u00e9gs\u00e9ggel z\u00e1rtuk.<\/p>\n\n\n\n<p><strong><em>,,Testv\u00e9rek, t\u00f6rekedjetek r\u00e1, hogy hivat\u00e1sotokat tetteitekkel megpecs\u00e9telj\u00e9tek, mert ha ezt megteszitek, nem botoltok el soha.\u201d<\/em><\/strong><\/p>\n\n\n\n<p><strong>(2P\u00e9t 1,10)<\/strong><\/p>\n\n\n\n<p>Balatonkereszt\u00far, 2024. janu\u00e1r 13.<\/p>\n\n\n\n<p>Susztern\u00e9 T\u00f3th Rita Kamilla testv\u00e9r<\/p>\n\n\n\n<figure class=\"wp-block-image size-full is-resized\"><a href=\"https:\/\/www.osboblatus.hu\/galeriak\/oblacio-megujitasa-szentlelek-es-szentharomsag-dekaniak\" target=\"_blank\" rel=\"noopener\"><img loading=\"lazy\" decoding=\"async\" width=\"1038\" height=\"800\" src=\"https:\/\/balatonkeresztur.plebania.hu\/wp-content\/uploads\/2024\/01\/oblacio.jpg\" alt=\"\" class=\"wp-image-1215\" style=\"width:541px;height:auto\" srcset=\"https:\/\/balatonkeresztur.plebania.hu\/wp-content\/uploads\/2024\/01\/oblacio.jpg 1038w, https:\/\/balatonkeresztur.plebania.hu\/wp-content\/uploads\/2024\/01\/oblacio-768x592.jpg 768w, https:\/\/balatonkeresztur.plebania.hu\/wp-content\/uploads\/2024\/01\/oblacio-389x300.jpg 389w\" sizes=\"auto, (max-width: 1038px) 100vw, 1038px\" \/><\/a><\/figure>\n\n\n\n<p>A k\u00e9pre kattintva tov\u00e1bbi k\u00e9pek l\u00e1that\u00f3k<\/p>\n","protected":false},"excerpt":{"rendered":"<p>,,Fogadj el engem Istenem, szent ig\u00e9d szerint, hogy Neked \u00e9ljek,\u2026\u201dEzen szent\u00edr\u00e1si r\u00e9szlet 2024. janu\u00e1r 13-\u00e1n d\u00e9lut\u00e1n hangzott el egy \u00fcnnepi szentmise keret\u00e9ben.<\/p>\n","protected":false},"author":1,"featured_media":0,"comment_status":"closed","ping_status":"closed","sticky":false,"template":"","format":"standard","meta":{"footnotes":""},"categories":[1],"tags":[],"class_list":["post-1214","post","type-post","status-publish","format-standard","hentry","category-egyeb"],"_links":{"self":[{"href":"https:\/\/balatonkeresztur.plebania.hu\/index.php\/wp-json\/wp\/v2\/posts\/1214","targetHints":{"allow":["GET"]}}],"collection":[{"href":"https:\/\/balatonkeresztur.plebania.hu\/index.php\/wp-json\/wp\/v2\/posts"}],"about":[{"href":"https:\/\/balatonkeresztur.plebania.hu\/index.php\/wp-json\/wp\/v2\/types\/post"}],"author":[{"embeddable":true,"href":"https:\/\/balatonkeresztur.plebania.hu\/index.php\/wp-json\/wp\/v2\/users\/1"}],"replies":[{"embeddable":true,"href":"https:\/\/balatonkeresztur.plebania.hu\/index.php\/wp-json\/wp\/v2\/comments?post=1214"}],"version-history":[{"count":2,"href":"https:\/\/balatonkeresztur.plebania.hu\/index.php\/wp-json\/wp\/v2\/posts\/1214\/revisions"}],"predecessor-version":[{"id":1217,"href":"https:\/\/balatonkeresztur.plebania.hu\/index.php\/wp-json\/wp\/v2\/posts\/1214\/revisions\/1217"}],"wp:attachment":[{"href":"https:\/\/balatonkeresztur.plebania.hu\/index.php\/wp-json\/wp\/v2\/media?parent=1214"}],"wp:term":[{"taxonomy":"category","embeddable":true,"href":"https:\/\/balatonkeresztur.plebania.hu\/index.php\/wp-json\/wp\/v2\/categories?post=1214"},{"taxonomy":"post_tag","embeddable":true,"href":"https:\/\/balatonkeresztur.plebania.hu\/index.php\/wp-json\/wp\/v2\/tags?post=1214"}],"curies":[{"name":"wp","href":"https:\/\/api.w.org\/{rel}","templated":true}]}}