{"id":1209,"date":"2024-01-06T02:31:04","date_gmt":"2024-01-06T02:31:04","guid":{"rendered":"https:\/\/balatonkeresztur.plebania.hu\/?p=1209"},"modified":"2024-01-05T19:32:05","modified_gmt":"2024-01-05T19:32:05","slug":"vizkeresztre","status":"publish","type":"post","link":"https:\/\/balatonkeresztur.plebania.hu\/index.php\/2024\/01\/06\/vizkeresztre\/","title":{"rendered":"V\u00edzkeresztre"},"content":{"rendered":"\n<figure class=\"wp-block-image size-full is-resized\"><a href=\"http:\/\/balatonkeresztur.plebania.hu\/wp-content\/uploads\/2024\/01\/Jacopo-Marieschi-Harom-kiralyok.jpg\" target=\"_blank\" rel=\"noreferrer noopener\"><img loading=\"lazy\" decoding=\"async\" width=\"1168\" height=\"724\" src=\"https:\/\/balatonkeresztur.plebania.hu\/wp-content\/uploads\/2024\/01\/Jacopo-Marieschi-Harom-kiralyok.jpg\" alt=\"\" class=\"wp-image-1210\" style=\"width:440px;height:auto\" srcset=\"https:\/\/balatonkeresztur.plebania.hu\/wp-content\/uploads\/2024\/01\/Jacopo-Marieschi-Harom-kiralyok.jpg 1168w, https:\/\/balatonkeresztur.plebania.hu\/wp-content\/uploads\/2024\/01\/Jacopo-Marieschi-Harom-kiralyok-768x476.jpg 768w, https:\/\/balatonkeresztur.plebania.hu\/wp-content\/uploads\/2024\/01\/Jacopo-Marieschi-Harom-kiralyok-484x300.jpg 484w\" sizes=\"auto, (max-width: 1168px) 100vw, 1168px\" \/><\/a><\/figure>\n\n\n\n<!--more-->\n\n\n\n<p class=\"has-text-align-center\"><strong>\u00c1nyos P\u00e1l: H\u00e1rom kir\u00e1lyok napj\u00e1n<\/strong><\/p>\n\n\n\n<p class=\"has-text-align-center\">Egek, mit szeml\u00e9lek napkelet t\u00e1j\u00e1r\u00f3l?<br>H\u00e1rom koron\u00e1s f\u0151 k\u00f6lt\u00f6zik honny\u00e1r\u00f3l;<br>Siet Sid\u00f3orsz\u00e1g anyav\u00e1ros\u00e1ban,<br>Mondan\u00e1d sas rep\u00fcl k\u0151sz\u00e1l nyil\u00e1s\u00e1ban,<\/p>\n\n\n\n<p class=\"has-text-align-center\"><br>Sok tev\u00e9k k\u00f6vetik megterhelt h\u00e1tokkal,<br>Izzadnak, feh\u00e9r\u0151l sz\u00e1juk tajt\u00e9kokkal.<br>Vallyon mit jelentnek e gyors j\u00f6vev\u00e9nyek?<br>Tal\u00e1m a v\u00e1roshoz van menni t\u00f6rv\u00e9nyek?<\/p>\n\n\n\n<p class=\"has-text-align-center\"><br>De tov\u00e1bb mit l\u00e1tok az \u00e9gnek k\u00e9ks\u00e9g\u00e9n?<br>Egy ragyog\u00f3 csillag ballag kereks\u00e9g\u00e9n.<br>Sugar\u00e1t int\u00e9zi a koron\u00e1s f\u0151kre,<br>Mint a felkel\u0151 nap b\u00e9rcekek s erd\u0151kre.<\/p>\n\n\n\n<p class=\"has-text-align-center\"><br>Ez m\u00e1r a term\u00e9szet rend\u00e9t felly\u00fcl mulja,<br>S az \u00e1ll\u00f3 csillagok t\u00f6rv\u00e9ny\u00e9t feld\u00f3lja.<br>Vagy csak kaproz\u00e1sa a megcsalt szemf\u00e9nynek?<br>\u00d3 term\u00e9szet, ezek benned m\u00e9rt t\u00f6rt\u00e9nnek?<\/p>\n\n\n\n<p class=\"has-text-align-center\"><br>Nem! \u2013 igaz l\u00e1t\u00e1s ez, \u00e9rtem m\u00e1r rejtek\u00e9t,<br>Illik, hogy kih\u00e1gja term\u00e9szet m\u00e9rt\u00e9kj\u00e9t.<br>Amint Betlehemb\u0151l jobb fel\u00e9 utaznak,<br>Egy ist\u00e1ll\u00f3 f\u00f6d\u0151 f\u00e1i akadoznak.<\/p>\n\n\n\n<p class=\"has-text-align-center\"><br>F\u00f6detlen tetej\u00e9t h\u00f3f\u00fav\u00e1s takarja,<br>Rongyos oldalait \u00e9jszaki sz\u00e9l marja.<br>Ott fekszik emberi nem\u00fcnk megv\u00e1lt\u00f3ja,<br>Kinek olly sok sz\u00e1zad vala sohajt\u00f3ja.<\/p>\n\n\n\n<p class=\"has-text-align-center\"><br>A j\u00e1szolban reszket egy sz\u00e9nanyal\u00e1bban,<br>Nem pedig k\u00e1rpitos kev\u00e9ly palot\u00e1ban!<br>Sz\u00fcz annya J\u00f3zseffel \u00e1llnak k\u00f6r\u00fclette,<br>\u00dczi a hideget barmok lehelete.<\/p>\n\n\n\n<p class=\"has-text-align-center\"><br>Tal\u00e1m ezt id\u00e9zi e h\u00e1rom j\u00f6vev\u00e9ny?<br>Kinek kalauzza az a szokatlan f\u00e9ny?<br>Ugy van, b\u00e9l\u00e9ptek m\u00e1r, b\u00f3kulva im\u00e1dgy\u00e1k,<br>Olly nagy kegyelmek\u00e9rt az egeket \u00e1ldgy\u00e1k!<\/p>\n\n\n\n<p class=\"has-text-align-center\"><br>Tisztelik kir\u00e1li aj\u00e1nd\u00e9kjaikkal,<br>Illetv\u00e9n kis kez\u00e9t \u00e9des cs\u00f3kjaikkal!<br>\u00d6r\u00fclj m\u00e1rrnost ember illyen v\u00e1ltoz\u00e1son,<br>S t\u00e9rdet, fejet hajts\u00e1l e csudal\u00e1t\u00e1son!<\/p>\n\n\n\n<p class=\"has-text-align-center\"><br>Kiss Boldizs\u00e1r, te is jelentsd \u00f6r\u00f6medet,<br>Ki egy szent kir\u00e1lnak k\u00f6sz\u00f6n\u00f6d nevedet.<br>De, hogy hosszas l\u00e9gyen buzg\u00f3 vigass\u00e1god,<br>\u00c9lj, s azut\u00e1n \u00e9gben l\u00e9gyen boldogs\u00e1god!<\/p>\n\n\n\n<p class=\"has-text-align-center\"><strong>1778<\/strong><\/p>\n\n\n\n<figure class=\"wp-block-embed is-type-video is-provider-youtube wp-block-embed-youtube wp-embed-aspect-16-9 wp-has-aspect-ratio\"><div class=\"wp-block-embed__wrapper\">\n<iframe loading=\"lazy\" title=\"Kal\u00e1ka - Mik\u00f3 Istv\u00e1n - J\u00f3zsef Attila: Betlehemi kir\u00e1lyok (2015)\" width=\"584\" height=\"329\" src=\"https:\/\/www.youtube.com\/embed\/FlnR7As8z1w?feature=oembed\" frameborder=\"0\" allow=\"accelerometer; autoplay; clipboard-write; encrypted-media; gyroscope; picture-in-picture; web-share\" referrerpolicy=\"strict-origin-when-cross-origin\" allowfullscreen><\/iframe>\n<\/div><\/figure>\n","protected":false},"excerpt":{"rendered":"","protected":false},"author":1,"featured_media":0,"comment_status":"closed","ping_status":"closed","sticky":false,"template":"","format":"standard","meta":{"footnotes":""},"categories":[1],"tags":[],"class_list":["post-1209","post","type-post","status-publish","format-standard","hentry","category-egyeb"],"_links":{"self":[{"href":"https:\/\/balatonkeresztur.plebania.hu\/index.php\/wp-json\/wp\/v2\/posts\/1209","targetHints":{"allow":["GET"]}}],"collection":[{"href":"https:\/\/balatonkeresztur.plebania.hu\/index.php\/wp-json\/wp\/v2\/posts"}],"about":[{"href":"https:\/\/balatonkeresztur.plebania.hu\/index.php\/wp-json\/wp\/v2\/types\/post"}],"author":[{"embeddable":true,"href":"https:\/\/balatonkeresztur.plebania.hu\/index.php\/wp-json\/wp\/v2\/users\/1"}],"replies":[{"embeddable":true,"href":"https:\/\/balatonkeresztur.plebania.hu\/index.php\/wp-json\/wp\/v2\/comments?post=1209"}],"version-history":[{"count":2,"href":"https:\/\/balatonkeresztur.plebania.hu\/index.php\/wp-json\/wp\/v2\/posts\/1209\/revisions"}],"predecessor-version":[{"id":1212,"href":"https:\/\/balatonkeresztur.plebania.hu\/index.php\/wp-json\/wp\/v2\/posts\/1209\/revisions\/1212"}],"wp:attachment":[{"href":"https:\/\/balatonkeresztur.plebania.hu\/index.php\/wp-json\/wp\/v2\/media?parent=1209"}],"wp:term":[{"taxonomy":"category","embeddable":true,"href":"https:\/\/balatonkeresztur.plebania.hu\/index.php\/wp-json\/wp\/v2\/categories?post=1209"},{"taxonomy":"post_tag","embeddable":true,"href":"https:\/\/balatonkeresztur.plebania.hu\/index.php\/wp-json\/wp\/v2\/tags?post=1209"}],"curies":[{"name":"wp","href":"https:\/\/api.w.org\/{rel}","templated":true}]}}