{"id":119,"date":"2018-10-21T18:58:53","date_gmt":"2018-10-21T18:58:53","guid":{"rendered":"http:\/\/balatonkeresztur.plebania.hu\/?p=119"},"modified":"2018-10-27T19:16:48","modified_gmt":"2018-10-27T19:16:48","slug":"templomunk-unnepe","status":"publish","type":"post","link":"https:\/\/balatonkeresztur.plebania.hu\/index.php\/2018\/10\/21\/templomunk-unnepe\/","title":{"rendered":"Templomunk \u00fcnnepe"},"content":{"rendered":"<p>A mai napon meg\u00fcnnepelt\u00fck templomunk szentel\u00e9s\u00e9nek 260. \u00e9vfordul\u00f3j\u00e1t. <!--more-->Az \u00fcnnepet sz\u00ednes\u00edtette, hogy 4 fiatal most j\u00e1rulhatott a B\u00e9rm\u00e1l\u00e1s szents\u00e9g\u00e9hez.<a href=\"http:\/\/balatonkeresztur.plebania.hu\/wp-content\/uploads\/2018\/10\/IMG_0157.jpg\" target=\"_blank\" rel=\"noopener\"><img loading=\"lazy\" decoding=\"async\" class=\"alignright wp-image-120 size-thumbnail\" src=\"http:\/\/balatonkeresztur.plebania.hu\/wp-content\/uploads\/2018\/10\/IMG_0157-150x150.jpg\" alt=\"\" width=\"150\" height=\"150\" \/><\/a> Varga L\u00e1szl\u00f3, kaposv\u00e1ri megy\u00e9sp\u00fcsp\u00f6k volt a vend\u00e9g\u00fcnk, aki a szents\u00e9get kiszolg\u00e1ltatta \u00e9s a szentmis\u00e9t egykori bar\u00e1tj\u00e1\u00e9rt, a volt balatonkereszt\u00fari pl\u00e9b\u00e1nos\u00e9rt, Dr. Szemes J\u00f3zsef ap\u00e1t \u00far\u00e9rt aj\u00e1nlotta fel. Az \u00fcnnepi szentmis\u00e9n a B\u00e1rdos Lajos<\/p>\n<p><a href=\"http:\/\/balatonkeresztur.plebania.hu\/wp-content\/uploads\/2018\/10\/bardos-m\u00e1solata.jpg\" target=\"_blank\" rel=\"noopener\"><img loading=\"lazy\" decoding=\"async\" class=\"wp-image-131 size-thumbnail alignleft\" src=\"http:\/\/balatonkeresztur.plebania.hu\/wp-content\/uploads\/2018\/10\/bardos-m\u00e1solata-150x150.jpg\" alt=\"\" width=\"150\" height=\"150\" \/><\/a>N\u0151i Kar \u00e9nekelt, ezzel is emelve az \u00fcnnep sz\u00ednvonal\u00e1t! H\u00e1la legyen minden k\u00f6zrem\u0171k\u00f6d\u0151nek, szervez\u0151nek, de legf\u0151k\u00e9pp Istennek, hogy \u00fcnnepelhett\u00fcnk!<\/p>\n","protected":false},"excerpt":{"rendered":"<p>A mai napon meg\u00fcnnepelt\u00fck templomunk szentel\u00e9s\u00e9nek 260. \u00e9vfordul\u00f3j\u00e1t.<\/p>\n","protected":false},"author":1,"featured_media":0,"comment_status":"closed","ping_status":"open","sticky":false,"template":"","format":"standard","meta":{"footnotes":""},"categories":[1],"tags":[],"class_list":["post-119","post","type-post","status-publish","format-standard","hentry","category-egyeb"],"_links":{"self":[{"href":"https:\/\/balatonkeresztur.plebania.hu\/index.php\/wp-json\/wp\/v2\/posts\/119","targetHints":{"allow":["GET"]}}],"collection":[{"href":"https:\/\/balatonkeresztur.plebania.hu\/index.php\/wp-json\/wp\/v2\/posts"}],"about":[{"href":"https:\/\/balatonkeresztur.plebania.hu\/index.php\/wp-json\/wp\/v2\/types\/post"}],"author":[{"embeddable":true,"href":"https:\/\/balatonkeresztur.plebania.hu\/index.php\/wp-json\/wp\/v2\/users\/1"}],"replies":[{"embeddable":true,"href":"https:\/\/balatonkeresztur.plebania.hu\/index.php\/wp-json\/wp\/v2\/comments?post=119"}],"version-history":[{"count":10,"href":"https:\/\/balatonkeresztur.plebania.hu\/index.php\/wp-json\/wp\/v2\/posts\/119\/revisions"}],"predecessor-version":[{"id":133,"href":"https:\/\/balatonkeresztur.plebania.hu\/index.php\/wp-json\/wp\/v2\/posts\/119\/revisions\/133"}],"wp:attachment":[{"href":"https:\/\/balatonkeresztur.plebania.hu\/index.php\/wp-json\/wp\/v2\/media?parent=119"}],"wp:term":[{"taxonomy":"category","embeddable":true,"href":"https:\/\/balatonkeresztur.plebania.hu\/index.php\/wp-json\/wp\/v2\/categories?post=119"},{"taxonomy":"post_tag","embeddable":true,"href":"https:\/\/balatonkeresztur.plebania.hu\/index.php\/wp-json\/wp\/v2\/tags?post=119"}],"curies":[{"name":"wp","href":"https:\/\/api.w.org\/{rel}","templated":true}]}}