{"id":1187,"date":"2023-12-31T14:38:42","date_gmt":"2023-12-31T14:38:42","guid":{"rendered":"https:\/\/balatonkeresztur.plebania.hu\/?p=1187"},"modified":"2023-12-31T14:38:42","modified_gmt":"2023-12-31T14:38:42","slug":"szent-ii-janos-pal-papa-gondolatai-a-szent-csalad-unnepere","status":"publish","type":"post","link":"https:\/\/balatonkeresztur.plebania.hu\/index.php\/2023\/12\/31\/szent-ii-janos-pal-papa-gondolatai-a-szent-csalad-unnepere\/","title":{"rendered":"Szent II. J\u00e1nos P\u00e1l p\u00e1pa gondolatai a Szent Csal\u00e1d \u00fcnnep\u00e9re"},"content":{"rendered":"\n<p>\u201eEz a Csal\u00e1d \u2013 amely a f\u00f6ldkereks\u00e9gen egyetlen \u2013 miut\u00e1n megtapasztalta az \u00fcld\u00f6z\u00f6tts\u00e9get \u00e9s a sz\u00e1m\u0171zet\u00e9st, szeg\u00e9ny, n\u00e9vtelen \u00e9s hallgatag \u00e9let\u00e9t Palesztina egy kicsiny v\u00e1ros\u00e1ban \u00e9lte:<\/p>\n\n\n\n<!--more-->\n\n\n\n<p>Istent azonban utol\u00e9rhetetlen m\u00f3don tisztelte. Lehetetlen teh\u00e1t, hogy az \u00f6sszes kereszt\u00e9ny csal\u00e1dokat, s\u0151t a f\u00f6ldkereks\u00e9g \u00f6sszes csal\u00e1djait ne seg\u00edtse abban, hogy mindennapos k\u00f6teless\u00e9geiket teljes\u00edts\u00e9k, elviselj\u00e9k az \u00e9let neh\u00e9zs\u00e9geit, nagylelk\u0171en seg\u00edtsenek m\u00e1sok nyomor\u00fas\u00e1g\u00e1n, s hogy Isten r\u00e1juk vonatkoz\u00f3 terv\u00e9t \u00f6r\u00f6mmel val\u00f3s\u00edts\u00e1k meg. Szent J\u00f3zsef, az \u00bbigaz f\u00e9rfi\u00ab, a f\u00e1radhatatlan munk\u00e1s \u00e9s a r\u00e1b\u00edzott kincsek feddhetetlen \u0151re seg\u00edtse, oltalmazza \u00e9s vil\u00e1gos\u00edtsa meg mindig a csal\u00e1dokat. Sz\u0171z M\u00e1ria, az Egyh\u00e1z Anyja legyen a \u00bbcsal\u00e1di egyh\u00e1z\u00ab Anyja is, \u00e9s az \u0151 anyai oltalma alatt minden kereszt\u00e9ny csal\u00e1d legyen val\u00f3ban \u00bbkicsi Egyh\u00e1z\u00ab, amelyben f\u00f6lragyog \u00e9s megelevenedik Krisztus Egyh\u00e1z\u00e1nak miszt\u00e9riuma. \u0150, az \u00dar szolg\u00e1l\u00f3le\u00e1nya, legyen az Isten akarat\u00e1t al\u00e1zatosan \u00e9s k\u00e9szs\u00e9gesen teljes\u00edt\u0151 l\u00e9lek p\u00e9ldak\u00e9pe. \u0150, a kereszt alatt \u00e1ll\u00f3 f\u00e1jdalmas Anya legyen vel\u00fcnk, hogy csillap\u00edtsa a f\u00e1jdalmakat \u00e9s t\u00f6r\u00f6lje le mindazok k\u00f6nnyeit, akiket csal\u00e1djuk neh\u00e9zs\u00e9gei gy\u00f6t\u00f6rnek. Az \u00dar Krisztus, a mindens\u00e9g Kir\u00e1lya \u00e9s a csal\u00e1dok Kir\u00e1lya, mint K\u00e1n\u00e1ban, legyen jelen minden kereszt\u00e9ny otthonban \u00e9s adjon \u00f6r\u00f6met, nyugalmat \u00e9s er\u0151t. T\u0151le k\u00e9rj\u00fck Kir\u00e1lys\u00e1g\u00e1nak \u00fcnnep\u00e9n, hogy minden csal\u00e1d ismerje f\u00f6l: mit kell tennie az\u00e9rt, hogy elj\u00f6jj\u00f6n az emberek k\u00f6z\u00e9 az \u0151 Orsz\u00e1ga, \u00bbaz igazs\u00e1g \u00e9s \u00e9let, a kegyelem \u00e9s szents\u00e9g, az igazs\u00e1goss\u00e1g \u00e9s szeretet Orsz\u00e1ga\u00ab, amely fel\u00e9 az eg\u00e9sz emberis\u00e9g tart. V\u00e9gezet\u00fcl az \u00dar Krisztusnak, M\u00e1ri\u00e1nak \u00e9s J\u00f3zsefnek aj\u00e1nlunk minden egyes csal\u00e1dot.\u201d<\/p>\n","protected":false},"excerpt":{"rendered":"<p>\u201eEz a Csal\u00e1d \u2013 amely a f\u00f6ldkereks\u00e9gen egyetlen \u2013 miut\u00e1n megtapasztalta az \u00fcld\u00f6z\u00f6tts\u00e9get \u00e9s a sz\u00e1m\u0171zet\u00e9st, szeg\u00e9ny, n\u00e9vtelen \u00e9s hallgatag \u00e9let\u00e9t Palesztina egy kicsiny v\u00e1ros\u00e1ban \u00e9lte:<\/p>\n","protected":false},"author":1,"featured_media":0,"comment_status":"closed","ping_status":"open","sticky":false,"template":"","format":"standard","meta":{"footnotes":""},"categories":[1],"tags":[],"class_list":["post-1187","post","type-post","status-publish","format-standard","hentry","category-egyeb"],"_links":{"self":[{"href":"https:\/\/balatonkeresztur.plebania.hu\/index.php\/wp-json\/wp\/v2\/posts\/1187","targetHints":{"allow":["GET"]}}],"collection":[{"href":"https:\/\/balatonkeresztur.plebania.hu\/index.php\/wp-json\/wp\/v2\/posts"}],"about":[{"href":"https:\/\/balatonkeresztur.plebania.hu\/index.php\/wp-json\/wp\/v2\/types\/post"}],"author":[{"embeddable":true,"href":"https:\/\/balatonkeresztur.plebania.hu\/index.php\/wp-json\/wp\/v2\/users\/1"}],"replies":[{"embeddable":true,"href":"https:\/\/balatonkeresztur.plebania.hu\/index.php\/wp-json\/wp\/v2\/comments?post=1187"}],"version-history":[{"count":1,"href":"https:\/\/balatonkeresztur.plebania.hu\/index.php\/wp-json\/wp\/v2\/posts\/1187\/revisions"}],"predecessor-version":[{"id":1188,"href":"https:\/\/balatonkeresztur.plebania.hu\/index.php\/wp-json\/wp\/v2\/posts\/1187\/revisions\/1188"}],"wp:attachment":[{"href":"https:\/\/balatonkeresztur.plebania.hu\/index.php\/wp-json\/wp\/v2\/media?parent=1187"}],"wp:term":[{"taxonomy":"category","embeddable":true,"href":"https:\/\/balatonkeresztur.plebania.hu\/index.php\/wp-json\/wp\/v2\/categories?post=1187"},{"taxonomy":"post_tag","embeddable":true,"href":"https:\/\/balatonkeresztur.plebania.hu\/index.php\/wp-json\/wp\/v2\/tags?post=1187"}],"curies":[{"name":"wp","href":"https:\/\/api.w.org\/{rel}","templated":true}]}}