{"id":1174,"date":"2023-12-24T21:44:07","date_gmt":"2023-12-24T21:44:07","guid":{"rendered":"https:\/\/balatonkeresztur.plebania.hu\/?p=1174"},"modified":"2023-12-24T21:46:23","modified_gmt":"2023-12-24T21:46:23","slug":"aldott-karacsonyt","status":"publish","type":"post","link":"https:\/\/balatonkeresztur.plebania.hu\/index.php\/2023\/12\/24\/aldott-karacsonyt\/","title":{"rendered":"\u00c1ldott Kar\u00e1csonyt!"},"content":{"rendered":"\n<figure class=\"wp-block-image size-full is-resized\"><a href=\"http:\/\/balatonkeresztur.plebania.hu\/wp-content\/uploads\/2023\/12\/2023karacsony-scaled.jpeg\" target=\"_blank\" rel=\"noreferrer noopener\"><img loading=\"lazy\" decoding=\"async\" width=\"1920\" height=\"2560\" src=\"https:\/\/balatonkeresztur.plebania.hu\/wp-content\/uploads\/2023\/12\/2023karacsony-scaled.jpeg\" alt=\"\" class=\"wp-image-1175\" style=\"width:283px;height:auto\" srcset=\"https:\/\/balatonkeresztur.plebania.hu\/wp-content\/uploads\/2023\/12\/2023karacsony-scaled.jpeg 1920w, https:\/\/balatonkeresztur.plebania.hu\/wp-content\/uploads\/2023\/12\/2023karacsony-768x1024.jpeg 768w, https:\/\/balatonkeresztur.plebania.hu\/wp-content\/uploads\/2023\/12\/2023karacsony-1152x1536.jpeg 1152w, https:\/\/balatonkeresztur.plebania.hu\/wp-content\/uploads\/2023\/12\/2023karacsony-1536x2048.jpeg 1536w, https:\/\/balatonkeresztur.plebania.hu\/wp-content\/uploads\/2023\/12\/2023karacsony-225x300.jpeg 225w\" sizes=\"auto, (max-width: 1920px) 100vw, 1920px\" \/><\/a><\/figure>\n\n\n\n<!--more-->\n\n\n\n<p><strong>Juh\u00e1sz Gyula-Betlehemes \u00e9nek<\/strong><strong><br><\/strong><\/p>\n\n\n\n<p>\u00d3, emberek, gondoljatok ma r\u00e1,<br>Ki Betlehemben sz\u00fcletett ez este<br>A j\u00e1szol alm\u00e1n, kis hajl\u00e9ktalan,<br>Szel\u00edd barmok k\u00f6zt, kedves bambin\u00f3,<br><br>\u00d3, emberek, gondoljatok ma r\u00e1:<br>Hogy anyja az \u00dar szolg\u00e1l\u00f3 le\u00e1nya<br>\u00c9s apja \u00e1cs volt, dolgoz\u00f3 szeg\u00e9ny<br>S az ist\u00e1ll\u00f3ban v\u00e1rt f\u00f6d\u00e9l re\u00e1juk.<br><br>\u00d3, emberek, gondoljatok ma r\u00e1,<br>A betlehemi kisded j\u00e1szol\u00e1ra,<br>Amely f\u00f6l\u00f6tt nagyobb f\u00e9ny t\u00fcnd\u00f6k\u00f6lt,<br>Mint minden v\u00e1rak s kast\u00e9lyok f\u00f6l\u00f6tt.<br><br>\u00d3, emberek, gondoljatok ma r\u00e1,<br>Ki r\u00f3maihoz, barb\u00e1rhoz, zsid\u00f3hoz,<br>A kerek f\u00f6ld mindegyik gyermek\u00e9hez<br>Egy \u00fczenettel j\u00f6tt: Szeressetek!<br><br>\u00d3, emberek, gondoljatok ma r\u00e1!<br><\/p>\n","protected":false},"excerpt":{"rendered":"","protected":false},"author":1,"featured_media":0,"comment_status":"closed","ping_status":"open","sticky":false,"template":"","format":"standard","meta":{"footnotes":""},"categories":[1],"tags":[],"class_list":["post-1174","post","type-post","status-publish","format-standard","hentry","category-egyeb"],"_links":{"self":[{"href":"https:\/\/balatonkeresztur.plebania.hu\/index.php\/wp-json\/wp\/v2\/posts\/1174","targetHints":{"allow":["GET"]}}],"collection":[{"href":"https:\/\/balatonkeresztur.plebania.hu\/index.php\/wp-json\/wp\/v2\/posts"}],"about":[{"href":"https:\/\/balatonkeresztur.plebania.hu\/index.php\/wp-json\/wp\/v2\/types\/post"}],"author":[{"embeddable":true,"href":"https:\/\/balatonkeresztur.plebania.hu\/index.php\/wp-json\/wp\/v2\/users\/1"}],"replies":[{"embeddable":true,"href":"https:\/\/balatonkeresztur.plebania.hu\/index.php\/wp-json\/wp\/v2\/comments?post=1174"}],"version-history":[{"count":4,"href":"https:\/\/balatonkeresztur.plebania.hu\/index.php\/wp-json\/wp\/v2\/posts\/1174\/revisions"}],"predecessor-version":[{"id":1179,"href":"https:\/\/balatonkeresztur.plebania.hu\/index.php\/wp-json\/wp\/v2\/posts\/1174\/revisions\/1179"}],"wp:attachment":[{"href":"https:\/\/balatonkeresztur.plebania.hu\/index.php\/wp-json\/wp\/v2\/media?parent=1174"}],"wp:term":[{"taxonomy":"category","embeddable":true,"href":"https:\/\/balatonkeresztur.plebania.hu\/index.php\/wp-json\/wp\/v2\/categories?post=1174"},{"taxonomy":"post_tag","embeddable":true,"href":"https:\/\/balatonkeresztur.plebania.hu\/index.php\/wp-json\/wp\/v2\/tags?post=1174"}],"curies":[{"name":"wp","href":"https:\/\/api.w.org\/{rel}","templated":true}]}}