{"id":1167,"date":"2023-12-20T09:43:12","date_gmt":"2023-12-20T09:43:12","guid":{"rendered":"https:\/\/balatonkeresztur.plebania.hu\/?p=1167"},"modified":"2024-01-02T18:59:17","modified_gmt":"2024-01-02T18:59:17","slug":"unnepi-miserend-3","status":"publish","type":"post","link":"https:\/\/balatonkeresztur.plebania.hu\/index.php\/2023\/12\/20\/unnepi-miserend-3\/","title":{"rendered":"\u00dcnnepi miserend"},"content":{"rendered":"\n<p><\/p>\n\n\n\n<p>Miserend a Kar\u00e1csonyi \u00fcnnepk\u00f6rben<\/p>\n\n\n\n<!--more-->\n\n\n\n<p>Balatonkereszt\u00far:<br><strong>Dec. 24.\u00a0<\/strong> Advent 4. vas\u00e1rnapja, a szentmise<strong>\u00a09.30<\/strong>kor kezd\u0151dik<br><strong>Szenteste<\/strong>, a szentmise\u00a0<strong>\u00e9jf\u00e9lkor\u00a0<\/strong>kezd\u0151dik, el\u0151tte <strong>23.40-<\/strong>t\u0151l a gyermekek <strong>Betlehemes m\u0171sor<\/strong>a<br><strong>Dec. 25.<\/strong>\u00a0Kar\u00e1csony \u00fcnnepe, a szentmise<strong>\u00a09.30<\/strong>kor kezd\u0151dik<br><strong>Dec. 26.\u00a0<\/strong>Szent Istv\u00e1n diak\u00f3nus \u00fcnnepe, a szentmise <strong>9.30<\/strong>kor kezd\u0151dik<br><strong>Dec. 31.<\/strong>\u00a0Szent Csal\u00e1d Vas\u00e1rnapja egyben a polg\u00e1ri \u00e9v utols\u00f3 napja, a h\u00e1laad\u00f3 szentmise\u00a0<strong>9.30<\/strong>kor kezd\u0151dik<br><strong>Jan. 1.<\/strong>\u00a0Sz\u0171z M\u00e1ria Istenanyas\u00e1ga:\u00a0<strong>16 \u00f3ra<\/strong>kor kezd\u0151dik<\/p>\n\n\n\n<p>Balatonm\u00e1riaf\u00fcrd\u0151:<br><strong>Dec. 25.<\/strong>\u00a0Kar\u00e1csony \u00fcnnepe, a szentmise\u00a0<strong>17 \u00f3ra<\/strong>kor kezd\u0151dik<br><\/p>\n","protected":false},"excerpt":{"rendered":"<p>Miserend a Kar\u00e1csonyi \u00fcnnepk\u00f6rben<\/p>\n","protected":false},"author":1,"featured_media":0,"comment_status":"closed","ping_status":"closed","sticky":false,"template":"","format":"standard","meta":{"footnotes":""},"categories":[1],"tags":[],"class_list":["post-1167","post","type-post","status-publish","format-standard","hentry","category-egyeb"],"_links":{"self":[{"href":"https:\/\/balatonkeresztur.plebania.hu\/index.php\/wp-json\/wp\/v2\/posts\/1167","targetHints":{"allow":["GET"]}}],"collection":[{"href":"https:\/\/balatonkeresztur.plebania.hu\/index.php\/wp-json\/wp\/v2\/posts"}],"about":[{"href":"https:\/\/balatonkeresztur.plebania.hu\/index.php\/wp-json\/wp\/v2\/types\/post"}],"author":[{"embeddable":true,"href":"https:\/\/balatonkeresztur.plebania.hu\/index.php\/wp-json\/wp\/v2\/users\/1"}],"replies":[{"embeddable":true,"href":"https:\/\/balatonkeresztur.plebania.hu\/index.php\/wp-json\/wp\/v2\/comments?post=1167"}],"version-history":[{"count":1,"href":"https:\/\/balatonkeresztur.plebania.hu\/index.php\/wp-json\/wp\/v2\/posts\/1167\/revisions"}],"predecessor-version":[{"id":1168,"href":"https:\/\/balatonkeresztur.plebania.hu\/index.php\/wp-json\/wp\/v2\/posts\/1167\/revisions\/1168"}],"wp:attachment":[{"href":"https:\/\/balatonkeresztur.plebania.hu\/index.php\/wp-json\/wp\/v2\/media?parent=1167"}],"wp:term":[{"taxonomy":"category","embeddable":true,"href":"https:\/\/balatonkeresztur.plebania.hu\/index.php\/wp-json\/wp\/v2\/categories?post=1167"},{"taxonomy":"post_tag","embeddable":true,"href":"https:\/\/balatonkeresztur.plebania.hu\/index.php\/wp-json\/wp\/v2\/tags?post=1167"}],"curies":[{"name":"wp","href":"https:\/\/api.w.org\/{rel}","templated":true}]}}