{"id":1163,"date":"2023-12-17T06:31:14","date_gmt":"2023-12-17T06:31:14","guid":{"rendered":"https:\/\/balatonkeresztur.plebania.hu\/?p=1163"},"modified":"2023-12-17T10:41:47","modified_gmt":"2023-12-17T10:41:47","slug":"advent-3-vasarnapja-4","status":"publish","type":"post","link":"https:\/\/balatonkeresztur.plebania.hu\/index.php\/2023\/12\/17\/advent-3-vasarnapja-4\/","title":{"rendered":"Advent 3. vas\u00e1rnapja"},"content":{"rendered":"\n<p class=\"has-text-align-center\"><strong>Dsida Jen\u0151: K\u00f6zeleg az emberfia<\/strong><\/p>\n\n\n\n<!--more-->\n\n\n\n<p class=\"has-text-align-center\">Tudom, hogy k\u00f6zeleg m\u00e1r a j\u00f3 ember fia,<br>aki nem t\u0151lem \u00e9s nem t\u0151led kap \u00e9letet.<br>N\u00e9h\u00e1ny p\u00e1sztornak, akik sohasem \u00f6ltek<br>nyulat, nem hordoznak ember\u00f6l\u0151<br>szersz\u00e1mot, megjelenik az angyal \u00e9s<br>megjelenik a csillag \u00e9s tele lesz dallal<br>a decemberi hegyoldal. Csak r\u00e1n\u00e9z\u00fcnk a kisdedre<br>\u00e9s tudni fogjuk, hogy \u0150 az.<br>Elj\u00f6nnek az ac\u00e9ltr\u00f6szt\u00f6k fejedelmei,<br>a petroleumb\u00e1ny\u00e1k frakkos cs\u00e1sz\u00e1rai<br>s k\u00f6nnyel a szem\u00fckben let\u00e9rdelnek el\u00e9.<br>Mert \u0150 lesz, akinek legtiszt\u00e1bb k\u00e9k a szeme,<br>leger\u0151sebb l\u00e9szen a karja \u00e9s szelid arc\u00e1r\u00f3l ragyog<br>az \u00f6r\u00f6k \u00e9pit\u0151k ac\u00e9los vid\u00e1ms\u00e1ga.<br>\u0150 megmutatja minden v\u00e1ndornak az \u00fatat,<br>minden t\u00f6preng\u0151nek az igazs\u00e1got, minden<br>haldokl\u00f3nak az \u00e9letet. \u0150 megmagyar\u00e1zza<br>nek\u00fcnk a g\u00e9pek dal\u00e1nak igazi \u00e9rtelm\u00e9t,<br>megmagyar\u00e1zza \u00e9s meg\u00e1ldja a f\u00e1radt k\u00f6lt\u0151t<br>legsajg\u00f3bb szavait \u00e9s mosolyogni fog \u00e9s k\u00e9k<br>feh\u00e9r galamb fog \u00fclni a v\u00e1ll\u00e1n k\u00e9tfel\u0151l.<br>\u0150 nem ad orsz\u00e1got nek\u00fcnk, hanem otthont,<br>nem ad fegyvert, hanem kenyeret.<br>Ma m\u00e9g sirunk,<br>mert a mosolyg\u00e1s nem \u00e9n vagyok.<br>Ma m\u00e9g s\u00f6t\u00e9t<br>van, mert nem j\u00f6ttem vil\u00e1goss\u00e1gnak,<br>hanem hogy bizonyoss\u00e1got tegyek a vil\u00e1goss\u00e1gr\u00f3l.<br>M\u00e1r k\u00f6zeledik az \u00e9j, mely sz\u00fcli a Hajnalt.<br>Elj\u00f6n \u0150, minden bizonnyal elj\u00f6n.<\/p>\n\n\n\n<figure class=\"wp-block-image size-full is-resized\"><a href=\"http:\/\/balatonkeresztur.plebania.hu\/wp-content\/uploads\/2023\/12\/2023advent3-scaled.jpeg\" target=\"_blank\" rel=\"noreferrer noopener\"><img loading=\"lazy\" decoding=\"async\" width=\"2560\" height=\"1920\" src=\"http:\/\/balatonkeresztur.plebania.hu\/wp-content\/uploads\/2023\/12\/2023advent3-scaled.jpeg\" alt=\"\" class=\"wp-image-1165\" style=\"width:513px;height:auto\" srcset=\"https:\/\/balatonkeresztur.plebania.hu\/wp-content\/uploads\/2023\/12\/2023advent3-scaled.jpeg 2560w, https:\/\/balatonkeresztur.plebania.hu\/wp-content\/uploads\/2023\/12\/2023advent3-768x576.jpeg 768w, https:\/\/balatonkeresztur.plebania.hu\/wp-content\/uploads\/2023\/12\/2023advent3-1536x1152.jpeg 1536w, https:\/\/balatonkeresztur.plebania.hu\/wp-content\/uploads\/2023\/12\/2023advent3-2048x1536.jpeg 2048w, https:\/\/balatonkeresztur.plebania.hu\/wp-content\/uploads\/2023\/12\/2023advent3-400x300.jpeg 400w\" sizes=\"auto, (max-width: 2560px) 100vw, 2560px\" \/><\/a><\/figure>\n","protected":false},"excerpt":{"rendered":"<p>Dsida Jen\u0151: K\u00f6zeleg az emberfia<\/p>\n","protected":false},"author":1,"featured_media":0,"comment_status":"closed","ping_status":"open","sticky":false,"template":"","format":"standard","meta":{"footnotes":""},"categories":[1],"tags":[],"class_list":["post-1163","post","type-post","status-publish","format-standard","hentry","category-egyeb"],"_links":{"self":[{"href":"https:\/\/balatonkeresztur.plebania.hu\/index.php\/wp-json\/wp\/v2\/posts\/1163","targetHints":{"allow":["GET"]}}],"collection":[{"href":"https:\/\/balatonkeresztur.plebania.hu\/index.php\/wp-json\/wp\/v2\/posts"}],"about":[{"href":"https:\/\/balatonkeresztur.plebania.hu\/index.php\/wp-json\/wp\/v2\/types\/post"}],"author":[{"embeddable":true,"href":"https:\/\/balatonkeresztur.plebania.hu\/index.php\/wp-json\/wp\/v2\/users\/1"}],"replies":[{"embeddable":true,"href":"https:\/\/balatonkeresztur.plebania.hu\/index.php\/wp-json\/wp\/v2\/comments?post=1163"}],"version-history":[{"count":2,"href":"https:\/\/balatonkeresztur.plebania.hu\/index.php\/wp-json\/wp\/v2\/posts\/1163\/revisions"}],"predecessor-version":[{"id":1166,"href":"https:\/\/balatonkeresztur.plebania.hu\/index.php\/wp-json\/wp\/v2\/posts\/1163\/revisions\/1166"}],"wp:attachment":[{"href":"https:\/\/balatonkeresztur.plebania.hu\/index.php\/wp-json\/wp\/v2\/media?parent=1163"}],"wp:term":[{"taxonomy":"category","embeddable":true,"href":"https:\/\/balatonkeresztur.plebania.hu\/index.php\/wp-json\/wp\/v2\/categories?post=1163"},{"taxonomy":"post_tag","embeddable":true,"href":"https:\/\/balatonkeresztur.plebania.hu\/index.php\/wp-json\/wp\/v2\/tags?post=1163"}],"curies":[{"name":"wp","href":"https:\/\/api.w.org\/{rel}","templated":true}]}}