{"id":1157,"date":"2023-12-09T16:05:03","date_gmt":"2023-12-09T16:05:03","guid":{"rendered":"https:\/\/balatonkeresztur.plebania.hu\/?p=1157"},"modified":"2023-12-10T14:28:04","modified_gmt":"2023-12-10T14:28:04","slug":"advent-2-vasarnapja-4","status":"publish","type":"post","link":"https:\/\/balatonkeresztur.plebania.hu\/index.php\/2023\/12\/09\/advent-2-vasarnapja-4\/","title":{"rendered":"Advent 2.vas\u00e1rnapja"},"content":{"rendered":"\n<p class=\"has-text-align-center\"><strong>Luk\u00e1tsi Vilma \u2013 Ha szembe j\u00f6n<\/strong><\/p>\n\n\n\n<!--more-->\n\n\n\n<p class=\"has-text-align-center\">\u00c1dvent idej\u00e9n szembe j\u00f6n vel\u00fcnk<br>f\u00f6ldi v\u00e1ndornak \u00f6lt\u00f6z\u00f6tten<br>\u00fcnnep-v\u00e1r\u00e1sunk orsz\u00e1g\u00fatj\u00e1n,<br>l\u00e9lek-terhel\u0151 nagy k\u00f6d\u00f6kben\u2026<\/p>\n\n\n\n<p class=\"has-text-align-center\">Gyertya kell! \u2013 \u00c9g\u0151, tiszta l\u00e1ng\u00fa,<br>sz\u00edv-diderget\u0151 \u00e9jszak\u00e1ba,<br>hogy meg ne csalja virraszt\u00e1sunk<br>neon-rekl\u00e1mok tarkas\u00e1ga.<\/p>\n\n\n\n<p class=\"has-text-align-center\">Gyertya kell! \u2013 \u00c9g\u0151, szel\u00edd l\u00e1ng\u00fa,<br>\u00e9s k\u00e9z, amely magasra tartja,<br>\u00e9s\u2026 egy m\u00e1sik aki seg\u00edtsen,<br>ha annak elf\u00e1rad a karja!<\/p>\n\n\n\n<p class=\"has-text-align-center\">Gyertya kell! \u2013 Sok kis \u00e9g\u0151 gyertya,<br>\u00c9s l\u00e1ngokat hordoz\u00f3 kezek,<br>hogy amikor szembe j\u00f6n vel\u00fcnk,<br>el ne ker\u00fclj\u00fck \u0150t, emberek!<\/p>\n\n\n\n<figure class=\"wp-block-image size-full is-resized\"><a href=\"http:\/\/balatonkeresztur.plebania.hu\/wp-content\/uploads\/2023\/12\/2023advent2-scaled.jpeg\" target=\"_blank\" rel=\"noreferrer noopener\"><img loading=\"lazy\" decoding=\"async\" width=\"2560\" height=\"1920\" src=\"http:\/\/balatonkeresztur.plebania.hu\/wp-content\/uploads\/2023\/12\/2023advent2-scaled.jpeg\" alt=\"\" class=\"wp-image-1160\" style=\"width:507px;height:auto\" srcset=\"https:\/\/balatonkeresztur.plebania.hu\/wp-content\/uploads\/2023\/12\/2023advent2-scaled.jpeg 2560w, https:\/\/balatonkeresztur.plebania.hu\/wp-content\/uploads\/2023\/12\/2023advent2-768x576.jpeg 768w, https:\/\/balatonkeresztur.plebania.hu\/wp-content\/uploads\/2023\/12\/2023advent2-1536x1152.jpeg 1536w, https:\/\/balatonkeresztur.plebania.hu\/wp-content\/uploads\/2023\/12\/2023advent2-2048x1536.jpeg 2048w, https:\/\/balatonkeresztur.plebania.hu\/wp-content\/uploads\/2023\/12\/2023advent2-400x300.jpeg 400w\" sizes=\"auto, (max-width: 2560px) 100vw, 2560px\" \/><\/a><\/figure>\n","protected":false},"excerpt":{"rendered":"<p>Luk\u00e1tsi Vilma \u2013 Ha szembe j\u00f6n<\/p>\n","protected":false},"author":1,"featured_media":0,"comment_status":"closed","ping_status":"open","sticky":false,"template":"","format":"standard","meta":{"footnotes":""},"categories":[1],"tags":[],"class_list":["post-1157","post","type-post","status-publish","format-standard","hentry","category-egyeb"],"_links":{"self":[{"href":"https:\/\/balatonkeresztur.plebania.hu\/index.php\/wp-json\/wp\/v2\/posts\/1157","targetHints":{"allow":["GET"]}}],"collection":[{"href":"https:\/\/balatonkeresztur.plebania.hu\/index.php\/wp-json\/wp\/v2\/posts"}],"about":[{"href":"https:\/\/balatonkeresztur.plebania.hu\/index.php\/wp-json\/wp\/v2\/types\/post"}],"author":[{"embeddable":true,"href":"https:\/\/balatonkeresztur.plebania.hu\/index.php\/wp-json\/wp\/v2\/users\/1"}],"replies":[{"embeddable":true,"href":"https:\/\/balatonkeresztur.plebania.hu\/index.php\/wp-json\/wp\/v2\/comments?post=1157"}],"version-history":[{"count":3,"href":"https:\/\/balatonkeresztur.plebania.hu\/index.php\/wp-json\/wp\/v2\/posts\/1157\/revisions"}],"predecessor-version":[{"id":1161,"href":"https:\/\/balatonkeresztur.plebania.hu\/index.php\/wp-json\/wp\/v2\/posts\/1157\/revisions\/1161"}],"wp:attachment":[{"href":"https:\/\/balatonkeresztur.plebania.hu\/index.php\/wp-json\/wp\/v2\/media?parent=1157"}],"wp:term":[{"taxonomy":"category","embeddable":true,"href":"https:\/\/balatonkeresztur.plebania.hu\/index.php\/wp-json\/wp\/v2\/categories?post=1157"},{"taxonomy":"post_tag","embeddable":true,"href":"https:\/\/balatonkeresztur.plebania.hu\/index.php\/wp-json\/wp\/v2\/tags?post=1157"}],"curies":[{"name":"wp","href":"https:\/\/api.w.org\/{rel}","templated":true}]}}