{"id":1151,"date":"2023-12-03T05:13:47","date_gmt":"2023-12-03T05:13:47","guid":{"rendered":"https:\/\/balatonkeresztur.plebania.hu\/?p=1151"},"modified":"2023-12-03T13:54:13","modified_gmt":"2023-12-03T13:54:13","slug":"advent-1-vasarnapja-4","status":"publish","type":"post","link":"https:\/\/balatonkeresztur.plebania.hu\/index.php\/2023\/12\/03\/advent-1-vasarnapja-4\/","title":{"rendered":"Advent 1. vas\u00e1rnapja"},"content":{"rendered":"\n<p><em><strong>Pilinszky J\u00e1nos: <\/strong><\/em><strong>Advent: a v\u00e1rakoz\u00e1s megszentel\u00e9se<\/strong><\/p>\n\n\n\n<p>Rokona annak a gy\u00f6ny\u00f6r\u0171 gondolatnak, hogy \u201emeg kell tanulnunk v\u00e1gyakozni az ut\u00e1n, ami a mi\u00e9nk\u201d.<\/p>\n\n\n\n<!--more-->\n\n\n\n<p>Gyermekkorunkban \u00e9lt\u00fcnk \u00edgy. V\u00e1gyakoztunk arra \u2013 ami biztosan megj\u00f6tt. T\u00e9len: az els\u0151 h\u00f3es\u00e9sre. \u00c9s v\u00e1rakoz\u00e1sunk ett\u0151l semmivel sem volt kisebb, er\u0151tlenebb. Ellenkez\u0151leg: nincs nagyobb kaland, mint haza\u00e9rkezni, hazatal\u00e1lni \u2013 beteljes\u00edteni \u00e9s f\u00f6lfedezni azt, ami a mi\u00e9nk. \u00c9s nincs gyeng\u00e9bb \u00e9s \u201ejogosabb\u201d birtokl\u00e1s se, mint szeretn\u00fcnk azt, akit szeret\u00fcnk \u00e9s aki szeret minket. Csak a szeretetben, csak az ismer\u0151sben sz\u00fclethet val\u00f3di \u201emeglepet\u00e9s\u201d, lehets\u00e9ges v\u00e9ge\u00e9rhetetlen\u00fcl v\u00e1rakoznunk \u00e9s meg\u00e9rkezn\u00fcnk, szakadatlanul utaznunk \u00e9s szakadatlanul hazatal\u00e1lnunk.<br>Minden egy\u00e9b kaland, minden egy\u00e9b megismer\u00e9s \u00e9s minden egy\u00e9b v\u00e1rakoz\u00e1s v\u00e9ges \u00e9s k\u00e9rd\u00e9ses. \u00cdgy \u00e9rtem azt, hogy a Kar\u00e1csony a szeretet \u00e9s advent a v\u00e1rakoz\u00e1s megszentel\u00e9se.<br>Az a gyerek, aki az els\u0151 h\u00f3es\u00e9sre v\u00e1r \u2013 j\u00f3l v\u00e1rakozik, s m\u00e1r v\u00e1rakoz\u00e1sa is fel\u00e9r egy hossz\u00fa-hossz\u00fa h\u00f3es\u00e9ssel. Az, aki hazak\u00e9sz\u00fcl, m\u00e1r k\u00e9sz\u00fcl\u0151d\u00e9s\u00e9ben otthon van.<br>Az, aki szeretni tudja azt, ami az \u00f6v\u00e9 \u2013 szabad, \u00e9s mentes a birtokl\u00e1s minden g\u00f6rcs\u00e9t\u0151l, kiel\u00e9g\u00edthetetlen \u00e9h\u00e9t\u0151l-szomj\u00e1t\u00f3l. Aki pedig j\u00f3l v\u00e1rakozik, az id\u0151b\u0151l \u00e9pp azt v\u00e1ltja meg, ami a legg\u00e9piesebb \u00e9s legelviselhetetlenebb: a hetek, \u00f3r\u00e1k, percek kattog\u00f3, szenvtelen vonul\u00e1s\u00e1t. Aki val\u00f3ban tud v\u00e1rni, abban megsz\u00fcletik az a m\u00e9lys\u00e9ges t\u00fcrelem, amely sz\u00e9ps\u00e9g\u00e9ben \u00e9s jelent\u00e9s\u00e9ben semmivel se kevesebb ann\u00e1l, amire v\u00e1r.<\/p>\n\n\n\n<figure class=\"wp-block-image size-full is-resized\"><a href=\"http:\/\/balatonkeresztur.plebania.hu\/wp-content\/uploads\/2023\/12\/1gyertya-scaled.jpeg\" target=\"_blank\" rel=\"noreferrer noopener\"><img loading=\"lazy\" decoding=\"async\" width=\"2560\" height=\"1440\" src=\"http:\/\/balatonkeresztur.plebania.hu\/wp-content\/uploads\/2023\/12\/1gyertya-scaled.jpeg\" alt=\"\" class=\"wp-image-1153\" style=\"width:508px;height:auto\" srcset=\"https:\/\/balatonkeresztur.plebania.hu\/wp-content\/uploads\/2023\/12\/1gyertya-scaled.jpeg 2560w, https:\/\/balatonkeresztur.plebania.hu\/wp-content\/uploads\/2023\/12\/1gyertya-768x432.jpeg 768w, https:\/\/balatonkeresztur.plebania.hu\/wp-content\/uploads\/2023\/12\/1gyertya-1536x864.jpeg 1536w, https:\/\/balatonkeresztur.plebania.hu\/wp-content\/uploads\/2023\/12\/1gyertya-2048x1152.jpeg 2048w, https:\/\/balatonkeresztur.plebania.hu\/wp-content\/uploads\/2023\/12\/1gyertya-500x281.jpeg 500w\" sizes=\"auto, (max-width: 2560px) 100vw, 2560px\" \/><\/a><\/figure>\n\n\n\n<ol class=\"wp-block-list\">\n<li>gyertya meggy\u00fajt\u00e1sa<\/li>\n<\/ol>\n","protected":false},"excerpt":{"rendered":"<p>Pilinszky J\u00e1nos: Advent: a v\u00e1rakoz\u00e1s megszentel\u00e9se Rokona annak a gy\u00f6ny\u00f6r\u0171 gondolatnak, hogy \u201emeg kell tanulnunk v\u00e1gyakozni az ut\u00e1n, ami a mi\u00e9nk\u201d.<\/p>\n","protected":false},"author":1,"featured_media":0,"comment_status":"closed","ping_status":"open","sticky":false,"template":"","format":"standard","meta":{"footnotes":""},"categories":[1],"tags":[],"class_list":["post-1151","post","type-post","status-publish","format-standard","hentry","category-egyeb"],"_links":{"self":[{"href":"https:\/\/balatonkeresztur.plebania.hu\/index.php\/wp-json\/wp\/v2\/posts\/1151","targetHints":{"allow":["GET"]}}],"collection":[{"href":"https:\/\/balatonkeresztur.plebania.hu\/index.php\/wp-json\/wp\/v2\/posts"}],"about":[{"href":"https:\/\/balatonkeresztur.plebania.hu\/index.php\/wp-json\/wp\/v2\/types\/post"}],"author":[{"embeddable":true,"href":"https:\/\/balatonkeresztur.plebania.hu\/index.php\/wp-json\/wp\/v2\/users\/1"}],"replies":[{"embeddable":true,"href":"https:\/\/balatonkeresztur.plebania.hu\/index.php\/wp-json\/wp\/v2\/comments?post=1151"}],"version-history":[{"count":4,"href":"https:\/\/balatonkeresztur.plebania.hu\/index.php\/wp-json\/wp\/v2\/posts\/1151\/revisions"}],"predecessor-version":[{"id":1156,"href":"https:\/\/balatonkeresztur.plebania.hu\/index.php\/wp-json\/wp\/v2\/posts\/1151\/revisions\/1156"}],"wp:attachment":[{"href":"https:\/\/balatonkeresztur.plebania.hu\/index.php\/wp-json\/wp\/v2\/media?parent=1151"}],"wp:term":[{"taxonomy":"category","embeddable":true,"href":"https:\/\/balatonkeresztur.plebania.hu\/index.php\/wp-json\/wp\/v2\/categories?post=1151"},{"taxonomy":"post_tag","embeddable":true,"href":"https:\/\/balatonkeresztur.plebania.hu\/index.php\/wp-json\/wp\/v2\/tags?post=1151"}],"curies":[{"name":"wp","href":"https:\/\/api.w.org\/{rel}","templated":true}]}}