{"id":1138,"date":"2023-11-26T06:39:04","date_gmt":"2023-11-26T06:39:04","guid":{"rendered":"https:\/\/balatonkeresztur.plebania.hu\/?p=1138"},"modified":"2023-11-26T06:43:07","modified_gmt":"2023-11-26T06:43:07","slug":"karacsonyi-gyujtes","status":"publish","type":"post","link":"https:\/\/balatonkeresztur.plebania.hu\/index.php\/2023\/11\/26\/karacsonyi-gyujtes\/","title":{"rendered":"Kar\u00e1csonyi gy\u0171jt\u00e9s"},"content":{"rendered":"\n<p>Kedves adom\u00e1nyoz\u00f3k!<\/p>\n\n\n\n<p>A balatonkereszt\u00fari karit\u00e1sz csoport 2023 kar\u00e1csony\u00e1nak megk\u00f6nny\u00edt\u00e9s\u00e9re ism\u00e9t \u00e9lelmiszer-h\u00e1ztart\u00e1si cikk adom\u00e1ny gy\u0171jt\u00e9st szervez.<\/p>\n\n\n\n<!--more-->\n\n\n\n<p>Szeretn\u00e9nk, ha az adom\u00e1nyoz\u00f3k egy kis id\u0151t sz\u00e1nn\u00e1nak vel\u00fcnk egy k\u00f6tetlen besz\u00e9lget\u00e9sre tead\u00e9lut\u00e1n keret\u00e9ben a Szent Istv\u00e1n H\u00e1zban, ahol s\u00fctivel, k\u00e1v\u00e9val, forr\u00f3 csokival, te\u00e1val vend\u00e9gelj\u00fck meg az \u00e9rkez\u0151ket.<\/p>\n\n\n\n<p>Az adom\u00e1nygy\u0171jt\u00e9s \u00e9s besz\u00e9lget\u00e9s id\u0151pontja:<strong>2023.december 2. szombat 14.00-15.00<\/strong> \u00f3ra k\u00f6z\u00f6tt lesz.<\/p>\n\n\n\n<p>Ezen a napon k\u00edv\u00fcl adom\u00e1ny lead\u00e1s\u00e1ra 2023. <strong>december 3-\u00e1n<\/strong> a szentmise el\u0151tt is lehet\u0151s\u00e9g lesz <strong>9.00-9.20 <\/strong>\u00f3ra k\u00f6z\u00f6tt, amelyet szint\u00e9n a Szent Istv\u00e1n H\u00e1zban v\u00e1runk.<\/p>\n\n\n\n<p>Minden tart\u00f3s \u00e9lelmiszert \u00e9s h\u00e1ztart\u00e1si cikket sz\u00edvesen fogadunk.<\/p>\n\n\n\n<p>Seg\u00edts\u00e9g\u00fcket el\u0151re is k\u00f6sz\u00f6nj\u00fck.<\/p>\n\n\n\n<p>&nbsp; &nbsp; &nbsp; &nbsp; &nbsp; &nbsp; &nbsp; &nbsp; &nbsp; &nbsp; &nbsp; &nbsp; &nbsp; &nbsp; &nbsp; &nbsp; &nbsp; &nbsp; &nbsp; &nbsp; &nbsp; &nbsp;Karit\u00e1sz csoport<\/p>\n","protected":false},"excerpt":{"rendered":"<p>Kedves adom\u00e1nyoz\u00f3k! A balatonkereszt\u00fari karit\u00e1sz csoport 2023 kar\u00e1csony\u00e1nak megk\u00f6nny\u00edt\u00e9s\u00e9re ism\u00e9t \u00e9lelmiszer-h\u00e1ztart\u00e1si cikk adom\u00e1ny gy\u0171jt\u00e9st szervez.<\/p>\n","protected":false},"author":1,"featured_media":0,"comment_status":"closed","ping_status":"open","sticky":false,"template":"","format":"standard","meta":{"footnotes":""},"categories":[1],"tags":[],"class_list":["post-1138","post","type-post","status-publish","format-standard","hentry","category-egyeb"],"_links":{"self":[{"href":"https:\/\/balatonkeresztur.plebania.hu\/index.php\/wp-json\/wp\/v2\/posts\/1138","targetHints":{"allow":["GET"]}}],"collection":[{"href":"https:\/\/balatonkeresztur.plebania.hu\/index.php\/wp-json\/wp\/v2\/posts"}],"about":[{"href":"https:\/\/balatonkeresztur.plebania.hu\/index.php\/wp-json\/wp\/v2\/types\/post"}],"author":[{"embeddable":true,"href":"https:\/\/balatonkeresztur.plebania.hu\/index.php\/wp-json\/wp\/v2\/users\/1"}],"replies":[{"embeddable":true,"href":"https:\/\/balatonkeresztur.plebania.hu\/index.php\/wp-json\/wp\/v2\/comments?post=1138"}],"version-history":[{"count":3,"href":"https:\/\/balatonkeresztur.plebania.hu\/index.php\/wp-json\/wp\/v2\/posts\/1138\/revisions"}],"predecessor-version":[{"id":1141,"href":"https:\/\/balatonkeresztur.plebania.hu\/index.php\/wp-json\/wp\/v2\/posts\/1138\/revisions\/1141"}],"wp:attachment":[{"href":"https:\/\/balatonkeresztur.plebania.hu\/index.php\/wp-json\/wp\/v2\/media?parent=1138"}],"wp:term":[{"taxonomy":"category","embeddable":true,"href":"https:\/\/balatonkeresztur.plebania.hu\/index.php\/wp-json\/wp\/v2\/categories?post=1138"},{"taxonomy":"post_tag","embeddable":true,"href":"https:\/\/balatonkeresztur.plebania.hu\/index.php\/wp-json\/wp\/v2\/tags?post=1138"}],"curies":[{"name":"wp","href":"https:\/\/api.w.org\/{rel}","templated":true}]}}