{"id":113,"date":"2018-10-14T18:13:55","date_gmt":"2018-10-14T18:13:55","guid":{"rendered":"http:\/\/balatonkeresztur.plebania.hu\/?p=113"},"modified":"2018-10-15T05:58:49","modified_gmt":"2018-10-15T05:58:49","slug":"latogatas-veszprembe","status":"publish","type":"post","link":"https:\/\/balatonkeresztur.plebania.hu\/index.php\/2018\/10\/14\/latogatas-veszprembe\/","title":{"rendered":"L\u00e1togat\u00e1s Veszpr\u00e9mbe"},"content":{"rendered":"<p>A mai napon van Dr. Szemes J\u00f3zsef ap\u00e1t \u00far hal\u00e1l\u00e1nak 21. \u00e9vfordul\u00f3ja.<!--more--><\/p>\n<p>Ez alkalomb\u00f3l Veszpr\u00e9mbe zar\u00e1ndokoltunk a Szent Margit templomba, ahol ap\u00e1t \u00far s\u00edrja tal\u00e1lhat\u00f3. A templom oldalk\u00e1poln\u00e1j\u00e1ban &#8211; ahol id\u0151k\u00f6zben kider\u00fclt, hogy ap\u00e1t \u00far lakott is &#8211; szentmis\u00e9t mondtunk \u00e9rte, amiben megeml\u00e9kezt\u00fcnk r\u00f3la n\u00e9h\u00e1ny t\u00f6rt\u00e9net seg\u00edts\u00e9g\u00e9vel, majd az altemplomban polg\u00e1rmester \u00far eml\u00e9kez\u0151 szavai ut\u00e1n a s\u00edrj\u00e1n\u00e1l koszor\u00fat helyezt\u00fcnk el \u00e9s im\u00e1dkoztunk \u00e9rte.<\/p>\n<p>Annak idej\u00e9n II.J\u00e1nos P\u00e1l p\u00e1pa a k\u00f6vetkez\u0151 t\u00e1viratot k\u00fcldte Bal\u00e1s B\u00e9la, kaposv\u00e1ri p\u00fcsp\u00f6knek, a balatonkereszt\u00fari h\u00edveknek, a kaposv\u00e1ri \u00e9s a veszpr\u00e9mi egyh\u00e1zmegye paps\u00e1g\u00e1nak:<\/p>\n<p>&#8222;A Szentatya f\u00e1jdalommal \u00e9rtes\u00fclt f\u0151tisztelend\u0151 Dr. Szemes J\u00f3zsef p\u00e1pai k\u00e1pl\u00e1n, somogyv\u00e1ri c. ap\u00e1t, balatonkereszt\u00fari pl\u00e9b\u00e1nos er\u0151szakos hal\u00e1l\u00e1r\u00f3l. Az elhunyt a veszpr\u00e9mi, majd a kaposv\u00e1ri egyh\u00e1zmegye h\u0171 \u00e9s der\u00e9k papja volt hossz\u00fa \u00e9s munk\u00e1s \u00e9lete sor\u00e1n. Amikor II. J\u00e1nos P\u00e1l p\u00e1pa kondole\u00e1l \u00d6nnek, kedves P\u00fcsp\u00f6k \u00dar, mindk\u00e9t egyh\u00e1zmegye paps\u00e1g\u00e1nak \u00e9s a balatonkereszt\u00fari h\u00edveknek, az elhunyt lelki \u00fcdv\u00e9\u00e9rt \u00e9s lelk\u00e9nek \u00f6r\u00f6k nyugodalm\u00e1\u00e9rt im\u00e1dkozik az \u00darhoz, k\u00e9rve \u0151t, adja meg a kereszt\u00e9ny rem\u00e9ny er\u0151ss\u00e9g\u00e9t Mindny\u00e1juknak \u00e9s a felt\u00e1mad\u00e1s hit\u00e9ben sz\u00edvb\u0151l k\u00fcldi apostoli \u00e1ld\u00e1s\u00e1t.&#8221; MK<\/p>\n<p><a href=\"https:\/\/archiv.katolikus.hu\/news\/971022.html\" target=\"_blank\" rel=\"noopener\">forr\u00e1s<\/a><\/p>\n<p>k\u00e9pek <a href=\"https:\/\/photos.app.goo.gl\/JG3hBPbEdCZFrfqs8\" target=\"_blank\" rel=\"noopener\">itt<\/a> tal\u00e1lhat\u00f3k<\/p>\n","protected":false},"excerpt":{"rendered":"<p>A mai napon van Dr. Szemes J\u00f3zsef ap\u00e1t \u00far hal\u00e1l\u00e1nak 21. \u00e9vfordul\u00f3ja.<\/p>\n","protected":false},"author":1,"featured_media":0,"comment_status":"closed","ping_status":"open","sticky":false,"template":"","format":"standard","meta":{"footnotes":""},"categories":[1],"tags":[],"class_list":["post-113","post","type-post","status-publish","format-standard","hentry","category-egyeb"],"_links":{"self":[{"href":"https:\/\/balatonkeresztur.plebania.hu\/index.php\/wp-json\/wp\/v2\/posts\/113","targetHints":{"allow":["GET"]}}],"collection":[{"href":"https:\/\/balatonkeresztur.plebania.hu\/index.php\/wp-json\/wp\/v2\/posts"}],"about":[{"href":"https:\/\/balatonkeresztur.plebania.hu\/index.php\/wp-json\/wp\/v2\/types\/post"}],"author":[{"embeddable":true,"href":"https:\/\/balatonkeresztur.plebania.hu\/index.php\/wp-json\/wp\/v2\/users\/1"}],"replies":[{"embeddable":true,"href":"https:\/\/balatonkeresztur.plebania.hu\/index.php\/wp-json\/wp\/v2\/comments?post=113"}],"version-history":[{"count":4,"href":"https:\/\/balatonkeresztur.plebania.hu\/index.php\/wp-json\/wp\/v2\/posts\/113\/revisions"}],"predecessor-version":[{"id":118,"href":"https:\/\/balatonkeresztur.plebania.hu\/index.php\/wp-json\/wp\/v2\/posts\/113\/revisions\/118"}],"wp:attachment":[{"href":"https:\/\/balatonkeresztur.plebania.hu\/index.php\/wp-json\/wp\/v2\/media?parent=113"}],"wp:term":[{"taxonomy":"category","embeddable":true,"href":"https:\/\/balatonkeresztur.plebania.hu\/index.php\/wp-json\/wp\/v2\/categories?post=113"},{"taxonomy":"post_tag","embeddable":true,"href":"https:\/\/balatonkeresztur.plebania.hu\/index.php\/wp-json\/wp\/v2\/tags?post=113"}],"curies":[{"name":"wp","href":"https:\/\/api.w.org\/{rel}","templated":true}]}}