{"id":1122,"date":"2023-11-14T14:42:41","date_gmt":"2023-11-14T14:42:41","guid":{"rendered":"https:\/\/balatonkeresztur.plebania.hu\/?p=1122"},"modified":"2023-11-15T08:21:17","modified_gmt":"2023-11-15T08:21:17","slug":"zarandokuton-voltunk","status":"publish","type":"post","link":"https:\/\/balatonkeresztur.plebania.hu\/index.php\/2023\/11\/14\/zarandokuton-voltunk\/","title":{"rendered":"Zar\u00e1ndok\u00faton voltunk"},"content":{"rendered":"\n<p><strong>A templom \u00e9nekkara Zsolt pl\u00e9b\u00e1nos aty\u00e1nk vezet\u00e9s\u00e9vel R\u00f3zsaf\u0171z\u00e9r Kir\u00e1lyn\u00e9ja h\u00f3napban okt\u00f3ber 28-\u00e1n<\/strong> <em>&#8211; Szent J\u00fad\u00e1s Taddeus &#8211; T\u00e1d\u00e9 apostol \u00fcnnep\u00e9n, (aki rokona volt J\u00e9zusnak) &#8211;<\/em> &nbsp;<strong>\u201eOltalmad al\u00e1 futunk Istennek Szent Anyja\u201d &nbsp;foh\u00e1sszal a lelk\u00fcnkben indultunk \u00fatra Csatk\u00e1ra.<\/strong><\/p>\n\n\n\n<!--more-->\n\n\n\n<p>Meg\u00e9rkezve a Kegyhelyre pl\u00e9b\u00e1nos atya \u00e9s a kegyhely gondnoka szeretettel fogadott benn\u00fcnket. Tartalmasan ismertett\u00e9k a Kegyhely k\u00e9t k\u00e1poln\u00e1j\u00e1nak \u00e9s a Szentk\u00fatnak t\u00f6rt\u00e9net\u00e9t \u00e9s aj\u00e1nd\u00e9k kegyt\u00e1rggyal kedveskedtek. Az Irgalmass\u00e1g Anyja k\u00e1polna a csoda t\u00f6rt\u00e9n\u00e9s hely\u00e9n \u00e9p\u00fclt. &nbsp;A kegyszobor a k\u00e1poln\u00e1ban \u00e1ll, \u00f6lt\u00f6ztet\u0151s M\u00e1ri\u00e1nak h\u00edvj\u00e1k, kb 150 \u00f6lt\u00f6ztet\u0151s ruh\u00e1ja van, az \u00e9v meghat\u00e1rozott napjain v\u00e1ltozatos ruh\u00e1kban \u00f6lt\u00f6ztetik. F\u0151 b\u00facs\u00faja szeptember 8-\u00e1n Kisboldogasszony \u00fcnnep\u00e9n van. A kegyk\u00e1poln\u00e1ban t\u00f6rt\u00e9nt ima meghallgat\u00e1sok, csod\u00e1s gy\u00f3gyul\u00e1sok eml\u00e9kei a falakon elhelyezett h\u00e1lat\u00e1bl\u00e1k. A kegyhelyen remet\u00e9k \u00e9ltek, eml\u00e9k\u00fcket eml\u00e9kt\u00e1bl\u00e1k \u0151rzik.<br>A m\u00e1sik k\u00e1poln\u00e1t a magyarorsz\u00e1gi rom\u00e1k \u00e9p\u00edtett\u00e9k a h\u00edres csatkai Kereszt\u00fcknek, amelyet az els\u0151 vatik\u00e1ni zar\u00e1ndoklatukra magukkal vittek. A fakeresztet el\u0151sz\u00f6r Szent II. J\u00e1nos P\u00e1l p\u00e1pa r\u00e9szes\u00edtette apostoli \u00e1ld\u00e1sban, majd Ferenc p\u00e1pa is meg\u00e1ldotta. Sajnos ezt a Keresztet nem tudtuk megn\u00e9zni, mivel \u00e9ppen Veszpr\u00e9mben volt. A csatkai Kegyhely a cig\u00e1nys\u00e1g f\u0151 zar\u00e1ndokhely\u00e9v\u00e9 v\u00e1lt.<br>A Kegytemplomban Zsolt pl\u00e9b\u00e1nos aty\u00e1nk szentmis\u00e9t mutatott be, melynek keret\u00e9ben k\u00f6sz\u00f6nt\u00f6tt\u00fck a Sz\u0171zany\u00e1t, \u00e9s k\u00e9r\u00e9seinket az olt\u00e1rra helyezt\u00fck. A szentmise v\u00e9gezt\u00e9vel a Szentk\u00fathoz ment\u00fcnk, melyb\u0151l szinte \u00e1lland\u00f3an folyik a v\u00edz. A b\u00facs\u00fasok szerint a a csatkai Szentk\u00fat forr\u00e1s vize testi-lelki gy\u00f3gyul\u00e1sokra j\u00f3. Kegyelmekkel felt\u00f6lt\u0151dve k\u00f6sz\u00f6nt\u00fcnk el a Sz\u0171zany\u00e1t\u00f3l \u00e9s k\u00e9rt\u00fck anyai t\u00e1mogat\u00e1s\u00e1t.<\/p>\n\n\n\n<p>K\u00f6vetkez\u0151 \u00fatic\u00e9lunk Zirc. Itt k\u00f6z\u00f6s eb\u00e9den vett\u00fcnk r\u00e9szt. Tartalmas idegenvezet\u00e9ssel megtekintett\u00fck a Zirci Ciszterci Ap\u00e1ts\u00e1got, ahol jelenleg 8-11 szerzetes \u00e9l. A ciszterciek f\u0151\u00fcnnepe Szent Bern\u00e1t napja. V\u00e9d\u0151szentj\u00fck Szent Bern\u00e1t, akit nagyhat\u00e1s\u00fa sz\u00f3noklatai\u00e9rt \u201em\u00e9zajk\u00fa doktor\u201d-nak neveztek. A templom az ap\u00e1ts\u00e1g alap\u00edt\u00e1s\u00e1nak 800 \u00e9ves \u00e9vfordul\u00f3j\u00e1n basilica minor c\u00edmet kapott a p\u00e1p\u00e1t\u00f3l. A zirci Bazilika ritka \u00e9rdekess\u00e9ge, hogy k\u00e9t orgon\u00e1ja is van: A nagy orgona \u00e9s a szent\u00e9lyben l\u00e9v\u0151 karorgona. K\u00f3rusunk a templom v\u00e9d\u0151szentj\u00e9nek Nagyboldogasszony tisztelet\u00e9re el\u00e9nekelte a Boldogasszony Any\u00e1nk \u0151si himnuszunkat.<\/p>\n\n\n\n<p>Haza fel\u00e9 indulva Balatonf\u00fcreden megtekintett\u00fck a k\u00e9t torny\u00fa \u201ev\u00f6r\u00f6s\u201d vagy \u201epiros\u201d templomk\u00e9nt emlegetett Krisztus Kir\u00e1ly tisztelet\u00e9re felszentelt r\u00f3mai katolikus templomot. A templom pl\u00e9b\u00e1nosa J\u00e1nos Atya szeretetvend\u00e9gs\u00e9ggel fogadott benn\u00fcnket. Ismertette a templom t\u00f6rt\u00e9net\u00e9t. Olt\u00e1rk\u00e9pe az Utols\u00f3 Vacsor\u00e1t \u00e1br\u00e1zolja. &nbsp;Keresztel\u0151 Szent J\u00e1nos di\u00f3f\u00e1b\u00f3l faragott eml\u00e9ke pedig a felolvas\u00f3 \u00e1llv\u00e1nyon tal\u00e1lhat\u00f3.<\/p>\n\n\n\n<p>A sz\u00e9p tartalmas napunk\u00e9rt els\u0151sorban h\u00e1l\u00e1t \u00e9s k\u00f6sz\u00f6netet a J\u00f3 Istennek kell mondanunk, Zsolt pl\u00e9b\u00e1nos aty\u00e1nknak a szervez\u00e9s\u00e9rt, buszsof\u0151r\u00fcnknek a balesetmentes vezet\u00e9s\u00e9rt.<\/p>\n\n\n\n<p>Hit\u00fcnkben meger\u0151s\u00f6dve \u00e9rkezt\u00fcnk haza.<\/p>\n\n\n\n<p>&nbsp;&nbsp;&nbsp;&nbsp;&nbsp;&nbsp;&nbsp;&nbsp;&nbsp;&nbsp;&nbsp;&nbsp;&nbsp;&nbsp;&nbsp;&nbsp;&nbsp;&nbsp;&nbsp;&nbsp;&nbsp;&nbsp;&nbsp;&nbsp;&nbsp;&nbsp;&nbsp;&nbsp;&nbsp;&nbsp;&nbsp;&nbsp;&nbsp;&nbsp;&nbsp;&nbsp;&nbsp;&nbsp;&nbsp;&nbsp;&nbsp;&nbsp;&nbsp;&nbsp;&nbsp;&nbsp;&nbsp;&nbsp;&nbsp;&nbsp;&nbsp;&nbsp;&nbsp;&nbsp;&nbsp;&nbsp;&nbsp;&nbsp;&nbsp;&nbsp;Balatonkereszt\u00fari Szent Kereszt Felmagasztal\u00e1sa<\/p>\n\n\n\n<p>&nbsp;&nbsp;&nbsp;&nbsp;&nbsp;&nbsp;&nbsp; &nbsp;&nbsp;&nbsp;&nbsp;&nbsp;&nbsp;&nbsp;&nbsp;&nbsp;&nbsp;&nbsp;&nbsp;&nbsp;&nbsp;&nbsp;&nbsp;&nbsp;&nbsp;&nbsp;&nbsp;&nbsp;&nbsp;&nbsp;&nbsp;&nbsp;&nbsp;&nbsp;&nbsp;&nbsp;&nbsp;&nbsp;&nbsp;&nbsp;&nbsp;&nbsp;&nbsp;&nbsp;&nbsp;&nbsp;&nbsp;&nbsp;&nbsp;&nbsp;&nbsp;&nbsp;&nbsp;&nbsp;&nbsp;&nbsp;&nbsp;&nbsp;&nbsp;&nbsp;&nbsp;&nbsp;&nbsp;&nbsp;&nbsp;&nbsp;&nbsp;&nbsp;&nbsp;&nbsp;&nbsp;&nbsp;&nbsp;&nbsp;&nbsp;&nbsp;&nbsp;&nbsp;&nbsp;&nbsp;&nbsp;&nbsp;&nbsp;&nbsp;&nbsp;&nbsp;&nbsp;&nbsp;&nbsp;&nbsp;&nbsp;&nbsp;&nbsp;&nbsp;&nbsp;&nbsp;&nbsp;\u00e9nekkar tagjai<\/p>\n\n\n\n<figure class=\"wp-block-image size-full is-resized\"><a href=\"https:\/\/photos.app.goo.gl\/XtkpacTk7N2uMZjy8\" target=\"_blank\" rel=\"noreferrer noopener\"><img loading=\"lazy\" decoding=\"async\" src=\"https:\/\/balatonkeresztur.plebania.hu\/wp-content\/uploads\/2023\/11\/nyito.jpeg\" alt=\"\" class=\"wp-image-1127\" width=\"369\" height=\"738\"\/><\/a><\/figure>\n","protected":false},"excerpt":{"rendered":"<p>A templom \u00e9nekkara Zsolt pl\u00e9b\u00e1nos aty\u00e1nk vezet\u00e9s\u00e9vel R\u00f3zsaf\u0171z\u00e9r Kir\u00e1lyn\u00e9ja h\u00f3napban okt\u00f3ber 28-\u00e1n &#8211; Szent J\u00fad\u00e1s Taddeus &#8211; T\u00e1d\u00e9 apostol \u00fcnnep\u00e9n, (aki rokona volt J\u00e9zusnak) &#8211; &nbsp;\u201eOltalmad al\u00e1 futunk Istennek Szent Anyja\u201d &nbsp;foh\u00e1sszal a lelk\u00fcnkben indultunk \u00fatra Csatk\u00e1ra.<\/p>\n","protected":false},"author":1,"featured_media":0,"comment_status":"closed","ping_status":"open","sticky":false,"template":"","format":"standard","meta":{"footnotes":""},"categories":[1],"tags":[],"class_list":["post-1122","post","type-post","status-publish","format-standard","hentry","category-egyeb"],"_links":{"self":[{"href":"https:\/\/balatonkeresztur.plebania.hu\/index.php\/wp-json\/wp\/v2\/posts\/1122","targetHints":{"allow":["GET"]}}],"collection":[{"href":"https:\/\/balatonkeresztur.plebania.hu\/index.php\/wp-json\/wp\/v2\/posts"}],"about":[{"href":"https:\/\/balatonkeresztur.plebania.hu\/index.php\/wp-json\/wp\/v2\/types\/post"}],"author":[{"embeddable":true,"href":"https:\/\/balatonkeresztur.plebania.hu\/index.php\/wp-json\/wp\/v2\/users\/1"}],"replies":[{"embeddable":true,"href":"https:\/\/balatonkeresztur.plebania.hu\/index.php\/wp-json\/wp\/v2\/comments?post=1122"}],"version-history":[{"count":5,"href":"https:\/\/balatonkeresztur.plebania.hu\/index.php\/wp-json\/wp\/v2\/posts\/1122\/revisions"}],"predecessor-version":[{"id":1129,"href":"https:\/\/balatonkeresztur.plebania.hu\/index.php\/wp-json\/wp\/v2\/posts\/1122\/revisions\/1129"}],"wp:attachment":[{"href":"https:\/\/balatonkeresztur.plebania.hu\/index.php\/wp-json\/wp\/v2\/media?parent=1122"}],"wp:term":[{"taxonomy":"category","embeddable":true,"href":"https:\/\/balatonkeresztur.plebania.hu\/index.php\/wp-json\/wp\/v2\/categories?post=1122"},{"taxonomy":"post_tag","embeddable":true,"href":"https:\/\/balatonkeresztur.plebania.hu\/index.php\/wp-json\/wp\/v2\/tags?post=1122"}],"curies":[{"name":"wp","href":"https:\/\/api.w.org\/{rel}","templated":true}]}}