{"id":1119,"date":"2023-11-12T07:47:51","date_gmt":"2023-11-12T07:47:51","guid":{"rendered":"https:\/\/balatonkeresztur.plebania.hu\/?p=1119"},"modified":"2023-11-12T07:49:19","modified_gmt":"2023-11-12T07:49:19","slug":"a-magyar-katolikus-puspoki-konferencia-korlevele-arpad-hazi-szent-erzsebet-unnepere-2","status":"publish","type":"post","link":"https:\/\/balatonkeresztur.plebania.hu\/index.php\/2023\/11\/12\/a-magyar-katolikus-puspoki-konferencia-korlevele-arpad-hazi-szent-erzsebet-unnepere-2\/","title":{"rendered":"A Magyar Katolikus P\u00fcsp\u00f6ki Konferencia k\u00f6rlevele  \u00c1rp\u00e1d-h\u00e1zi Szent Erzs\u00e9bet \u00fcnnep\u00e9re"},"content":{"rendered":"\n<p>Kedves Testv\u00e9rek!<\/p>\n\n\n\n<p>\u00c1rp\u00e1d-h\u00e1zi Szent Erzs\u00e9bet szem\u00e9lye \u00e9s \u00e9letp\u00e9ld\u00e1ja t\u00f6bb, mint 800 \u00e9ve csod\u00e1lattal t\u00f6lti el a kereszt\u00e9nyeket. Ma, amikor a k\u00f6zbesz\u00e9d jellemz\u0151en olyan embereket \u00e1ll\u00edt p\u00e9ldak\u00e9pk\u00e9nt el\u00e9nk, akik nem \u00e9rdemeik \u00e1ltal tettek szert h\u00edrn\u00e9vre vagy gazdagodtak meg, Szent Erzs\u00e9bet szem\u00e9ly\u00e9ben egy olyan emberre eml\u00e9kez\u00fcnk, aki sz\u00e1m\u00e1ra a f\u00f6ldi j\u00f3l\u00e9t \u00e9s a h\u00edrn\u00e9v sz\u00fclet\u00e9s\u00e9t\u0151l fogva adott volt, m\u00e9gsem f\u00e9lt lemondani r\u00f3luk, hogy az igazi javakban, Isten el\u0151tt gazdagodhasson.<\/p>\n\n\n\n<!--more-->\n\n\n\n<p>Mag\u00e1t\u00f3l Szent Erzs\u00e9bett\u0151l nem maradtak r\u00e1nk \u00edr\u00e1sos eml\u00e9kek, napl\u00f3k vagy levelek: amit tudunk r\u00f3la, azt legend\u00e1kb\u00f3l \u00e9s \u00e9letrajzokb\u00f3l ismerj\u00fck, amelyek a szentt\u00e9 avat\u00e1s\u00e1ra k\u00e9sz\u00fclve vagy az azt k\u00f6vet\u0151 id\u0151kben \u00edr\u00f3dtak. Ez azonban m\u00e9gsem jelent hi\u00e1nyt, s\u0151t. Ma, amikor szinte minden t\u00e9m\u00e1ban b\u00e1rkinek joga van ahhoz, hogy megsz\u00f3laljon \u00e9s v\u00e9lem\u00e9nyt nyilv\u00e1n\u00edtson, Szent Erzs\u00e9bet hallgat\u00e1sa k\u00fcl\u00f6n\u00f6sen is besz\u00e9des, mert \u0151 a tettei \u00e1ltal besz\u00e9l.<\/p>\n\n\n<div class=\"wp-block-image\">\n<figure class=\"aligncenter\"><a href=\"https:\/\/www.katolikus.hu\/cikk\/a-magyar-katolikus-puspoki-konferencia-korlevele-arpad-hazi-szent-erzsebet-unnepere-97310308\" target=\"_blank\" rel=\"noreferrer noopener\"><img decoding=\"async\" src=\"https:\/\/www.katolikus.hu\/media\/Arpad-hazi_Szt_Erzsebet_2.jpg?size=h\" alt=\"\"\/><\/a><\/figure>\n<\/div>\n\n\n<p>F\u0151rang\u00fa kort\u00e1rsai, s\u0151t m\u00e9g csal\u00e1dtagjai is sokszor meg-nem-\u00e9rt\u00e9ssel vagy megvet\u00e9ssel fordultak fel\u00e9: sz\u00e1mukra \u00e9rthetetlen \u00e9s m\u00e9ltatlan, mi t\u00f6bb, egyenesen botr\u00e1nyos volt, hogy egy kir\u00e1lyl\u00e1ny, az uralkod\u00f3csal\u00e1d egyik tagja saj\u00e1t kez\u0171leg \u00e1poljon betegeket \u00e9s gondoskodjon szeg\u00e9nyekr\u0151l, tudatosan hagyja el miattuk a palot\u00e1t \u00e9s f\u0151\u00fari csal\u00e1dj\u00e1t. Szent Erzs\u00e9bet a vil\u00e1g \u00e9s az ember fel\u00e9 fordult, de nem az\u00e9rt, hogy felt\u00e1rja a sebeket, hanem hogy gy\u00f3gy\u00edtsa \u00e9s befedje \u0151ket.<\/p>\n\n\n\n<p>Ferenc p\u00e1pa idei magyarorsz\u00e1gi l\u00e1togat\u00e1s\u00e1nak tal\u00e1n legink\u00e1bb megind\u00edt\u00f3 \u00e1llom\u00e1sa a szeg\u00e9nyekkel, menek\u00fcltekkel, betegekkel val\u00f3 tal\u00e1lkoz\u00e1s volt az \u00e9ppen a Szent Erzs\u00e9bet tisztelet\u00e9re szentelt, R\u00f3zs\u00e1k ter\u00e9n \u00e9p\u00fclt templomban. Tal\u00e1n term\u00e9szetesnek tartjuk, hogy eg\u00e9szs\u00e9gesek vagyunk, vagy hogy az anyagi eszk\u00f6z\u00f6k a rendelkez\u00e9s\u00fcnkre \u00e1llnak: amikor azonban r\u00e1szorultabb testv\u00e9reinkkel tal\u00e1lkozunk, \u00e9s hagyjuk, hogy ez a tal\u00e1lkoz\u00e1s meg\u00e9rintsen benn\u00fcnket, k\u00f6nnyen r\u00e1d\u00f6bbenhet\u00fcnk, hogy mindaz, amit oly sokszor jogunknak \u00e9s jussunknak tekint\u00fcnk, val\u00f3j\u00e1ban Isten aj\u00e1nd\u00e9ka. Egy olyan aj\u00e1nd\u00e9k, amelyet, ha nem is tudunk viszonozni, de tov\u00e1bbadhatunk.<\/p>\n\n\n\n<p>Azok a testv\u00e9reink, akik n\u00e9h\u00e1ny h\u00f3nappal ezel\u0151tt a Szent Erzs\u00e9bet-templomban Ferenc p\u00e1pa el\u0151tt tan\u00fas\u00e1got tettek, k\u00f6sz\u00f6netet mondtak a befogad\u00e1s\u00e9rt, a munka- \u00e9s lakhat\u00e1si lehet\u0151s\u00e9g\u00e9rt vagy azok nev\u00e9ben sz\u00f3laltak meg, akik \u00e9let\u00fcket a szeg\u00e9nyek szolg\u00e1lat\u00e1ra szentelik. Mindez \u00e9l\u0151 jele annak, hogy a szeretetszolg\u00e1lat nem egy m\u00faltbeli dolog, mivel a szoci\u00e1lis \u00e9s a gazdas\u00e1gi kih\u00edv\u00e1sok, a fokoz\u00f3d\u00f3 h\u00e1bor\u00fas konfliktusok, a nap mint nap t\u00f6bb ezernyien haz\u00e1nkba \u00e9rkez\u0151 menek\u00fclt emberek m\u00e9g ink\u00e1bb sz\u00fcks\u00e9gess\u00e9 teszik azt a hitet, amely b\u00e1tran kock\u00e1ztat \u00e9s kil\u00e9p a vil\u00e1gba.<\/p>\n\n\n\n<p>Erre az akt\u00edv \u00e9s a m\u00e1sik ember fel\u00e9 fordul\u00f3 cselekv\u0151 szeretetre h\u00edvott fel besz\u00e9d\u00e9ben Ferenc p\u00e1pa magyarorsz\u00e1gi l\u00e1togat\u00e1sa sor\u00e1n \u00e9s h\u00edv ma is minket:<\/p>\n\n\n\n<p><em>\u201eA tev\u00e9keny szeretet, a j\u00f3t\u00e9konykod\u00e1s azt jelenti, hogy van b\u00e1tors\u00e1gunk az emberek szem\u00e9be n\u00e9zni! Nem tudsz seg\u00edteni a m\u00e1siknak, ha elford\u00edtod a tekinteted. A tev\u00e9keny szeretet azt a b\u00e1tors\u00e1got ig\u00e9nyli, hogy meg\u00e9rints\u00fck a m\u00e1sikat: nem teheted meg, hogy t\u00e1volr\u00f3l odadobsz p\u00e1r fill\u00e9rt \u00e9s nem \u00e9rinted meg a m\u00e1sikat! Meg kell \u00e9rinteni a m\u00e1sikat, r\u00e1 kell n\u00e9zni a m\u00e1sikra! \u00c9s \u00edgy, \u0151t meg\u00e9rintve \u00e9s r\u00e1tekintve elindulsz azzal a r\u00e1szorul\u00f3val egy \u00faton, egy k\u00f6z\u00f6s \u00faton, amely r\u00e1\u00e9breszt arra, hogy te magad mennyire r\u00e1szorul\u00f3 vagy, mennyire r\u00e1szorulsz az \u00dar tekintet\u00e9re \u00e9s kez\u00e9re.\u201d<\/em> (Ferenc p\u00e1p\u00e1nak a R\u00f3zs\u00e1k terei \u00c1rp\u00e1d-h\u00e1zi Szent Erzs\u00e9bet-templomban elhangzott besz\u00e9de, 2023. \u00e1prilis 29.)<\/p>\n\n\n\n<p>A szeretetet nyelv\u00e9nek mindig konkr\u00e9tnak kell lennie. \u201eTi adjatok nekik enni!\u201d \u2013 sz\u00f3l J\u00e9zus a t\u00f6meget l\u00e1tva a keny\u00e9rszapor\u00edt\u00e1s csod\u00e1j\u00e1t megel\u0151z\u0151en a megd\u00f6bbent apostolokhoz. E felh\u00edv\u00e1s jegy\u00e9ben a katolikus int\u00e9zm\u00e9nyrendszer, a Karit\u00e1sz \u00e9s a Szeretetszolg\u00e1lat sz\u00e1mos szervezete Szent Erzs\u00e9bet p\u00e9ld\u00e1j\u00e1t is k\u00f6vetve jellemz\u0151en csendben, sokszor k\u00fcl\u00f6n\u00f6sebb sajt\u00f3visszhang n\u00e9lk\u00fcl, m\u00e9gis konkr\u00e9tan v\u00e9gzi a r\u00e1b\u00edzott feladatot.<\/p>\n\n\n\n<p>A Karit\u00e1sz munkat\u00e1rsai a h\u00e1bor\u00fa kit\u00f6r\u00e9se \u00f3ta mintegy 42.000, Ukrajna ter\u00fclet\u00e9r\u0151l \u00e9rkez\u0151 menek\u00fcltr\u0151l gondoskodtak \u00e9lelmiszerrel, ideiglenes sz\u00e1ll\u00e1ssal, a lakhat\u00e1st, a meg\u00e9lhet\u00e9st \u00e9s a beilleszked\u00e9st c\u00e9lz\u00f3 t\u00e1mogat\u00e1ssal, valamint id\u00e9n is seg\u00edtett\u00e9k a neh\u00e9z k\u00f6r\u00fclm\u00e9nyek k\u00f6z\u00f6tt \u00e9l\u0151 k\u00e1rp\u00e1taljai magyarokat seg\u00e9lysz\u00e1ll\u00edtm\u00e1nyokkal, gener\u00e1torokkal, g\u00e9pj\u00e1rm\u0171vekkel, b\u00fatorokkal \u00e9s m\u00e1s t\u00e1rgyi adom\u00e1nyokkal.<\/p>\n\n\n\n<p>Emellett csak az idei \u00e9vben \u00f6sszesen 103 bentlak\u00e1sos \u00e9s napk\u00f6zi t\u00e1borban 4682 neh\u00e9z sors\u00fa \u00e9s h\u00e1tr\u00e1nyos helyzet\u0171 gyermeket t\u00e1boroztatott a Katolikus Karit\u00e1sz, illetve k\u00f6zel 10.000 gyermek tan\u00e9vkezd\u00e9s\u00e9t t\u00e1mogatta iskolat\u00e1sk\u00e1k \u00e9s tanszerek adom\u00e1nyoz\u00e1sa mellett p\u00e9nzbeli seg\u00edts\u00e9ggel is.<\/p>\n\n\n\n<p>A Karit\u00e1sz \u00e1ltal folyamatosan m\u0171k\u00f6dtetett sz\u00e1mos felz\u00e1rk\u00f3ztat\u00f3, fejleszt\u0151 c\u00e9l\u00fa \u00e9s \u00f6ngondoskod\u00e1st seg\u00edt\u0151, valamint kr\u00edzishelyzeti program t\u00f6bb ezer csal\u00e1dnak \u00e9s gyermeknek ny\u00fajt seg\u00edts\u00e9get, illetve az idei esztend\u0151ben is \u00fatj\u00e1ra indul az adventi seg\u00e9lyprogram \u201eT\u00e1rj\u00e1tok ki a sz\u00edveteket!\u201d c\u00edmmel, amelynek keret\u00e9ben a Karit\u00e1sz kar\u00e1csonyi \u00e9s t\u00e9li kr\u00edzishelyzeti tev\u00e9kenys\u00e9g\u00e9hez lehet csatlakozni a seg\u00e9lyakci\u00f3k t\u00e1mogat\u00e1s\u00e1val vagy az 1356-os adom\u00e1nyvonal felh\u00edv\u00e1s\u00e1val.<\/p>\n\n\n\n<p>Adom\u00e1nyainkkal, a j\u00f6v\u0151 vas\u00e1rnapi szentmise gy\u0171jt\u00e9s\u00e9vel vagy \u00f6nk\u00e9ntes munk\u00e1nkkal mi is ennek a seg\u00edt\u0151 szolg\u00e1latnak lehet\u00fcnk r\u00e9szesei. Szent Erzs\u00e9bet \u00fcnnepe felh\u00edv\u00e1s a sz\u00e1munkra, hogy mi magunk is v\u00e1ltsuk tettekre mindazt, amit az \u0151 p\u00e9ld\u00e1j\u00e1b\u00f3l tanulhatunk. A legk\u00fcl\u00f6nf\u00e9l\u00e9bb v\u00e1ls\u00e1gok \u00e1ltal s\u00fajtott vil\u00e1gunkban is t\u00f6rekedn\u00fcnk kell arra, hogy saj\u00e1t neh\u00e9zs\u00e9geink, k\u00fczdelmeink mellett \u00e9s ellen\u00e9re is megl\u00e1ssuk m\u00e1sok gondj\u00e1t-baj\u00e1t, testi-lelki sz\u00fcks\u00e9g\u00e9t is.<\/p>\n\n\n\n<p>Buzd\u00edt\u00e1sunkat Ferenc p\u00e1pa hozz\u00e1nk int\u00e9zett szavaival szeretn\u00e9nk z\u00e1rni: <em>\u201eTestv\u00e9reim, arra b\u00e1tor\u00edtalak benneteket, hogy mindig a szeretet nyelv\u00e9n besz\u00e9ljetek. Szent Erzs\u00e9bet \u00e9let\u00e9nek egyik epiz\u00f3dj\u00e1ban az \u00dar r\u00f3zs\u00e1v\u00e1 v\u00e1ltoztatta azt a kenyeret, amelyet \u0151 a r\u00e1szorul\u00f3knak vitt. \u00cdgy van ez veletek is: amikor v\u00e1llalkoztok arra, hogy kenyeret vigyetek az \u00e9hez\u0151knek, az \u00dar kivir\u00e1goztatja az \u00f6r\u00f6m\u00f6t \u00e9s az \u00e1ltalatok ny\u00fajtott szeretettel illatos\u00edtja be \u00e9leteteket\u201d.<\/em> (Ferenc p\u00e1p\u00e1nak a R\u00f3zs\u00e1k terei \u00c1rp\u00e1d-h\u00e1zi Szent Erzs\u00e9bet-templomban elhangzott besz\u00e9de, 2023. \u00e1prilis 29.)<\/p>\n\n\n\n<p>Kelt Budapesten, 2023. november 6-\u00e1n.<\/p>\n\n\n\n<p class=\"has-text-align-right\">&nbsp; &nbsp; &nbsp; a Magyar Katolikus P\u00fcsp\u00f6ki Konferencia<\/p>\n\n\n\n<p>Forr\u00e1s: <a href=\"https:\/\/www.katolikus.hu\/cikk\/a-magyar-katolikus-puspoki-konferencia-korlevele-arpad-hazi-szent-erzsebet-unnepere-97310308\" target=\"_blank\" rel=\"noreferrer noopener\">Magyar Katolikus Egyh\u00e1z<\/a><\/p>\n","protected":false},"excerpt":{"rendered":"<p>Kedves Testv\u00e9rek! \u00c1rp\u00e1d-h\u00e1zi Szent Erzs\u00e9bet szem\u00e9lye \u00e9s \u00e9letp\u00e9ld\u00e1ja t\u00f6bb, mint 800 \u00e9ve csod\u00e1lattal t\u00f6lti el a kereszt\u00e9nyeket. Ma, amikor a k\u00f6zbesz\u00e9d jellemz\u0151en olyan embereket \u00e1ll\u00edt p\u00e9ldak\u00e9pk\u00e9nt el\u00e9nk, akik nem \u00e9rdemeik \u00e1ltal tettek szert h\u00edrn\u00e9vre vagy gazdagodtak meg, Szent Erzs\u00e9bet szem\u00e9ly\u00e9ben &hellip; <a href=\"https:\/\/balatonkeresztur.plebania.hu\/index.php\/2023\/11\/12\/a-magyar-katolikus-puspoki-konferencia-korlevele-arpad-hazi-szent-erzsebet-unnepere-2\/\">Egy kattint\u00e1s ide a folytat\u00e1shoz&#8230;. <span class=\"meta-nav\">&rarr;<\/span><\/a><\/p>\n","protected":false},"author":1,"featured_media":0,"comment_status":"closed","ping_status":"open","sticky":false,"template":"","format":"standard","meta":{"footnotes":""},"categories":[1],"tags":[],"class_list":["post-1119","post","type-post","status-publish","format-standard","hentry","category-egyeb"],"_links":{"self":[{"href":"https:\/\/balatonkeresztur.plebania.hu\/index.php\/wp-json\/wp\/v2\/posts\/1119","targetHints":{"allow":["GET"]}}],"collection":[{"href":"https:\/\/balatonkeresztur.plebania.hu\/index.php\/wp-json\/wp\/v2\/posts"}],"about":[{"href":"https:\/\/balatonkeresztur.plebania.hu\/index.php\/wp-json\/wp\/v2\/types\/post"}],"author":[{"embeddable":true,"href":"https:\/\/balatonkeresztur.plebania.hu\/index.php\/wp-json\/wp\/v2\/users\/1"}],"replies":[{"embeddable":true,"href":"https:\/\/balatonkeresztur.plebania.hu\/index.php\/wp-json\/wp\/v2\/comments?post=1119"}],"version-history":[{"count":2,"href":"https:\/\/balatonkeresztur.plebania.hu\/index.php\/wp-json\/wp\/v2\/posts\/1119\/revisions"}],"predecessor-version":[{"id":1121,"href":"https:\/\/balatonkeresztur.plebania.hu\/index.php\/wp-json\/wp\/v2\/posts\/1119\/revisions\/1121"}],"wp:attachment":[{"href":"https:\/\/balatonkeresztur.plebania.hu\/index.php\/wp-json\/wp\/v2\/media?parent=1119"}],"wp:term":[{"taxonomy":"category","embeddable":true,"href":"https:\/\/balatonkeresztur.plebania.hu\/index.php\/wp-json\/wp\/v2\/categories?post=1119"},{"taxonomy":"post_tag","embeddable":true,"href":"https:\/\/balatonkeresztur.plebania.hu\/index.php\/wp-json\/wp\/v2\/tags?post=1119"}],"curies":[{"name":"wp","href":"https:\/\/api.w.org\/{rel}","templated":true}]}}