{"id":1115,"date":"2023-11-05T17:23:30","date_gmt":"2023-11-05T17:23:30","guid":{"rendered":"https:\/\/balatonkeresztur.plebania.hu\/?p=1115"},"modified":"2023-11-05T17:24:23","modified_gmt":"2023-11-05T17:24:23","slug":"elsoaldozas-2","status":"publish","type":"post","link":"https:\/\/balatonkeresztur.plebania.hu\/index.php\/2023\/11\/05\/elsoaldozas-2\/","title":{"rendered":"Els\u0151\u00e1ldoz\u00e1s"},"content":{"rendered":"\n<p>A mai napon, Szent Imre \u00fcnnep\u00e9n 5 gyermek j\u00e1rult el\u0151sz\u00f6r szent\u00e1ldoz\u00e1shoz.<\/p>\n\n\n\n<!--more-->\n\n\n\n<p>H\u00e1l\u00e1sak vagyunk Istennek az \u00fcnnep\u00e9rt \u00e9s a gyermekek\u00e9rt!<\/p>\n\n\n\n<p><strong>S\u00edk S\u00e1ndor: Feh\u00e9r nap&nbsp;&nbsp;&nbsp;&nbsp;&nbsp;&nbsp;&nbsp;&nbsp;&nbsp; \u00c1ldoz\u00e1s-Els\u0151\u00e1ldoz\u00e1s<\/strong><\/p>\n\n\n\n<p><br>\u00dcdv\u00f6z\u00f6lt l\u00e9gy kedves \u00fcnnep<br>Tiszta sz\u00edvek \u00fcnnepe!<br>Ragyogjon be feh\u00e9r f\u00e9nyed<br>Sz\u00edv\u00fcnk \u2013 lelk\u00fcnk m\u00e9ly\u00e9be.<br><br>Napsug\u00e1rban angyalsz\u00e1rnyak<br>Lenge libben\u00e9se k\u00e9l,<br>\u00c9s a sz\u00e1rnyuk \u00e9s az arcuk<br>\u00c9s az \u00darnak f\u00e9nye rajtuk<br>H\u00f3feh\u00e9r.<br><br>Napsug\u00e1ros k\u00f6nt\u00f6s\u00e9ben<br>M\u00e9g a f\u00f6ld is \u00fagy \u00f6r\u00fcl!<br>Tiszta napf\u00e9ny t\u00fcnd\u00f6kl\u00e9se<br>J\u00e1tszik az olt\u00e1r k\u00f6r\u00fcl.<br>\u00c9s meg\u00e1ll az \u00e1ldoz\u00f3kon<br>Az olt\u00e1r l\u00e9pcs\u0151in\u00e9l<br>\u00c9gi f\u00e9nnyel t\u0171z re\u00e1juk<br>H\u00f3feh\u00e9r.<br><br>Boldog\u00edt\u00f3 \u00f6r\u00f6m\u00e9vel<br>Elfog \u00e9des \u00e9rzelem,<br>\u00c9g\u0151 s\u00f3haj halk foh\u00e1sza<br>Lebben \u00e1t a lelkemen,<br>\u00c9des J\u00e9zus, sz\u00e1llj sz\u00edv\u00fcnkbe<br>S \u00f3vj hal\u00e1lig h\u0171 vez\u00e9r,<br>Hogy a lelk\u00fcnk b\u00e1rmi harcon<br>Mind\u00f6r\u00f6kk\u00e9 megmaradjon<br>H\u00f3feh\u00e9r<\/p>\n","protected":false},"excerpt":{"rendered":"<p>A mai napon, Szent Imre \u00fcnnep\u00e9n 5 gyermek j\u00e1rult el\u0151sz\u00f6r szent\u00e1ldoz\u00e1shoz.<\/p>\n","protected":false},"author":1,"featured_media":0,"comment_status":"closed","ping_status":"open","sticky":false,"template":"","format":"standard","meta":{"footnotes":""},"categories":[1],"tags":[],"class_list":["post-1115","post","type-post","status-publish","format-standard","hentry","category-egyeb"],"_links":{"self":[{"href":"https:\/\/balatonkeresztur.plebania.hu\/index.php\/wp-json\/wp\/v2\/posts\/1115","targetHints":{"allow":["GET"]}}],"collection":[{"href":"https:\/\/balatonkeresztur.plebania.hu\/index.php\/wp-json\/wp\/v2\/posts"}],"about":[{"href":"https:\/\/balatonkeresztur.plebania.hu\/index.php\/wp-json\/wp\/v2\/types\/post"}],"author":[{"embeddable":true,"href":"https:\/\/balatonkeresztur.plebania.hu\/index.php\/wp-json\/wp\/v2\/users\/1"}],"replies":[{"embeddable":true,"href":"https:\/\/balatonkeresztur.plebania.hu\/index.php\/wp-json\/wp\/v2\/comments?post=1115"}],"version-history":[{"count":2,"href":"https:\/\/balatonkeresztur.plebania.hu\/index.php\/wp-json\/wp\/v2\/posts\/1115\/revisions"}],"predecessor-version":[{"id":1117,"href":"https:\/\/balatonkeresztur.plebania.hu\/index.php\/wp-json\/wp\/v2\/posts\/1115\/revisions\/1117"}],"wp:attachment":[{"href":"https:\/\/balatonkeresztur.plebania.hu\/index.php\/wp-json\/wp\/v2\/media?parent=1115"}],"wp:term":[{"taxonomy":"category","embeddable":true,"href":"https:\/\/balatonkeresztur.plebania.hu\/index.php\/wp-json\/wp\/v2\/categories?post=1115"},{"taxonomy":"post_tag","embeddable":true,"href":"https:\/\/balatonkeresztur.plebania.hu\/index.php\/wp-json\/wp\/v2\/tags?post=1115"}],"curies":[{"name":"wp","href":"https:\/\/api.w.org\/{rel}","templated":true}]}}