{"id":1113,"date":"2023-11-01T16:29:34","date_gmt":"2023-11-01T16:29:34","guid":{"rendered":"https:\/\/balatonkeresztur.plebania.hu\/?p=1113"},"modified":"2023-11-01T16:29:34","modified_gmt":"2023-11-01T16:29:34","slug":"november-1","status":"publish","type":"post","link":"https:\/\/balatonkeresztur.plebania.hu\/index.php\/2023\/11\/01\/november-1\/","title":{"rendered":"November 1."},"content":{"rendered":"\n<p><strong>Fekete Istv\u00e1n: Ap\u00e1m (r\u00e9szlet)<\/strong><br>De \u00fcnnepe a temet\u0151nek m\u00e9giscsak a mindenszentek volt! A frissen gerebly\u00e9zett s\u00edrok f\u00f6ldszaga \u00f6sszekeveredett az \u0151szir\u00f3zsa \u00e1lmos, \u00f6zvegyi illat\u00e1val, k\u00e9s\u0151bb a gyerty\u00e1k neh\u00e9z l\u00e9legzet\u00e9vel, s amikor lebukott a nap, az apr\u00f3 l\u00e1ngok k\u00e9s\u0151i t\u00fcze mellett \u00fagy \u00fcltek k\u00f6nnytelen \u00f6regasszonyok, mint a fakul\u00f3 eml\u00e9kezet.<\/p>\n\n\n\n<!--more-->\n\n\n\n<p>Nekem k\u00e9t kis testv\u00e9rem is aludt odak\u00fcnt, \u00e9s estefel\u00e9, mikor sz\u00fcleim hazamentek, megd\u00f6bbenve l\u00e1ttam, hogy a kicsik s\u00edrj\u00e1n szinte utols\u00f3t lobbannak a gyerty\u00e1k. Nem sokat tanakodtam. Hazaloholtam, elloptam a bolti k\u00f6nyvet, \u00e9s \u2013 lesz, ami lesz \u2013 h\u00e1rom csomag kar\u00e1csonyfa-gyerty\u00e1t v\u00e1s\u00e1roltam a jav\u00e1b\u00f3l. Ebb\u0151l azt\u00e1n olyan kivil\u00e1g\u00edt\u00e1st rendeztem a k\u00e9t s\u00edron, hogy angyall\u00e1 lett testv\u00e9reim igaz\u00e1n meg lehettek el\u00e9gedve \u00fcnnepelve-gy\u00e1szol\u00f3 buzgalmammal.<br>A s\u00edrok n\u00e9gy sark\u00e1ra \u00fcltetett feny\u0151k csendesen zsongtak az \u0151szi s\u00f6t\u00e9tben, pedig a sz\u00e9l se mozdult, s az aranyl\u00f3 kis l\u00e1ngok meglibbentek, mintha elcsitult s\u00f3hajok sz\u00e1rnyaltak volna felett\u00fck.<br>Sz\u00e9p este volt ugyan, de csak l\u00e1tsz\u00f3lag lett v\u00e9ge azon a napon. H\u00f3nap v\u00e9ge fel\u00e9 ugyanis ap\u00e1m el\u0151vette a bolti k\u00f6nyvet, hogy s\u0171r\u0171 fejcs\u00f3v\u00e1l\u00e1sok k\u00f6z\u00f6tt \u00f6sszeadja az eredm\u00e9nyt, s egyszer csak azt mondta:<br>&#8211; H\u00e1rom nagy csomag sz\u00ednes gyertya \u2013 \u00e9s any\u00e1mra n\u00e9zett. \u2013 Mif\u00e9le gyertya ez?<br>Nagyon melegem lett egyszerre.<br>&#8211; \u00c9n nem hoztam semmif\u00e9le gyerty\u00e1t \u2013 mondta any\u00e1m.<br>&#8211; H\u00edvd be a Rozit \u2013 n\u00e9zett r\u00e1m.<br>Kimentem a konyh\u00e1ba Rozi\u00e9rt. Nem, Rozi se hozott gyerty\u00e1t.<br>&#8211; Te hoztad? \u2013 \u00e9s r\u00e1m n\u00e9zett.<br>Akkor m\u00e1r sok volt a rov\u00e1somon, \u00fagy \u00e9reztem, \u00f6sszed\u0151l a vil\u00e1g k\u00f6r\u00fcl\u00f6ttem.<br>&#8211; Gyere be!<br>Sokszor hallottam, hogy egyes gyerekek elfutottak a ver\u00e9s el\u0151l, de \u00e9n ezt soha meg se k\u00eds\u00e9reltem. Leny\u0171g\u00f6z\u00f6tt valami kegyetlen akarat, \u00e9s \u00e9n mentem a veszt\u0151helyre. Ez a veszt\u0151hely a s\u00f6t\u00e9t szoba el\u0151tt volt. A szekr\u00e9ny tetej\u00e9n a p\u00e1lca. M\u00e9g l\u00e1ttam, amint any\u00e1m ell\u00f6ki maga el\u0151l a t\u00e1ny\u00e9rt, \u00e9s rettenetesen sajn\u00e1ltam magamat.<br>Ap\u00e1m levette a p\u00e1lc\u00e1t.<br>&#8211; Most m\u00e1r nem csak hazudsz, hanem lopsz is. Kinek adtad a gyerty\u00e1t?<br>&#8211; Senkinek, nem adtam senkinek.<br>&#8211; H\u00e1t akkor minek kellett?<br>Hallgattam, a temet\u0151re gondoltam, \u00e9s csendesen els\u00edrtam magam.<br>&#8211; Besz\u00e9lj! \u2013 \u00e9s felemelte a p\u00e1lc\u00e1t.<br>&#8211; A kicsik s\u00edrj\u00e1ra &#8230;mindenszentekkor &#8230; \u2013 eltakartam az arcom, \u00e9s szerettem volna \u00e9n is kint lenni a temet\u0151ben. Akkor hallottam, hogy a p\u00e1lca koppanva hull vissza a szekr\u00e9ny tetej\u00e9re, csuk\u00f3dik az ajt\u00f3, \u00e9s egyed\u00fcl maradtam.<br>\u00c9s ezekr\u0151l a gyerty\u00e1kr\u00f3l soha t\u00f6bbet nem esett sz\u00f3, de sokszor gondoltam r\u00e1juk, \u00e9s amikor egyik k\u00f6nyvemnek a T\u00edz sz\u00e1l gyertya c\u00edmet adtam, csak k\u00e9s\u0151bb d\u00f6bbentem r\u00e1, hogy hiszen m\u00e9g ezeket is az ap\u00e1mt\u00f3l kaptam, eml\u00e9keztetve, hogy a szeretet gyerty\u00e1i t\u00fallobognak a s\u00edrok titkos vil\u00e1g\u00e1n is, \u00e9s el nem m\u00falnak soha, de soha.<\/p>\n","protected":false},"excerpt":{"rendered":"<p>Fekete Istv\u00e1n: Ap\u00e1m (r\u00e9szlet)De \u00fcnnepe a temet\u0151nek m\u00e9giscsak a mindenszentek volt! A frissen gerebly\u00e9zett s\u00edrok f\u00f6ldszaga \u00f6sszekeveredett az \u0151szir\u00f3zsa \u00e1lmos, \u00f6zvegyi illat\u00e1val, k\u00e9s\u0151bb a gyerty\u00e1k neh\u00e9z l\u00e9legzet\u00e9vel, s amikor lebukott a nap, az apr\u00f3 l\u00e1ngok k\u00e9s\u0151i t\u00fcze mellett \u00fagy \u00fcltek &hellip; <a href=\"https:\/\/balatonkeresztur.plebania.hu\/index.php\/2023\/11\/01\/november-1\/\">Egy kattint\u00e1s ide a folytat\u00e1shoz&#8230;. <span class=\"meta-nav\">&rarr;<\/span><\/a><\/p>\n","protected":false},"author":1,"featured_media":0,"comment_status":"closed","ping_status":"open","sticky":false,"template":"","format":"standard","meta":{"footnotes":""},"categories":[1],"tags":[],"class_list":["post-1113","post","type-post","status-publish","format-standard","hentry","category-egyeb"],"_links":{"self":[{"href":"https:\/\/balatonkeresztur.plebania.hu\/index.php\/wp-json\/wp\/v2\/posts\/1113","targetHints":{"allow":["GET"]}}],"collection":[{"href":"https:\/\/balatonkeresztur.plebania.hu\/index.php\/wp-json\/wp\/v2\/posts"}],"about":[{"href":"https:\/\/balatonkeresztur.plebania.hu\/index.php\/wp-json\/wp\/v2\/types\/post"}],"author":[{"embeddable":true,"href":"https:\/\/balatonkeresztur.plebania.hu\/index.php\/wp-json\/wp\/v2\/users\/1"}],"replies":[{"embeddable":true,"href":"https:\/\/balatonkeresztur.plebania.hu\/index.php\/wp-json\/wp\/v2\/comments?post=1113"}],"version-history":[{"count":1,"href":"https:\/\/balatonkeresztur.plebania.hu\/index.php\/wp-json\/wp\/v2\/posts\/1113\/revisions"}],"predecessor-version":[{"id":1114,"href":"https:\/\/balatonkeresztur.plebania.hu\/index.php\/wp-json\/wp\/v2\/posts\/1113\/revisions\/1114"}],"wp:attachment":[{"href":"https:\/\/balatonkeresztur.plebania.hu\/index.php\/wp-json\/wp\/v2\/media?parent=1113"}],"wp:term":[{"taxonomy":"category","embeddable":true,"href":"https:\/\/balatonkeresztur.plebania.hu\/index.php\/wp-json\/wp\/v2\/categories?post=1113"},{"taxonomy":"post_tag","embeddable":true,"href":"https:\/\/balatonkeresztur.plebania.hu\/index.php\/wp-json\/wp\/v2\/tags?post=1113"}],"curies":[{"name":"wp","href":"https:\/\/api.w.org\/{rel}","templated":true}]}}