{"id":1104,"date":"2023-10-19T14:04:52","date_gmt":"2023-10-19T14:04:52","guid":{"rendered":"https:\/\/balatonkeresztur.plebania.hu\/?p=1104"},"modified":"2023-10-19T18:28:10","modified_gmt":"2023-10-19T18:28:10","slug":"karitasz-lelki-nap-4","status":"publish","type":"post","link":"https:\/\/balatonkeresztur.plebania.hu\/index.php\/2023\/10\/19\/karitasz-lelki-nap-4\/","title":{"rendered":"Karit\u00e1sz lelki nap"},"content":{"rendered":"\n<p>A Balatonkereszt\u00fari Karit\u00e1sz Csoport 2023. okt\u00f3ber 14-\u00e9n \u2013 hagyom\u00e1nyosan Szent Fausztina eml\u00e9knapj\u00e1hoz kapcsol\u00f3d\u00f3an \u2013 fenn\u00e1ll\u00e1sa \u00f3ta harmadik alkalommal tartotta meg az \u0151szi lelki napot.<\/p>\n\n\n\n<!--more-->\n\n\n\n<p>A k\u00f6sz\u00f6nt\u0151ben elhangzott, hogy az Isteni Irgalmass\u00e1g olt\u00e1ra fenn\u00e1ll\u00e1s\u00e1nak is jubileuma van, hiszen h\u00fasz \u00e9vvel ezel\u0151tt lett fel\u00e1ll\u00edtva templomunkban.<\/p>\n\n\n\n<p>Az idei lelki programot Tomanek Ferenc \u00c1ron, Marcali \u00faj pl\u00e9b\u00e1nosa tartotta, amely az irgalmass\u00e1g ima\u00f3ra ut\u00e1n szents\u00e9g kit\u00e9tellel, csendes im\u00e1val folytat\u00f3dott.<\/p>\n\n\n\n<p>Ezt k\u00f6vet\u0151en a sz\u00fcnetben lehet\u0151s\u00e9g ny\u00edlott gy\u00f3n\u00e1sra, majd a szentmis\u00e9ben hangzott el a tan\u00edt\u00f3 lelki besz\u00e9d. Ferenc atya \u00e9letp\u00e9ld\u00e1j\u00e1val szeml\u00e9ltette p\u00e9ld\u00e1ul, hogy akkor is irgalmas hozz\u00e1nk a J\u00f3 Isten, amikor \u00e9ppen f\u00e1radtak vagyunk \u00e9s alszunk. Besz\u00e9lt a szeretet, irgalmass\u00e1g p\u00e1rhuzam\u00e1r\u00f3l, a gy\u0171l\u00f6lk\u00f6d\u00e9s, harag legy\u0151zhet\u0151s\u00e9g\u00e9r\u0151l, amelyet Szent Fausztina levelein kereszt\u00fcl is szeml\u00e9ltetett \u00f6tv\u00f6zve a seg\u00edt\u0151k \u2013 p\u00e9ld\u00e1ul a karit\u00e1szban tev\u00e9kenyked\u0151k \u2013 irgalmas, \u00f6nzetlen szeretet\u00e9vel.<\/p>\n\n\n\n<p>A szentmis\u00e9t a helyi Szent Kereszt Felmagasztal\u00e1sa k\u00f3rus tette magasztal\u00f3 \u00e9nek\u00e9vel szebb\u00e9, meghat\u00f3bb\u00e1, seg\u00edts\u00e9g\u00fcket ez\u00faton is k\u00f6sz\u00f6nj\u00fck.<\/p>\n\n\n\n<p>A szentmis\u00e9t k\u00f6vet\u0151en ez alkalommal is vend\u00e9g\u00fcl l\u00e1ttuk a jelen l\u00e9v\u0151ket a Szent Istv\u00e1n h\u00e1zban egyh\u00e1zk\u00f6zs\u00e9g\u00fcnk k\u00f6z\u00f6ss\u00e9gi term\u00e9ben. A finom s\u00fctem\u00e9nyeket szint\u00e9n k\u00f6sz\u00f6nj\u00fck.<\/p>\n\n\n\n<p>J\u00f3 ked\u00e9ly\u0171, k\u00f6tetlen t\u00e1rsalg\u00e1ssal z\u00e1rtuk az \u00f6sszej\u00f6vetelt.<\/p>\n\n\n\n<p>H\u00e1l\u00e1t adunk \u00e9s k\u00f6sz\u00f6nj\u00fck a j\u00f3 Istennek, hogy ism\u00e9t egybegy\u0171lhett\u00fcnk \u00e9s \u00e1ld\u00e1s\u00e1t adta erre a napra.<\/p>\n\n\n\n<p>K\u00f6sz\u00f6nj\u00fck Ferenc aty\u00e1nak, hogy elfogadta a megh\u00edv\u00e1sunkat, G\u00e1bor aty\u00e1nak, a balatonfenyvesi \u00e9s J\u00f3zsef aty\u00e1nak a k\u00e9thelyi pl\u00e9b\u00e1nosoknak, valamint helyi lelki vezet\u0151nknek Zsolt aty\u00e1nak, akik gy\u00f3ntat\u00e1ssal, a lelki programban seg\u00edt\u00e9ssel tett\u00e9k teljesebb\u00e9 a d\u00e9lut\u00e1nt.<\/p>\n\n\n\n<p class=\"has-text-align-right\">Karitasz csoport<\/p>\n\n\n\n<figure class=\"wp-block-image size-full is-resized\"><a href=\"https:\/\/photos.app.goo.gl\/ici9WUssxMdja4pj6\" target=\"_blank\" rel=\"noreferrer noopener\"><img loading=\"lazy\" decoding=\"async\" src=\"https:\/\/balatonkeresztur.plebania.hu\/wp-content\/uploads\/2023\/10\/karitasz2023-scaled.jpg\" alt=\"\" class=\"wp-image-1106\" width=\"323\" height=\"433\" srcset=\"https:\/\/balatonkeresztur.plebania.hu\/wp-content\/uploads\/2023\/10\/karitasz2023-scaled.jpg 1915w, https:\/\/balatonkeresztur.plebania.hu\/wp-content\/uploads\/2023\/10\/karitasz2023-768x1027.jpg 768w, https:\/\/balatonkeresztur.plebania.hu\/wp-content\/uploads\/2023\/10\/karitasz2023-1149x1536.jpg 1149w, https:\/\/balatonkeresztur.plebania.hu\/wp-content\/uploads\/2023\/10\/karitasz2023-1532x2048.jpg 1532w, https:\/\/balatonkeresztur.plebania.hu\/wp-content\/uploads\/2023\/10\/karitasz2023-224x300.jpg 224w\" sizes=\"auto, (max-width: 323px) 100vw, 323px\" \/><\/a><figcaption>a k\u00e9pre kattintva t\u00f6bb k\u00e9pet is l\u00e1thatunk a lelki napr\u00f3l<\/figcaption><\/figure>\n","protected":false},"excerpt":{"rendered":"<p>A Balatonkereszt\u00fari Karit\u00e1sz Csoport 2023. okt\u00f3ber 14-\u00e9n \u2013 hagyom\u00e1nyosan Szent Fausztina eml\u00e9knapj\u00e1hoz kapcsol\u00f3d\u00f3an \u2013 fenn\u00e1ll\u00e1sa \u00f3ta harmadik alkalommal tartotta meg az \u0151szi lelki napot.<\/p>\n","protected":false},"author":1,"featured_media":0,"comment_status":"closed","ping_status":"open","sticky":false,"template":"","format":"standard","meta":{"footnotes":""},"categories":[1],"tags":[],"class_list":["post-1104","post","type-post","status-publish","format-standard","hentry","category-egyeb"],"_links":{"self":[{"href":"https:\/\/balatonkeresztur.plebania.hu\/index.php\/wp-json\/wp\/v2\/posts\/1104","targetHints":{"allow":["GET"]}}],"collection":[{"href":"https:\/\/balatonkeresztur.plebania.hu\/index.php\/wp-json\/wp\/v2\/posts"}],"about":[{"href":"https:\/\/balatonkeresztur.plebania.hu\/index.php\/wp-json\/wp\/v2\/types\/post"}],"author":[{"embeddable":true,"href":"https:\/\/balatonkeresztur.plebania.hu\/index.php\/wp-json\/wp\/v2\/users\/1"}],"replies":[{"embeddable":true,"href":"https:\/\/balatonkeresztur.plebania.hu\/index.php\/wp-json\/wp\/v2\/comments?post=1104"}],"version-history":[{"count":3,"href":"https:\/\/balatonkeresztur.plebania.hu\/index.php\/wp-json\/wp\/v2\/posts\/1104\/revisions"}],"predecessor-version":[{"id":1108,"href":"https:\/\/balatonkeresztur.plebania.hu\/index.php\/wp-json\/wp\/v2\/posts\/1104\/revisions\/1108"}],"wp:attachment":[{"href":"https:\/\/balatonkeresztur.plebania.hu\/index.php\/wp-json\/wp\/v2\/media?parent=1104"}],"wp:term":[{"taxonomy":"category","embeddable":true,"href":"https:\/\/balatonkeresztur.plebania.hu\/index.php\/wp-json\/wp\/v2\/categories?post=1104"},{"taxonomy":"post_tag","embeddable":true,"href":"https:\/\/balatonkeresztur.plebania.hu\/index.php\/wp-json\/wp\/v2\/tags?post=1104"}],"curies":[{"name":"wp","href":"https:\/\/api.w.org\/{rel}","templated":true}]}}