{"id":1098,"date":"2023-10-05T11:19:30","date_gmt":"2023-10-05T11:19:30","guid":{"rendered":"https:\/\/balatonkeresztur.plebania.hu\/?p=1098"},"modified":"2023-10-05T11:50:06","modified_gmt":"2023-10-05T11:50:06","slug":"okumenikus-imavirrasztas","status":"publish","type":"post","link":"https:\/\/balatonkeresztur.plebania.hu\/index.php\/2023\/10\/05\/okumenikus-imavirrasztas\/","title":{"rendered":"\u00d6kumenikus imavirraszt\u00e1s"},"content":{"rendered":"\n<p>\u201e<em>Szin\u00f3dus: sz\u00fcn-hodosz\u201d: egy\u00fctt j\u00e1runk, nemcsak a katolikusok, hanem az \u00f6sszes kereszt\u00e9ny, a megkereszteltek eg\u00e9sz n\u00e9pe, Isten eg\u00e9sz n\u00e9pe, mert \u201ecsak az egy\u00fcttes eg\u00e9sz lehet mindenkinek az egys\u00e9ge<\/em>\u201d (Ferenc p\u00e1pa)<\/p>\n\n\n\n<!--more-->\n\n\n\n<p>2023. szeptember 30-\u00e1n mi is r\u00e9szt vett\u00fcnk az \u00f6kumenikus immavirraszt\u00e1son a Szent P\u00e9ter t\u00e9ren Ferenc p\u00e1pa jelenl\u00e9t\u00e9ben.<\/p>\n\n\n\n<p>&nbsp; T\u00f6bb, mint h\u00e1romezer fiatal vett rajta r\u00e9szt a vil\u00e1g minden t\u00e1j\u00e1r\u00f3l, k\u00fcl\u00f6nb\u00f6z\u0151 felekezetekb\u0151l; Magyarorsz\u00e1gr\u00f3l k\u00e9tsz\u00e1z fiatal volt jelen az esem\u00e9nyen.<\/p>\n\n\n\n<p>&nbsp;&nbsp; Az utaz\u00e1sunk szeptember 28-\u00e1n este vette kezdet\u00e9t, a 15 \u00f3r\u00e1s buszoz\u00e1s ut\u00e1n szeptember 29-\u00e9n d\u00e9lel\u0151tt \u00e9rkezt\u00fcnk meg R\u00f3m\u00e1ba a minket befogad\u00f3 pl\u00e9b\u00e1ni\u00e1ra. Itt volt lehet\u0151s\u00e9g\u00fcnk els\u00e9t\u00e1lni a Szent P\u00e1l bazilik\u00e1ba, a Colosseumhoz \u00e9s a Trevi k\u00fathoz is.<\/p>\n\n\n\n<p>&nbsp; Este a pl\u00e9b\u00e1ni\u00e1n vacsor\u00e1ztunk, vacsora ut\u00e1n pedig elindultunk a vend\u00e9gl\u00e1t\u00f3 csal\u00e1dokhoz, ugyanis a sz\u00e1ll\u00e1sad\u00f3ink nem m\u00e1sok voltak, mint a k\u00f6rny\u00e9ken lak\u00f3 olasz emberek.<\/p>\n\n\n\n<p>&nbsp; Szeptember 30-\u00e1n d\u00e9lel\u0151tt egy workshopon vett\u00fcnk r\u00e9szt -t\u00f6bb t\u00e9m\u00e1ban indultak ezek a workshopok-, amely sor\u00e1n a Szent Ign\u00e1c templomban vezettek k\u00f6rbe minket, ahol megismerkedhett\u00fcnk a szent \u00e9let\u00e9vel \u00e9s a templom bels\u0151\u00e9p\u00edt\u00e9szeti k\u00fcl\u00f6nlegess\u00e9geivel.<\/p>\n\n\n\n<p>&nbsp; Ugyanezen a napon d\u00e9lut\u00e1n a Later\u00e1ni bazilik\u00e1ban gy\u00fclekezt\u00fcnk, innen indultunk k\u00f6z\u00f6sen a hat kilom\u00e9terre tal\u00e1lhat\u00f3 Szent P\u00e9ter t\u00e9rre, ahol az utaz\u00e1sunk legf\u0151bb esem\u00e9nye, a virraszt\u00e1s zajlott. Ferenc p\u00e1pa a csend fontoss\u00e1g\u00e1r\u00f3l besz\u00e9lt, a szentbesz\u00e9de ut\u00e1n hossz\u00fa percekig tart\u00f3 csend uralta a h\u00e1romezer emberrel megtel\u00edtett teret.<\/p>\n\n\n\n<p>&nbsp; M\u00e1snap -okt\u00f3ber 1-j\u00e9n- a csal\u00e1dokn\u00e1l k\u00f6z\u00f6sen reggelizt\u00fcnk, \u00e9s elindultunk a pl\u00e9b\u00e1nia templomba, hogy az olaszok \u00e9s a magyarok k\u00f6z\u00f6sen, egy\u00fctt meg\u00fcnnepelj\u00fck az Euchariszti\u00e1t. A liturgia alapvet\u0151en olaszul zajlott, az olvasm\u00e1nyok, az Evang\u00e9lium \u00e9s a pr\u00e9dik\u00e1ci\u00f3 mindk\u00e9t nyelven elhangzott, majd a szentmise v\u00e9g\u00e9n egy magyar dallal lept\u00fck meg az ott l\u00e9v\u0151 olaszokat, amibe \u0151k is becsatlakoztak.<\/p>\n\n\n\n<p>&nbsp; A pl\u00e9b\u00e1ni\u00e1n egy\u00fctt eb\u00e9delt\u00fcnk, ezut\u00e1n elindultunk a haz\u00e1ig tart\u00f3 15 \u00f3r\u00e1s utaz\u00e1sunkra.<\/p>\n\n\n\n<p>\u201e<em>A mi csend\u00fcnk nem \u00fcres hallgat\u00e1s volt, hanem v\u00e1rakoz\u00e1ssal \u00e9s k\u00e9szenl\u00e9ttel teli id\u0151z\u00e9s<\/em>.\u201d (Ferenc p\u00e1pa)<\/p>\n\n\n\n<figure class=\"wp-block-image size-full is-resized\"><a href=\"https:\/\/photos.app.goo.gl\/qiNb5HW81GEpBRS1A\" target=\"_blank\" rel=\"noreferrer noopener\"><img loading=\"lazy\" decoding=\"async\" src=\"https:\/\/balatonkeresztur.plebania.hu\/wp-content\/uploads\/2023\/10\/nyito.jpeg\" alt=\"\" class=\"wp-image-1099\" width=\"507\" height=\"676\" srcset=\"https:\/\/balatonkeresztur.plebania.hu\/wp-content\/uploads\/2023\/10\/nyito.jpeg 830w, https:\/\/balatonkeresztur.plebania.hu\/wp-content\/uploads\/2023\/10\/nyito-768x1024.jpeg 768w, https:\/\/balatonkeresztur.plebania.hu\/wp-content\/uploads\/2023\/10\/nyito-225x300.jpeg 225w\" sizes=\"auto, (max-width: 507px) 100vw, 507px\" \/><\/a><figcaption>k\u00e9pre kattintva tov\u00e1bbi k\u00e9pek l\u00e1that\u00f3ak<\/figcaption><\/figure>\n","protected":false},"excerpt":{"rendered":"<p>\u201eSzin\u00f3dus: sz\u00fcn-hodosz\u201d: egy\u00fctt j\u00e1runk, nemcsak a katolikusok, hanem az \u00f6sszes kereszt\u00e9ny, a megkereszteltek eg\u00e9sz n\u00e9pe, Isten eg\u00e9sz n\u00e9pe, mert \u201ecsak az egy\u00fcttes eg\u00e9sz lehet mindenkinek az egys\u00e9ge\u201d (Ferenc p\u00e1pa)<\/p>\n","protected":false},"author":1,"featured_media":0,"comment_status":"closed","ping_status":"open","sticky":false,"template":"","format":"standard","meta":{"footnotes":""},"categories":[1],"tags":[],"class_list":["post-1098","post","type-post","status-publish","format-standard","hentry","category-egyeb"],"_links":{"self":[{"href":"https:\/\/balatonkeresztur.plebania.hu\/index.php\/wp-json\/wp\/v2\/posts\/1098","targetHints":{"allow":["GET"]}}],"collection":[{"href":"https:\/\/balatonkeresztur.plebania.hu\/index.php\/wp-json\/wp\/v2\/posts"}],"about":[{"href":"https:\/\/balatonkeresztur.plebania.hu\/index.php\/wp-json\/wp\/v2\/types\/post"}],"author":[{"embeddable":true,"href":"https:\/\/balatonkeresztur.plebania.hu\/index.php\/wp-json\/wp\/v2\/users\/1"}],"replies":[{"embeddable":true,"href":"https:\/\/balatonkeresztur.plebania.hu\/index.php\/wp-json\/wp\/v2\/comments?post=1098"}],"version-history":[{"count":3,"href":"https:\/\/balatonkeresztur.plebania.hu\/index.php\/wp-json\/wp\/v2\/posts\/1098\/revisions"}],"predecessor-version":[{"id":1102,"href":"https:\/\/balatonkeresztur.plebania.hu\/index.php\/wp-json\/wp\/v2\/posts\/1098\/revisions\/1102"}],"wp:attachment":[{"href":"https:\/\/balatonkeresztur.plebania.hu\/index.php\/wp-json\/wp\/v2\/media?parent=1098"}],"wp:term":[{"taxonomy":"category","embeddable":true,"href":"https:\/\/balatonkeresztur.plebania.hu\/index.php\/wp-json\/wp\/v2\/categories?post=1098"},{"taxonomy":"post_tag","embeddable":true,"href":"https:\/\/balatonkeresztur.plebania.hu\/index.php\/wp-json\/wp\/v2\/tags?post=1098"}],"curies":[{"name":"wp","href":"https:\/\/api.w.org\/{rel}","templated":true}]}}