{"id":1093,"date":"2023-09-16T19:24:00","date_gmt":"2023-09-16T19:24:00","guid":{"rendered":"https:\/\/balatonkeresztur.plebania.hu\/?p=1093"},"modified":"2023-09-16T19:24:39","modified_gmt":"2023-09-16T19:24:39","slug":"szent-fausztina-lelkinap-4","status":"publish","type":"post","link":"https:\/\/balatonkeresztur.plebania.hu\/index.php\/2023\/09\/16\/szent-fausztina-lelkinap-4\/","title":{"rendered":"Szent Fausztina lelkinap"},"content":{"rendered":"\n<p>A balatonkereszt\u00fari karit\u00e1sz csoport hagyom\u00e1nyosan 2023. okt\u00f3ber 14-\u00e9n szombaton tartja az \u0151szi lelkinapot a templomban.<\/p>\n\n\n\n<!--more-->\n\n\n\n<p>A lelki program:<\/p>\n\n\n\n<p>14:00 K\u00f6sz\u00f6nt\u0151, Irgalmass\u00e1g ima\u00f3ra, Szents\u00e9gim\u00e1d\u00e1s<\/p>\n\n\n\n<p>14:45 Sz\u00fcnet, alatta gy\u00f3n\u00e1si lehet\u0151s\u00e9g vend\u00e9g aty\u00e1k seg\u00edts\u00e9g\u00e9vel<\/p>\n\n\n\n<p>15:00 Szentmise lelkinapos elm\u00e9lked\u00e9ssel, azt k\u00f6vet\u0151en agap\u00e9 a Szent Istv\u00e1n h\u00e1zban<\/p>\n\n\n\n<p>A lelkinapot Tomanek Ferenc \u00c1ron, Marcali pl\u00e9b\u00e1nosa tartja.<\/p>\n\n\n\n<p>Mindenkit szeretettel h\u00edvunk \u00e9s v\u00e1runk!<\/p>\n\n\n\n<figure class=\"wp-block-image size-full is-resized\"><a href=\"http:\/\/balatonkeresztur.plebania.hu\/wp-content\/uploads\/2023\/09\/lelkinap2023osz.jpg\" target=\"_blank\" rel=\"noreferrer noopener\"><img loading=\"lazy\" decoding=\"async\" src=\"https:\/\/balatonkeresztur.plebania.hu\/wp-content\/uploads\/2023\/09\/lelkinap2023osz.jpg\" alt=\"\" class=\"wp-image-1094\" width=\"441\" height=\"506\" srcset=\"https:\/\/balatonkeresztur.plebania.hu\/wp-content\/uploads\/2023\/09\/lelkinap2023osz.jpg 791w, https:\/\/balatonkeresztur.plebania.hu\/wp-content\/uploads\/2023\/09\/lelkinap2023osz-768x881.jpg 768w, https:\/\/balatonkeresztur.plebania.hu\/wp-content\/uploads\/2023\/09\/lelkinap2023osz-262x300.jpg 262w\" sizes=\"auto, (max-width: 441px) 100vw, 441px\" \/><\/a><figcaption>let\u00f6lthet\u0151 plak\u00e1t<\/figcaption><\/figure>\n","protected":false},"excerpt":{"rendered":"<p>A balatonkereszt\u00fari karit\u00e1sz csoport hagyom\u00e1nyosan 2023. okt\u00f3ber 14-\u00e9n szombaton tartja az \u0151szi lelkinapot a templomban.<\/p>\n","protected":false},"author":1,"featured_media":0,"comment_status":"closed","ping_status":"open","sticky":false,"template":"","format":"standard","meta":{"footnotes":""},"categories":[1],"tags":[],"class_list":["post-1093","post","type-post","status-publish","format-standard","hentry","category-egyeb"],"_links":{"self":[{"href":"https:\/\/balatonkeresztur.plebania.hu\/index.php\/wp-json\/wp\/v2\/posts\/1093","targetHints":{"allow":["GET"]}}],"collection":[{"href":"https:\/\/balatonkeresztur.plebania.hu\/index.php\/wp-json\/wp\/v2\/posts"}],"about":[{"href":"https:\/\/balatonkeresztur.plebania.hu\/index.php\/wp-json\/wp\/v2\/types\/post"}],"author":[{"embeddable":true,"href":"https:\/\/balatonkeresztur.plebania.hu\/index.php\/wp-json\/wp\/v2\/users\/1"}],"replies":[{"embeddable":true,"href":"https:\/\/balatonkeresztur.plebania.hu\/index.php\/wp-json\/wp\/v2\/comments?post=1093"}],"version-history":[{"count":2,"href":"https:\/\/balatonkeresztur.plebania.hu\/index.php\/wp-json\/wp\/v2\/posts\/1093\/revisions"}],"predecessor-version":[{"id":1096,"href":"https:\/\/balatonkeresztur.plebania.hu\/index.php\/wp-json\/wp\/v2\/posts\/1093\/revisions\/1096"}],"wp:attachment":[{"href":"https:\/\/balatonkeresztur.plebania.hu\/index.php\/wp-json\/wp\/v2\/media?parent=1093"}],"wp:term":[{"taxonomy":"category","embeddable":true,"href":"https:\/\/balatonkeresztur.plebania.hu\/index.php\/wp-json\/wp\/v2\/categories?post=1093"},{"taxonomy":"post_tag","embeddable":true,"href":"https:\/\/balatonkeresztur.plebania.hu\/index.php\/wp-json\/wp\/v2\/tags?post=1093"}],"curies":[{"name":"wp","href":"https:\/\/api.w.org\/{rel}","templated":true}]}}