{"id":1087,"date":"2023-08-19T17:37:16","date_gmt":"2023-08-19T17:37:16","guid":{"rendered":"https:\/\/balatonkeresztur.plebania.hu\/?p=1087"},"modified":"2023-08-20T14:18:09","modified_gmt":"2023-08-20T14:18:09","slug":"ministransnap-2","status":"publish","type":"post","link":"https:\/\/balatonkeresztur.plebania.hu\/index.php\/2023\/08\/19\/ministransnap-2\/","title":{"rendered":"Ministr\u00e1nsnap"},"content":{"rendered":"\n<p>2023. augusztus 18-\u00e1n tartottuk meg \u2013 hagyom\u00e1nyteremt\u0151 jelleggel \u2013 az els\u0151 ministr\u00e1nsnapot a m\u00e1r felavatott ministr\u00e1nsok r\u00e9szv\u00e9tel\u00e9vel. A napunk t\u00e9m\u00e1ja a csod\u00e1latos keny\u00e9rszapor\u00edt\u00e1s volt.<\/p>\n\n\n\n<!--more-->\n\n\n\n<p>A d\u00e9lel\u0151tt folyam\u00e1n megn\u00e9zt\u00fcnk egy filmet a keny\u00e9rszapor\u00edt\u00e1sr\u00f3l, majd ezt k\u00f6vet\u0151en egy feladatlapot t\u00f6lt\u00f6tt\u00fcnk ki ehhez kapcsol\u00f3d\u00f3an, amin mindenki remek\u00fcl teljes\u00edtett. Megtanultuk a sz\u00e9p sziv\u00e1rv\u00e1ny rajzol\u00e1snak a titk\u00e1t, majd a k\u00e9pzeletbeli b\u0151r\u00f6nd\u00fckbe is megtudtuk, hogy mit tudunk pakolni.<\/p>\n\n\n\n<p>K\u00e9sz\u00edtett\u00fcnk egy\u00fctt gy\u00fcm\u00f6lcssal\u00e1t\u00e1t \u00e9s Zsolt aty\u00e1val egy\u00fctt limon\u00e1d\u00e9t, k\u00f6z\u00f6sen eb\u00e9delt\u00fcnk, ahol megtanultuk az \u00e9tkez\u00e9s el\u0151tti im\u00e1t \u00e9nekelni \u00e9s ittunk forr\u00f3csokit is.<\/p>\n\n\n\n<p>D\u00e9lut\u00e1n megrajzoltuk, hogy mit \u00e9rezt\u00fcnk volna, ha jelen lett\u00fcnk volna a keny\u00e9rszapor\u00edt\u00e1sn\u00e1l hangulatjel form\u00e1j\u00e1ban \u00e9s meg\u00e9p\u00edtett\u00fck a saj\u00e1t utunkat J\u00e9zushoz. Megtanultuk, hogy milyen r\u00e9szekb\u0151l \u00e1ll a szentmise, hogy m\u00e9g tudatosabban tudjuk J\u00e9zust szolg\u00e1lni az olt\u00e1rn\u00e1l. Halottunk egy mes\u00e9t a keny\u00e9r t\u00f6rt\u00e9net\u00e9r\u0151l, \u201e\u00edrtunk\u201d SMS-t a keny\u00e9rszapor\u00edt\u00e1sr\u00f3l, majd k\u00f6z\u00f6sen h\u00e1l\u00e1t adtunk a mai nap\u00e9rt.<\/p>\n\n\n\n<p>A napunkat az aznapi szentmise z\u00e1rta le, ahol meglepet\u00e9sk\u00e9nt git\u00e1ros \u00e9nekekkel \u00f6rvendeztett\u00fck meg a jelenlev\u0151ket.<\/p>\n\n\n\n<p>K\u00f6sz\u00f6nj\u00fck a szervez\u0151knek \u00e9s k\u00fcl\u00f6n k\u00f6sz\u00f6nj\u00fck a J\u00f3 Istennek, hogy ez a nap l\u00e9trej\u00f6hetett \u00e9s rem\u00e9lj\u00fck, hogy j\u00f6v\u0151re is tal\u00e1lkozunk a k\u00f6vetkez\u0151 k\u00f6z\u00f6ss\u00e9g\u00e9p\u00edt\u0151 lelkinapon!<\/p>\n\n\n\n<figure class=\"wp-block-image size-full is-resized\"><a href=\"https:\/\/photos.app.goo.gl\/PHW3UPrXXVbwBQeh6\" target=\"_blank\" rel=\"noreferrer noopener\"><img loading=\"lazy\" decoding=\"async\" src=\"https:\/\/balatonkeresztur.plebania.hu\/wp-content\/uploads\/2023\/08\/logo.jpeg\" alt=\"\" class=\"wp-image-1088\" width=\"528\" height=\"395\" srcset=\"https:\/\/balatonkeresztur.plebania.hu\/wp-content\/uploads\/2023\/08\/logo.jpeg 554w, https:\/\/balatonkeresztur.plebania.hu\/wp-content\/uploads\/2023\/08\/logo-400x300.jpeg 400w\" sizes=\"auto, (max-width: 528px) 100vw, 528px\" \/><\/a><figcaption>k\u00e9pek a lelki napr\u00f3l<\/figcaption><\/figure>\n","protected":false},"excerpt":{"rendered":"<p>2023. augusztus 18-\u00e1n tartottuk meg \u2013 hagyom\u00e1nyteremt\u0151 jelleggel \u2013 az els\u0151 ministr\u00e1nsnapot a m\u00e1r felavatott ministr\u00e1nsok r\u00e9szv\u00e9tel\u00e9vel. A napunk t\u00e9m\u00e1ja a csod\u00e1latos keny\u00e9rszapor\u00edt\u00e1s volt.<\/p>\n","protected":false},"author":1,"featured_media":0,"comment_status":"closed","ping_status":"open","sticky":false,"template":"","format":"standard","meta":{"footnotes":""},"categories":[1],"tags":[],"class_list":["post-1087","post","type-post","status-publish","format-standard","hentry","category-egyeb"],"_links":{"self":[{"href":"https:\/\/balatonkeresztur.plebania.hu\/index.php\/wp-json\/wp\/v2\/posts\/1087","targetHints":{"allow":["GET"]}}],"collection":[{"href":"https:\/\/balatonkeresztur.plebania.hu\/index.php\/wp-json\/wp\/v2\/posts"}],"about":[{"href":"https:\/\/balatonkeresztur.plebania.hu\/index.php\/wp-json\/wp\/v2\/types\/post"}],"author":[{"embeddable":true,"href":"https:\/\/balatonkeresztur.plebania.hu\/index.php\/wp-json\/wp\/v2\/users\/1"}],"replies":[{"embeddable":true,"href":"https:\/\/balatonkeresztur.plebania.hu\/index.php\/wp-json\/wp\/v2\/comments?post=1087"}],"version-history":[{"count":3,"href":"https:\/\/balatonkeresztur.plebania.hu\/index.php\/wp-json\/wp\/v2\/posts\/1087\/revisions"}],"predecessor-version":[{"id":1091,"href":"https:\/\/balatonkeresztur.plebania.hu\/index.php\/wp-json\/wp\/v2\/posts\/1087\/revisions\/1091"}],"wp:attachment":[{"href":"https:\/\/balatonkeresztur.plebania.hu\/index.php\/wp-json\/wp\/v2\/media?parent=1087"}],"wp:term":[{"taxonomy":"category","embeddable":true,"href":"https:\/\/balatonkeresztur.plebania.hu\/index.php\/wp-json\/wp\/v2\/categories?post=1087"},{"taxonomy":"post_tag","embeddable":true,"href":"https:\/\/balatonkeresztur.plebania.hu\/index.php\/wp-json\/wp\/v2\/tags?post=1087"}],"curies":[{"name":"wp","href":"https:\/\/api.w.org\/{rel}","templated":true}]}}