{"id":1083,"date":"2023-08-17T09:09:38","date_gmt":"2023-08-17T09:09:38","guid":{"rendered":"https:\/\/balatonkeresztur.plebania.hu\/?p=1083"},"modified":"2023-08-17T09:09:38","modified_gmt":"2023-08-17T09:09:38","slug":"koncert","status":"publish","type":"post","link":"https:\/\/balatonkeresztur.plebania.hu\/index.php\/2023\/08\/17\/koncert\/","title":{"rendered":"Koncert"},"content":{"rendered":"\n<p>Szeptember 2-\u00e1n a Nemzeti Filharmonikusok m\u0171v\u00e9szinek koncertj\u00e9t hallgathatjuk meg a balatonkereszt\u00fari pl\u00e9b\u00e1niatemplomban.<\/p>\n\n\n\n<!--more-->\n\n\n\n<p>W. A. MOZART: Klarin\u00e9t kvartett, K317d<\/p>\n\n\n\n<p>SZERGEJ RACHMANINOV: Els\u0151 von\u00f3sn\u00e9gyes (Romanze, Scherzo)&nbsp;<br>W. A. MOZART: Klarin\u00e9t kvintett, KV 581<\/p>\n\n\n\n<p>A Nemzeti Filharmonikus Zenekar m\u0171v\u00e9szei:<\/p>\n\n\n\n<p><strong>Salamon Gy\u00f6rgy<\/strong>&nbsp;&#8211; klarin\u00e9t<br><strong>Szekeres Gizella<\/strong>&nbsp;\u00e9s&nbsp;<strong>Detvay M. Marcella<\/strong>&nbsp;&#8211; heged\u0171<br><strong>Rem\u00e9nyi \u00c1gnes<\/strong>&nbsp;&#8211; br\u00e1csa<\/p>\n\n\n\n<p><strong>Luk\u00e1cs T\u00fcnde<\/strong>&nbsp;&#8211; csell\u00f3<\/p>\n\n\n\n<p><\/p>\n\n\n\n<p> <\/p>\n\n\n\n<p>A koncert plak\u00e1tja let\u00f6lthet\u0151 <a href=\"http:\/\/balatonkeresztur.plebania.hu\/wp-content\/uploads\/2023\/08\/2023.-szeptember-2._Balatonkeresztur_Detvay-Maria-Marcella_modositott.pdf\" target=\"_blank\" rel=\"noreferrer noopener\">itt<\/a><\/p>\n","protected":false},"excerpt":{"rendered":"<p>Szeptember 2-\u00e1n a Nemzeti Filharmonikusok m\u0171v\u00e9szinek koncertj\u00e9t hallgathatjuk meg a balatonkereszt\u00fari pl\u00e9b\u00e1niatemplomban.<\/p>\n","protected":false},"author":1,"featured_media":0,"comment_status":"closed","ping_status":"open","sticky":false,"template":"","format":"standard","meta":{"footnotes":""},"categories":[1],"tags":[],"class_list":["post-1083","post","type-post","status-publish","format-standard","hentry","category-egyeb"],"_links":{"self":[{"href":"https:\/\/balatonkeresztur.plebania.hu\/index.php\/wp-json\/wp\/v2\/posts\/1083","targetHints":{"allow":["GET"]}}],"collection":[{"href":"https:\/\/balatonkeresztur.plebania.hu\/index.php\/wp-json\/wp\/v2\/posts"}],"about":[{"href":"https:\/\/balatonkeresztur.plebania.hu\/index.php\/wp-json\/wp\/v2\/types\/post"}],"author":[{"embeddable":true,"href":"https:\/\/balatonkeresztur.plebania.hu\/index.php\/wp-json\/wp\/v2\/users\/1"}],"replies":[{"embeddable":true,"href":"https:\/\/balatonkeresztur.plebania.hu\/index.php\/wp-json\/wp\/v2\/comments?post=1083"}],"version-history":[{"count":2,"href":"https:\/\/balatonkeresztur.plebania.hu\/index.php\/wp-json\/wp\/v2\/posts\/1083\/revisions"}],"predecessor-version":[{"id":1086,"href":"https:\/\/balatonkeresztur.plebania.hu\/index.php\/wp-json\/wp\/v2\/posts\/1083\/revisions\/1086"}],"wp:attachment":[{"href":"https:\/\/balatonkeresztur.plebania.hu\/index.php\/wp-json\/wp\/v2\/media?parent=1083"}],"wp:term":[{"taxonomy":"category","embeddable":true,"href":"https:\/\/balatonkeresztur.plebania.hu\/index.php\/wp-json\/wp\/v2\/categories?post=1083"},{"taxonomy":"post_tag","embeddable":true,"href":"https:\/\/balatonkeresztur.plebania.hu\/index.php\/wp-json\/wp\/v2\/tags?post=1083"}],"curies":[{"name":"wp","href":"https:\/\/api.w.org\/{rel}","templated":true}]}}