{"id":1062,"date":"2023-07-20T17:24:25","date_gmt":"2023-07-20T17:24:25","guid":{"rendered":"https:\/\/balatonkeresztur.plebania.hu\/?p=1062"},"modified":"2023-09-16T19:24:57","modified_gmt":"2023-09-16T19:24:57","slug":"elsoaldozok-kirandulasa","status":"publish","type":"post","link":"https:\/\/balatonkeresztur.plebania.hu\/index.php\/2023\/07\/20\/elsoaldozok-kirandulasa\/","title":{"rendered":"Els\u0151\u00e1ldoz\u00f3k kir\u00e1ndul\u00e1sa"},"content":{"rendered":"\n<p>Egy kereszt\u00e9ny k\u00f6z\u00f6ss\u00e9g \u00f6sszetartoz\u00e1s\u00e1t is a k\u00f6z\u00f6s programok, a k\u00f6z\u00f6s \u00e9lm\u00e9nyek tudj\u00e1k m\u00e9ly\u00edteni \u00e9letkort\u00f3l f\u00fcggetlen\u00fcl. A volt \u00e9s leend\u0151 els\u0151\u00e1ldoz\u00f3knak lehet\u0151s\u00e9g\u00fck ad\u00f3dott arra, hogy 2023. j\u00falius 19-\u00e9n Kiss Zsolt atya \u00e9s Suszter Mikl\u00f3s hitoktat\u00f3 vezet\u00e9s\u00e9vel egy j\u00f3l megszervezett kir\u00e1ndul\u00e1son vegyenek r\u00e9szt.<\/p>\n\n\n\n<!--more-->\n\n\n\n<p>A f\u0151 \u00fati c\u00e9l P\u00e9cs v\u00e1rosa, de el\u0151tte lehet\u0151s\u00e9g\u00fck ad\u00f3dott a fel\u00faj\u00edtott kaposv\u00e1ri sz\u00e9kesegyh\u00e1z megtekint\u00e9s\u00e9re is.<\/p>\n\n\n\n<p>Az els\u0151 p\u00e9csi meg\u00e1ll\u00f3 a Zsolnay Kultur\u00e1lis Negyed Planet\u00e1riuma volt. A Planet\u00e1rium \u00e9rdekess\u00e9ge, hogy ez az orsz\u00e1g els\u0151 optikai planet\u00e1riuma. Egykor csillagvizsg\u00e1l\u00f3k\u00e9nt is m\u0171k\u00f6d\u00f6tt. Az el\u0151ad\u00e1s sor\u00e1n term\u00e9szettudom\u00e1nyos kalandok, mes\u00e9s \u0171rutaz\u00e1sok v\u00e1rt\u00e1k a r\u00e9sztvev\u0151ket, \u00e9s izgalmas t\u00f6rt\u00e9neteket ismerhettek meg Naprendszer\u00fcnkkel kapcsolatban.<\/p>\n\n\n\n<p>A k\u00f6vetkez\u0151 \u00e1llom\u00e1s: a p\u00e9csi Szent P\u00e9ter \u00e9s Szent P\u00e1l Sz\u00e9kesegyh\u00e1z. A nap egyik legsz\u00ednesebb programja volt, ahogy a gyermekek j\u00e1t\u00e9kos form\u00e1ban eleven\u00edtett\u00e9k fel a r\u00f3mai katolikus vall\u00e1sr\u00f3l tanultakat. \u00d6r\u00f6mmel adtak sz\u00e1mot tud\u00e1sukr\u00f3l a csod\u00e1latos fresk\u00f3k, domborm\u0171vek alapj\u00e1n. Bebarangolt\u00e1k a sz\u00e9kesegyh\u00e1zat az altemplomt\u00f3l az egyik l\u00e1togathat\u00f3 toronyig. Az altemplomban meg\u00e1lltak az egykori p\u00e9csi p\u00fcsp\u00f6k, \u00e9s kor\u00e1nak elismert, h\u00edres k\u00f6lt\u0151je, Janus Pannonius s\u00edrj\u00e1n\u00e1l, bel\u00e9phettek a szent\u00e9lybe, \u00e9s a toronyb\u00f3l megcsod\u00e1lhatt\u00e1k P\u00e9cs l\u00e1tk\u00e9p\u00e9t.<\/p>\n\n\n\n<p>A nap utols\u00f3 programja a P\u00e9csi \u00c1llatkert volt. A j\u00f3kedv\u0171 kir\u00e1ndul\u00f3k nagy lelkesed\u00e9ssel v\u00e1gtak bele az \u00e1llatkerti s\u00e9t\u00e1ba, \u00e9s csod\u00e1lkoztak r\u00e1 a k\u00fcl\u00f6nb\u00f6z\u0151, sz\u00e1mukra ismert \u00e9s ismeretlen \u00e9l\u0151l\u00e9nyekre.<\/p>\n\n\n\n<p>\u00c9lm\u00e9nyekben gazdagodva, f\u00e1radtan, de csillog\u00f3 szemmel t\u00e9rtek haza a gyerekek.<\/p>\n\n\n\n<p>A sz\u00fcl\u0151k nev\u00e9ben k\u00fcl\u00f6n k\u00f6sz\u00f6nj\u00fck Zsolt aty\u00e1nak a szervez\u00e9st \u00e9s a tartalmas programokat, valamint Suszter Mikl\u00f3s hitoktat\u00f3nak, hogy m\u00e9g g\u00f6rd\u00fcl\u00e9kenyebb\u00e9 tette gyermekeink kir\u00e1ndul\u00e1s\u00e1t.<\/p>\n\n\n\n<p>Gyerekek v\u00e1laszai, hogy mi tetszett nekik a legjobban:<\/p>\n\n\n\n<p>L\u00e9na: &#8211; A p\u00e9csi Szent P\u00e9ter \u00e9s Szent P\u00e1l Sz\u00e9kesegyh\u00e1z, mert j\u00e1t\u00e9kosan k\u00e9rd\u00e9seket kaptunk \u00e9s j\u00f3 \u00e9rz\u00e9s volt l\u00e1tni, hogy mennyi mindenre tudtunk v\u00e1laszolni milyen sok mindent tanultunk. De a torony is tetszett nagyon.<\/p>\n\n\n\n<p>Natasa: &#8211; A p\u00e9csi Szent P\u00e9ter \u00e9s Szent P\u00e1l Sz\u00e9kesegyh\u00e1z \u00e9s a tornya meg az \u00e1llatkerti s\u00e9ta tetszett a legjobban.<\/p>\n\n\n\n<p>Lili: &#8211; A p\u00e9csi Szent P\u00e9ter \u00e9s Szent P\u00e1l Sz\u00e9kesegyh\u00e1z \u00e9s lek\u00fczd\u00f6ttem a t\u00e9riszonyom, hogy felmehessek a toronyba valamint a P\u00e9csi \u00c1llatkert, k\u00fcl\u00f6n\u00f6sen a szurik\u00e1t\u00e1k \u00e9s a gy\u0171r\u0171sfark\u00fa makik.<\/p>\n\n\n\n<p>Dorina: &#8211; A p\u00e9csi Szent P\u00e9ter \u00e9s Szent P\u00e1l Sz\u00e9kesegyh\u00e1z meg a torony \u00e9s az \u00e1llatkert is nagyon tetszett.<\/p>\n\n\n\n<p>Bogi: &#8211; Azzal kezden\u00e9m, hogy ezen a kir\u00e1ndul\u00e1son nagyon-nagyon j\u00f3l \u00e9reztem magam, mert mindenki vid\u00e1m, j\u00f3kedv\u0171 volt. A kaposv\u00e1ri sz\u00e9kesegyh\u00e1z tetszett, t\u00f6k\u00e9letes a hangz\u00e1sa is. Ezt akkor tapasztaltam, amikor Zsolt atya \u00e9s Mikl\u00f3s b\u00e1csi egy\u00fctt \u00e9nekeltek benne. Meg\u00e9rkezt\u00fcnk P\u00e9csre, be\u00fclt\u00fcnk a Planet\u00e1riumba, \u00e9s kirep\u00fclt\u00fcnk&nbsp;a vil\u00e1g\u0171rbe, persze nem igazib\u00f3l.&nbsp; A legeslegjobb a p\u00e9csi d\u00f3m volt. Voltam m\u00e1r itt kor\u00e1bban is, de most olyan helyeket is megn\u00e9zhettem&nbsp;amelyeket nem l\u00e1thattam volna egy\u00e9bk\u00e9nt. Ezt K\u00e1lm\u00e1n b\u00e1csinak k\u00f6sz\u00f6nhett\u00fck, aki az idegenvezet\u0151nk volt. \u0150 sok \u00e9rdekess\u00e9get mes\u00e9lt a sz\u00e9kesegyh\u00e1zr\u00f3l, \u00e9s kicsit vizsg\u00e1ztatott benn\u00fcnket hittanb\u00f3l, mert azt is tan\u00edt egy p\u00e9csi katolikus iskol\u00e1ban. \u00d6r\u00fcltem, mert a k\u00e9rd\u00e9sek nagy r\u00e9sz\u00e9re tudtam, a v\u00e1laszokat. Finom volt az eb\u00e9d is amit, amit j\u00f3\u00edz\u0171en elfogyasztottunk, majd a p\u00e9csi \u00e1llatkertben is megn\u00e9zt\u00fck a l\u00e1tnival\u00f3kat. Az akv\u00e1rium-terr\u00e1rium l\u00e1tv\u00e1nyos volt, tetszett, de a r\u00e1csok m\u00f6g\u00e9 z\u00e1rt \u00e1llatokat \u00e9n nagyon sajn\u00e1ltam. &nbsp;Ez a hely volt kir\u00e1ndul\u00e1sunk utols\u00f3 \u00e1llom\u00e1sa, \u00e9s nagy k\u00e1r, hogy csak egy napra ment\u00fcnk, sz\u00edvesen maradtam volna m\u00e9g. K\u00f6sz\u00f6n\u00f6m Zsolt aty\u00e1nak \u00e9s Mikl\u00f3s b\u00e1csinak, hogy ott lehettem!<\/p>\n\n\n\n<p class=\"has-text-align-right\"><strong>M\u00f3ri Erika<\/strong><\/p>\n\n\n\n<p>N\u00e9h\u00e1ny k\u00e9p a kir\u00e1ndul\u00e1sr\u00f3l:<\/p>\n\n\n\n<figure class=\"wp-block-image size-full is-resized\"><a href=\"https:\/\/photos.app.goo.gl\/eZZoLJ1VHTkrMHfZ6\" target=\"_blank\" rel=\"noreferrer noopener\"><img loading=\"lazy\" decoding=\"async\" src=\"https:\/\/balatonkeresztur.plebania.hu\/wp-content\/uploads\/2023\/07\/IMG_4103-scaled.jpg\" alt=\"\" class=\"wp-image-1064\" width=\"469\" height=\"626\" srcset=\"https:\/\/balatonkeresztur.plebania.hu\/wp-content\/uploads\/2023\/07\/IMG_4103-scaled.jpg 1920w, https:\/\/balatonkeresztur.plebania.hu\/wp-content\/uploads\/2023\/07\/IMG_4103-768x1024.jpg 768w, https:\/\/balatonkeresztur.plebania.hu\/wp-content\/uploads\/2023\/07\/IMG_4103-1152x1536.jpg 1152w, https:\/\/balatonkeresztur.plebania.hu\/wp-content\/uploads\/2023\/07\/IMG_4103-1536x2048.jpg 1536w, https:\/\/balatonkeresztur.plebania.hu\/wp-content\/uploads\/2023\/07\/IMG_4103-225x300.jpg 225w\" sizes=\"auto, (max-width: 469px) 100vw, 469px\" \/><\/a><figcaption>a kir\u00e1ndul\u00e1s k\u00e9pei az albumban<\/figcaption><\/figure>\n","protected":false},"excerpt":{"rendered":"<p>Egy kereszt\u00e9ny k\u00f6z\u00f6ss\u00e9g \u00f6sszetartoz\u00e1s\u00e1t is a k\u00f6z\u00f6s programok, a k\u00f6z\u00f6s \u00e9lm\u00e9nyek tudj\u00e1k m\u00e9ly\u00edteni \u00e9letkort\u00f3l f\u00fcggetlen\u00fcl. A volt \u00e9s leend\u0151 els\u0151\u00e1ldoz\u00f3knak lehet\u0151s\u00e9g\u00fck ad\u00f3dott arra, hogy 2023. j\u00falius 19-\u00e9n Kiss Zsolt atya \u00e9s Suszter Mikl\u00f3s hitoktat\u00f3 vezet\u00e9s\u00e9vel egy j\u00f3l megszervezett kir\u00e1ndul\u00e1son vegyenek &hellip; <a href=\"https:\/\/balatonkeresztur.plebania.hu\/index.php\/2023\/07\/20\/elsoaldozok-kirandulasa\/\">Egy kattint\u00e1s ide a folytat\u00e1shoz&#8230;. <span class=\"meta-nav\">&rarr;<\/span><\/a><\/p>\n","protected":false},"author":1,"featured_media":0,"comment_status":"closed","ping_status":"closed","sticky":false,"template":"","format":"standard","meta":{"footnotes":""},"categories":[1],"tags":[],"class_list":["post-1062","post","type-post","status-publish","format-standard","hentry","category-egyeb"],"_links":{"self":[{"href":"https:\/\/balatonkeresztur.plebania.hu\/index.php\/wp-json\/wp\/v2\/posts\/1062","targetHints":{"allow":["GET"]}}],"collection":[{"href":"https:\/\/balatonkeresztur.plebania.hu\/index.php\/wp-json\/wp\/v2\/posts"}],"about":[{"href":"https:\/\/balatonkeresztur.plebania.hu\/index.php\/wp-json\/wp\/v2\/types\/post"}],"author":[{"embeddable":true,"href":"https:\/\/balatonkeresztur.plebania.hu\/index.php\/wp-json\/wp\/v2\/users\/1"}],"replies":[{"embeddable":true,"href":"https:\/\/balatonkeresztur.plebania.hu\/index.php\/wp-json\/wp\/v2\/comments?post=1062"}],"version-history":[{"count":5,"href":"https:\/\/balatonkeresztur.plebania.hu\/index.php\/wp-json\/wp\/v2\/posts\/1062\/revisions"}],"predecessor-version":[{"id":1070,"href":"https:\/\/balatonkeresztur.plebania.hu\/index.php\/wp-json\/wp\/v2\/posts\/1062\/revisions\/1070"}],"wp:attachment":[{"href":"https:\/\/balatonkeresztur.plebania.hu\/index.php\/wp-json\/wp\/v2\/media?parent=1062"}],"wp:term":[{"taxonomy":"category","embeddable":true,"href":"https:\/\/balatonkeresztur.plebania.hu\/index.php\/wp-json\/wp\/v2\/categories?post=1062"},{"taxonomy":"post_tag","embeddable":true,"href":"https:\/\/balatonkeresztur.plebania.hu\/index.php\/wp-json\/wp\/v2\/tags?post=1062"}],"curies":[{"name":"wp","href":"https:\/\/api.w.org\/{rel}","templated":true}]}}