{"id":1060,"date":"2023-07-23T00:06:22","date_gmt":"2023-07-23T00:06:22","guid":{"rendered":"https:\/\/balatonkeresztur.plebania.hu\/?p=1060"},"modified":"2023-07-22T17:06:49","modified_gmt":"2023-07-22T17:06:49","slug":"nagyszulok-es-idosek-vilagnapjara","status":"publish","type":"post","link":"https:\/\/balatonkeresztur.plebania.hu\/index.php\/2023\/07\/23\/nagyszulok-es-idosek-vilagnapjara\/","title":{"rendered":"Nagysz\u00fcl\u0151k \u00e9s id\u0151sek vil\u00e1gnapj\u00e1ra"},"content":{"rendered":"\n<p>A Nagysz\u00fcl\u0151k \u00e9s id\u0151sek vil\u00e1gnapj\u00e1r\u00f3l egy \u00c1prily Lajos verssel \u00e9s Szent II. J\u00e1nos P\u00e1l p\u00e1pa im\u00e1ds\u00e1g\u00e1val eml\u00e9kez\u00fcnk meg:<\/p>\n\n\n\n<!--more-->\n\n\n\n<p><strong>\u00c1prily Lajos: K\u00e9r\u00e9s az \u00f6regs\u00e9ghez<\/strong><\/p>\n\n\n\n<p>\u00d6regs\u00e9g, b\u00f6lcs fegyelmez\u0151je v\u00e9rnek<br>tan\u00edts meg hogy Csendemhez csendben \u00e9rjek.<\/p>\n\n\n\n<p>Ne ingerelj panaszra vagy haragra,<br>hangoskod\u00f3b\u00f3l halk\u00edts hallgatagra.<\/p>\n\n\n\n<p>Ne legyek csacska fecsk\u00e9hez hasonl\u00f3,<br>ritk\u00e1n hallassam hangom, mint a holl\u00f3.<\/p>\n\n\n\n<p>A k\u00f6zl\u00e9kenys\u00e9g k\u00fatj\u00e1t t\u00f6md be bennem,<br>karthauzi legyek a cella-csendben.<\/p>\n\n\n\n<p>Csak bukd\u00e1csol\u00f3 patakok csevegnek,<br>foly\u00f3k a torkolatn\u00e1l csendesednek.<\/p>\n\n\n\n<p>Ments meg zuhatag-sz\u00e1j\u00fa emberekt\u0151l,<br>k\u00f6nyvekbe pl\u00e1nt\u00e1lt sz\u00f3-rengetegekt\u0151l.<\/p>\n\n\n\n<p>Csak gy\u00f6keres sz\u00f3t adj. S k\u00f6zel a v\u00e9ghez<br>egy p\u00e1tosztalan, kurta sz\u00f3 el\u00e9g lesz,<\/p>\n\n\n\n<p>a t\u00fals\u00f3 partot l\u00e1t\u00f3 r\u00e9v\u00fcl\u00e9sben<br>a \u201eK\u00e9szen vagy?\u201d-ra ezt felelni: \u2014 K\u00e9szen<\/p>\n\n\n\n<p><strong>Szent II. J\u00e1nos P\u00e1l p\u00e1pa im\u00e1ja<\/strong><\/p>\n\n\n\n<p>Uram, k\u00f6sz\u00f6n\u00f6m Neked az aj\u00e1nd\u00e9kba kapott \u00e9veket \u00e9s \u00e9vtizedeket. K\u00f6sz\u00f6n\u00f6m az \u00e9letem minden eredm\u00e9ny\u00e9t, amivel meg\u00f6rvendeztett\u00e9l \u00e9s minden kudarc\u00e1t, amivel a korl\u00e1taimra figyelmeztett\u00e9l.<\/p>\n\n\n\n<p>K\u00f6sz\u00f6n\u00f6m a csal\u00e1dtagjaimat, akik elviselnek, akik mellettem \u00e1llnak \u00e9s szeretnek. Uram, k\u00e9rlek, bocs\u00e1sd meg, amit rosszul tettem, \u00e9s amit elmulasztottam. K\u00f6sz\u00f6n\u00f6m, hogy Te nem m\u00e9gy nyugd\u00edjba, hanem ma is mindent megteszel az \u00fcdv\u00f6ss\u00e9gem\u00e9rt.<\/p>\n\n\n\n<p>Uram, adj nekem h\u00e1l\u00e1s sz\u00edvet, hogy mindig \u00e9szrevegyem: t\u00f6bb okom van a h\u00e1l\u00e1ra, mint a panaszra. Ments meg az irigys\u00e9gt\u0151l, el\u00e9gedetlens\u00e9gt\u0151l, nyugtalans\u00e1gt\u00f3l, a mindent-tud\u00e1s l\u00e1tszat\u00e1t\u00f3l \u00e9s a mindent-jobban-tud\u00e1s hazugs\u00e1g\u00e1t\u00f3l, a gyan\u00fat\u00f3l, hogy valaki mindig b\u00e1ntani akar. Ments meg a k\u00f6z\u00f6nyt\u0151l, a h\u00e1zs\u00e1rtos, bar\u00e1ts\u00e1gtalan viselked\u00e9st\u0151l, az \u00f6r\u00f6k\u00f6s zs\u00f6rt\u00f6l\u0151d\u00e9st\u0151l, a r\u00fat \u00f6nz\u00e9st\u0151l, a mindent elbor\u00edt\u00f3 keser\u0171s\u00e9gt\u0151l \u00e9s a hi\u00e1baval\u00f3s\u00e1g nyomaszt\u00f3 \u00e9rz\u00e9s\u00e9t\u0151l.<\/p>\n\n\n\n<p>Uram, adj er\u0151t, hogy b\u00e9k\u00e9sen hordjam az \u00f6regkor terheit, humorral fogadjam a feled\u00e9kenys\u00e9gem jeleit, er\u0151tlens\u00e9gemet, \u00e9rz\u00e9kszerveim tompul\u00e1s\u00e1t, testi-szellemi er\u0151m hanyatl\u00e1s\u00e1t.<\/p>\n\n\n\n<p>Uram, adj b\u00f6lcs sz\u00edvet, hogy meg ne feledkezzem a v\u00e9gr\u0151l itt, \u00e9s a kezdetr\u0151l oda\u00e1t. K\u00e9rlek, adj kedvet a munk\u00e1hoz, amit m\u00e9g elv\u00e9gezhetek. T\u00e9gy hasznoss\u00e1, hogy ne \u00e9rezzem csak tehernek magamat \u00e9s adj al\u00e1zatot, hogy bel\u00e1ssam, hogy egyre ink\u00e1bb m\u00e1sokra szorulok. Adj kedvet az im\u00e1ds\u00e1ghoz, a Veled val\u00f3 besz\u00e9lget\u00e9shez. Adj vil\u00e1goss\u00e1got, hogy j\u00f3l l\u00e1ssam magam, \u00e9s j\u00f3l l\u00e1ssak m\u00e1sokat is. Adj j\u00f3 kedvet \u00e9s nyitotts\u00e1got, hogy m\u00e9g mindig tudjak befogadni \u00e9s adj szeretetet, hogy ne csak panaszkodjak m\u00e1sok hidegs\u00e9ge miatt, hanem \u00e1rasszam a szereteted meleg\u00e9t.<\/p>\n\n\n\n<p>Uram, maradj az, aki mindig is volt\u00e1l: a megbocs\u00e1t\u00f3 \u00c9desaty\u00e1m. Ez ind\u00edtson arra, hogy \u00e9n is tudjak megbocs\u00e1tani. Ne engedd, hogy valaha is f\u00e1radt legyek a k\u00f6sz\u00f6net-mond\u00e1shoz. Ne engedd, hogy valaha is abbahagyjam a dics\u00e9retedet. Tartsd meg \u00e9s n\u00f6veld a hitemet. Sz\u00f3lj Uram, m\u00e9g hallja a Te szolg\u00e1d!<\/p>\n","protected":false},"excerpt":{"rendered":"<p>A Nagysz\u00fcl\u0151k \u00e9s id\u0151sek vil\u00e1gnapj\u00e1r\u00f3l egy \u00c1prily Lajos verssel \u00e9s Szent II. J\u00e1nos P\u00e1l p\u00e1pa im\u00e1ds\u00e1g\u00e1val eml\u00e9kez\u00fcnk meg:<\/p>\n","protected":false},"author":1,"featured_media":0,"comment_status":"closed","ping_status":"closed","sticky":false,"template":"","format":"standard","meta":{"footnotes":""},"categories":[1],"tags":[],"class_list":["post-1060","post","type-post","status-publish","format-standard","hentry","category-egyeb"],"_links":{"self":[{"href":"https:\/\/balatonkeresztur.plebania.hu\/index.php\/wp-json\/wp\/v2\/posts\/1060","targetHints":{"allow":["GET"]}}],"collection":[{"href":"https:\/\/balatonkeresztur.plebania.hu\/index.php\/wp-json\/wp\/v2\/posts"}],"about":[{"href":"https:\/\/balatonkeresztur.plebania.hu\/index.php\/wp-json\/wp\/v2\/types\/post"}],"author":[{"embeddable":true,"href":"https:\/\/balatonkeresztur.plebania.hu\/index.php\/wp-json\/wp\/v2\/users\/1"}],"replies":[{"embeddable":true,"href":"https:\/\/balatonkeresztur.plebania.hu\/index.php\/wp-json\/wp\/v2\/comments?post=1060"}],"version-history":[{"count":1,"href":"https:\/\/balatonkeresztur.plebania.hu\/index.php\/wp-json\/wp\/v2\/posts\/1060\/revisions"}],"predecessor-version":[{"id":1061,"href":"https:\/\/balatonkeresztur.plebania.hu\/index.php\/wp-json\/wp\/v2\/posts\/1060\/revisions\/1061"}],"wp:attachment":[{"href":"https:\/\/balatonkeresztur.plebania.hu\/index.php\/wp-json\/wp\/v2\/media?parent=1060"}],"wp:term":[{"taxonomy":"category","embeddable":true,"href":"https:\/\/balatonkeresztur.plebania.hu\/index.php\/wp-json\/wp\/v2\/categories?post=1060"},{"taxonomy":"post_tag","embeddable":true,"href":"https:\/\/balatonkeresztur.plebania.hu\/index.php\/wp-json\/wp\/v2\/tags?post=1060"}],"curies":[{"name":"wp","href":"https:\/\/api.w.org\/{rel}","templated":true}]}}