{"id":1058,"date":"2023-07-22T17:02:04","date_gmt":"2023-07-22T17:02:04","guid":{"rendered":"https:\/\/balatonkeresztur.plebania.hu\/?p=1058"},"modified":"2023-07-22T17:02:04","modified_gmt":"2023-07-22T17:02:04","slug":"nagyszulok-es-idosek-vilagnapja","status":"publish","type":"post","link":"https:\/\/balatonkeresztur.plebania.hu\/index.php\/2023\/07\/22\/nagyszulok-es-idosek-vilagnapja\/","title":{"rendered":"Nagysz\u00fcl\u0151k \u00e9s id\u0151sek vil\u00e1gnapja"},"content":{"rendered":"\n<p>J\u00falius 23-\u00e1n tartjuk a nagysz\u00fcl\u0151k \u00e9s id\u0151sek vil\u00e1gnapj\u00e1t<\/p>\n\n\n\n<!--more-->\n\n\n\n<p>J\u00falius 23-\u00e1n, vas\u00e1rnap lesz a nagysz\u00fcl\u0151k \u00e9s id\u0151sek vil\u00e1gnapja. A Vil\u00e1giak, Csal\u00e1d \u00e9s \u00c9let Dikaszt\u00e9riuma k\u00f6zz\u00e9tette az idei t\u00e9m\u00e1t, amelyet a Szentatya Luk\u00e1cs evang\u00e9lium\u00e1b\u00f3l v\u00e1lasztott: \u201eIrgalma nemzed\u00e9kr\u0151l nemzed\u00e9kre megmarad\u201d (Lk 1,50).<\/p>\n\n\n\n<p>A Ferenc p\u00e1pa \u00e1ltal v\u00e1lasztott t\u00e9ma a n\u00e9h\u00e1ny nappal k\u00e9s\u0151bb, Lisszabonban megrendez\u00e9sre ker\u00fcl\u0151 Ifj\u00fas\u00e1gi Vil\u00e1gtal\u00e1lkoz\u00f3val (augusztus 1\u20136.) val\u00f3 kapcsolatot fejezi ki.&nbsp;<\/p>\n\n\n\n<p>Az ifj\u00fas\u00e1gi vil\u00e1gtal\u00e1lkoz\u00f3 t\u00e9m\u00e1ja ugyanis \u2013 \u201eM\u00e1ria felkelt, \u00e9s sietve \u00fatnak indult\u201d (Lk 1,39) \u2013 a fiatal M\u00e1ri\u00e1ra utal, aki elindul, hogy megl\u00e1togassa id\u0151s rokon\u00e1t, Erzs\u00e9betet, s aki a Magnificatban hangosan hirdeti a fiatalok \u00e9s id\u0151sek k\u00f6z\u00f6tti sz\u00f6vets\u00e9g erej\u00e9t.<\/p>\n\n\n\n<p>A nagysz\u00fcl\u0151k \u00e9s id\u0151sek 3. vil\u00e1gnapja alkalm\u00e1b\u00f3l a Szent P\u00e9ter-bazilik\u00e1ban bemutatand\u00f3 szentmise kapcs\u00e1n Ferenc p\u00e1pa arra k\u00e9ri az egyh\u00e1zmegy\u00e9ket, egyh\u00e1zk\u00f6zs\u00e9geket, egyh\u00e1zi szervezeteket \u00e9s k\u00f6z\u00f6ss\u00e9geket szerte a vil\u00e1gon, hogy \u0151k is tarts\u00e1k meg ezt a vil\u00e1gnapot saj\u00e1t lelkip\u00e1sztori val\u00f3s\u00e1guknak megfelel\u0151en.<\/p>\n\n\n\n<p>forr\u00e1s: <a href=\"https:\/\/www.magyarkurir.hu\/ferenc-papa\/julius-23-an-tartjuk-nagyszulok-es-idosek-vilagnapjat\" target=\"_blank\" rel=\"noreferrer noopener\">Magyar Kur\u00edr<\/a><\/p>\n","protected":false},"excerpt":{"rendered":"<p>J\u00falius 23-\u00e1n tartjuk a nagysz\u00fcl\u0151k \u00e9s id\u0151sek vil\u00e1gnapj\u00e1t<\/p>\n","protected":false},"author":1,"featured_media":0,"comment_status":"closed","ping_status":"open","sticky":false,"template":"","format":"standard","meta":{"footnotes":""},"categories":[1],"tags":[],"class_list":["post-1058","post","type-post","status-publish","format-standard","hentry","category-egyeb"],"_links":{"self":[{"href":"https:\/\/balatonkeresztur.plebania.hu\/index.php\/wp-json\/wp\/v2\/posts\/1058","targetHints":{"allow":["GET"]}}],"collection":[{"href":"https:\/\/balatonkeresztur.plebania.hu\/index.php\/wp-json\/wp\/v2\/posts"}],"about":[{"href":"https:\/\/balatonkeresztur.plebania.hu\/index.php\/wp-json\/wp\/v2\/types\/post"}],"author":[{"embeddable":true,"href":"https:\/\/balatonkeresztur.plebania.hu\/index.php\/wp-json\/wp\/v2\/users\/1"}],"replies":[{"embeddable":true,"href":"https:\/\/balatonkeresztur.plebania.hu\/index.php\/wp-json\/wp\/v2\/comments?post=1058"}],"version-history":[{"count":1,"href":"https:\/\/balatonkeresztur.plebania.hu\/index.php\/wp-json\/wp\/v2\/posts\/1058\/revisions"}],"predecessor-version":[{"id":1059,"href":"https:\/\/balatonkeresztur.plebania.hu\/index.php\/wp-json\/wp\/v2\/posts\/1058\/revisions\/1059"}],"wp:attachment":[{"href":"https:\/\/balatonkeresztur.plebania.hu\/index.php\/wp-json\/wp\/v2\/media?parent=1058"}],"wp:term":[{"taxonomy":"category","embeddable":true,"href":"https:\/\/balatonkeresztur.plebania.hu\/index.php\/wp-json\/wp\/v2\/categories?post=1058"},{"taxonomy":"post_tag","embeddable":true,"href":"https:\/\/balatonkeresztur.plebania.hu\/index.php\/wp-json\/wp\/v2\/tags?post=1058"}],"curies":[{"name":"wp","href":"https:\/\/api.w.org\/{rel}","templated":true}]}}