{"id":1042,"date":"2023-05-28T10:50:46","date_gmt":"2023-05-28T10:50:46","guid":{"rendered":"https:\/\/balatonkeresztur.plebania.hu\/?p=1042"},"modified":"2023-05-29T18:42:05","modified_gmt":"2023-05-29T18:42:05","slug":"ministransok-avatasa","status":"publish","type":"post","link":"https:\/\/balatonkeresztur.plebania.hu\/index.php\/2023\/05\/28\/ministransok-avatasa\/","title":{"rendered":"Ministr\u00e1nsok avat\u00e1sa"},"content":{"rendered":"\n<p>A mai napon ministr\u00e1ns avat\u00e1s volt templomunkban.<\/p>\n\n\n\n<!--more-->\n\n\n\n<p>&#8222;<em>Ez a szent szolg\u00e1lat sok szeretetet \u00e9s \u00e1ldozatot k\u00edv\u00e1n t\u0151letek. (\u2026) Min\u00e9l t\u00f6bbsz\u00f6r szolg\u00e1lj\u00e1tok az \u00dar J\u00e9zust, hogy soha ne maradjon egyed\u00fcl az olt\u00e1rn\u00e1l. Legyetek ott mellette, hogy l\u00e1ssa, mindenn\u00e9l jobban szeretitek \u0150t<\/em>.&#8221;<\/p>\n\n\n\n<p>Hosszas felk\u00e9sz\u00fcl\u00e9s ut\u00e1n a ministr\u00e1lni v\u00e1gy\u00f3 gyermekek, fiatalok a p\u00fcnk\u00f6sdi liturgi\u00e1ban egy szertart\u00e1s keret\u00e9ben magukra \u00f6lthett\u00e9k a ministr\u00e1nsruh\u00e1t.<br>A be\u00f6lt\u00f6z\u00e9st \u00edg\u00e9rett\u00e9tel el\u0151zte meg, melyben a ministr\u00e1nsok meg\u00edg\u00e9rt\u00e9k, hogy a szentmis\u00e9ken p\u00e9ld\u00e1s fegyelemmel, odaad\u00e1ssal \u00e9s h\u0171s\u00e9gesen fognak Istennek szolg\u00e1lni, hogy ez\u00e1ltal seg\u00edtsenek szebb\u00e9 tenni a templomi szolg\u00e1latot, \u00e9s azt is meg\u00edg\u00e9rt\u00e9k, hogy \u00e9let\u00fckkel igyekeznek Krisztust eljuttatni az emberekhez.<br>Ezut\u00e1n k\u00f6vetkezett a ministr\u00e1nsok \u00e9s a ministr\u00e1nsruh\u00e1k meg\u00e1ld\u00e1sa, majd ezt k\u00f6vet\u0151en fel lettek v\u00e9ve a pl\u00e9b\u00e1nia ministr\u00e1nsai k\u00f6z\u00e9 \u00e9s magukra \u00f6lt\u00f6tt\u00e9k a meg\u00e1ldott ruh\u00e1kat.<br>A szentmise ut\u00e1n a ministr\u00e1nsokat \u00e9s csal\u00e1djukat kaka\u00f3val \u00e9s kal\u00e1ccsal l\u00e1ttuk vend\u00e9g\u00fcl a Szent Istv\u00e1n H\u00e1zban, ahol egy eml\u00e9klapot \u00e9s a nekik k\u00e9sz\u00fclt &#8222;Ministr\u00e1nsok K\u00f6nyv\u00e9t&#8221; kapt\u00e1k aj\u00e1nd\u00e9kba.<\/p>\n\n\n\n<p>&#8222;<em>Eml\u00e9keztetlek benneteket, hogy a feh\u00e9r ruha, amelyet ti a liturgikus szolg\u00e1latotok alkalm\u00e1val viseltek, a keresztel\u00e9setek napj\u00e1n kapt\u00e1tok<\/em>&#8221; &#8211; II. J\u00e1nos P\u00e1l p\u00e1pa<\/p>\n\n\n\n<figure class=\"wp-block-image size-full\"><a href=\"https:\/\/photos.app.goo.gl\/zvFeJbt6zAQf1xhc6\" target=\"_blank\" rel=\"noreferrer noopener\"><img loading=\"lazy\" decoding=\"async\" width=\"2560\" height=\"1213\" src=\"https:\/\/balatonkeresztur.plebania.hu\/wp-content\/uploads\/2023\/05\/avatas-scaled.jpg\" alt=\"\" class=\"wp-image-1049\" srcset=\"https:\/\/balatonkeresztur.plebania.hu\/wp-content\/uploads\/2023\/05\/avatas-scaled.jpg 2560w, https:\/\/balatonkeresztur.plebania.hu\/wp-content\/uploads\/2023\/05\/avatas-768x364.jpg 768w, https:\/\/balatonkeresztur.plebania.hu\/wp-content\/uploads\/2023\/05\/avatas-1536x728.jpg 1536w, https:\/\/balatonkeresztur.plebania.hu\/wp-content\/uploads\/2023\/05\/avatas-2048x970.jpg 2048w, https:\/\/balatonkeresztur.plebania.hu\/wp-content\/uploads\/2023\/05\/avatas-500x237.jpg 500w\" sizes=\"auto, (max-width: 2560px) 100vw, 2560px\" \/><\/a><figcaption>a k\u00e9pre kattintva tov\u00e1bbi k\u00e9pek tekinthet\u0151k meg<\/figcaption><\/figure>\n","protected":false},"excerpt":{"rendered":"<p>A mai napon ministr\u00e1ns avat\u00e1s volt templomunkban.<\/p>\n","protected":false},"author":1,"featured_media":0,"comment_status":"closed","ping_status":"open","sticky":false,"template":"","format":"standard","meta":{"footnotes":""},"categories":[1],"tags":[],"class_list":["post-1042","post","type-post","status-publish","format-standard","hentry","category-egyeb"],"_links":{"self":[{"href":"https:\/\/balatonkeresztur.plebania.hu\/index.php\/wp-json\/wp\/v2\/posts\/1042","targetHints":{"allow":["GET"]}}],"collection":[{"href":"https:\/\/balatonkeresztur.plebania.hu\/index.php\/wp-json\/wp\/v2\/posts"}],"about":[{"href":"https:\/\/balatonkeresztur.plebania.hu\/index.php\/wp-json\/wp\/v2\/types\/post"}],"author":[{"embeddable":true,"href":"https:\/\/balatonkeresztur.plebania.hu\/index.php\/wp-json\/wp\/v2\/users\/1"}],"replies":[{"embeddable":true,"href":"https:\/\/balatonkeresztur.plebania.hu\/index.php\/wp-json\/wp\/v2\/comments?post=1042"}],"version-history":[{"count":6,"href":"https:\/\/balatonkeresztur.plebania.hu\/index.php\/wp-json\/wp\/v2\/posts\/1042\/revisions"}],"predecessor-version":[{"id":1051,"href":"https:\/\/balatonkeresztur.plebania.hu\/index.php\/wp-json\/wp\/v2\/posts\/1042\/revisions\/1051"}],"wp:attachment":[{"href":"https:\/\/balatonkeresztur.plebania.hu\/index.php\/wp-json\/wp\/v2\/media?parent=1042"}],"wp:term":[{"taxonomy":"category","embeddable":true,"href":"https:\/\/balatonkeresztur.plebania.hu\/index.php\/wp-json\/wp\/v2\/categories?post=1042"},{"taxonomy":"post_tag","embeddable":true,"href":"https:\/\/balatonkeresztur.plebania.hu\/index.php\/wp-json\/wp\/v2\/tags?post=1042"}],"curies":[{"name":"wp","href":"https:\/\/api.w.org\/{rel}","templated":true}]}}