{"id":103,"date":"2018-09-28T19:19:00","date_gmt":"2018-09-28T19:19:00","guid":{"rendered":"http:\/\/balatonkeresztur.plebania.hu\/?p=103"},"modified":"2018-09-28T19:19:00","modified_gmt":"2018-09-28T19:19:00","slug":"szalezi-szent-ferenc-imaja","status":"publish","type":"post","link":"https:\/\/balatonkeresztur.plebania.hu\/index.php\/2018\/09\/28\/szalezi-szent-ferenc-imaja\/","title":{"rendered":"Szal\u00e9zi Szent Ferenc im\u00e1ja"},"content":{"rendered":"<p>Ha minden angyal, a vil\u00e1g minden l\u00e1ngelm\u00e9je<br \/>\ntanulm\u00e1nyozta volna,<br \/>\nmi v\u00e1lik hasznodra ebben vagy abban a helyzetben,<br \/>\nmif\u00e9le szenved\u00e9s,<!--more--><br \/>\nk\u00eds\u00e9rt\u00e9s vagy f\u00e1jdalmas vesztes\u00e9g,<br \/>\nnem tal\u00e1lhattak volna<br \/>\nhozz\u00e1d ill\u0151bbet,<br \/>\nmint azt, ami \u00e9rt.<br \/>\nIsten \u00f6r\u00f6k Gondvisel\u00e9se<br \/>\nKezdett\u0151l fogva kigondolta,<br \/>\nhogy ezt a keresztet saj\u00e1t Sz\u00edv\u00e9b\u0151l<br \/>\n\u00e9rt\u00e9kes aj\u00e1nd\u00e9kk\u00e9nt neked adja.<\/p>\n<p>Miel\u0151tt elk\u00fcld\u00f6tte volna,<br \/>\nmindentud\u00f3 szem\u00e9vel megszeml\u00e9lte,<br \/>\nisteni \u00e9rtelm\u00e9vel \u00e1tgondolta,<br \/>\nb\u00f6lcs igazs\u00e1goss\u00e1goss\u00e1g\u00e1val megvizsg\u00e1lta,<br \/>\nszeret\u0151 irgalm\u00e1val \u00e1tmeleg\u00edtette.<\/p>\n<p>Mind a k\u00e9t kez\u00e9vel megm\u00e9rte,<br \/>\nhogy egy millim\u00e9terrel se legyen nagyobb,<br \/>\negy milligrammal se nehezebb a kellet\u00e9n\u00e9l.<\/p>\n<p>Azut\u00e1n meg\u00e1ldotta szent nev\u00e9vel,<br \/>\nf\u00f6lkente kegyelm\u00e9vel,<br \/>\nbel\u00e9je lehelte vigasz\u00e1t,<br \/>\n\u00e9s m\u00e9g egyszer r\u00e1d \u00e9s b\u00e1tors\u00e1godra pillantott.<\/p>\n<p>\u00cdgy most egyenesen az \u00e9gb\u0151l j\u00f6n fel\u00e9d,<br \/>\nmint Istennek h\u00edv\u00e1sa,<br \/>\ns k\u00f6ny\u00f6r\u00fcl\u0151 szeretet\u00e9nek aj\u00e1nd\u00e9ka,<br \/>\nhogy eg\u00e9szen \u00f6nmagadd\u00e1 l\u00e9gy,<br \/>\n\u00e9s Istenben megtal\u00e1ld beteljes\u00fcl\u00e9sedet.<\/p>\n","protected":false},"excerpt":{"rendered":"<p>Ha minden angyal, a vil\u00e1g minden l\u00e1ngelm\u00e9je tanulm\u00e1nyozta volna, mi v\u00e1lik hasznodra ebben vagy abban a helyzetben, mif\u00e9le szenved\u00e9s,<\/p>\n","protected":false},"author":1,"featured_media":0,"comment_status":"closed","ping_status":"open","sticky":false,"template":"","format":"standard","meta":{"footnotes":""},"categories":[1],"tags":[],"class_list":["post-103","post","type-post","status-publish","format-standard","hentry","category-egyeb"],"_links":{"self":[{"href":"https:\/\/balatonkeresztur.plebania.hu\/index.php\/wp-json\/wp\/v2\/posts\/103","targetHints":{"allow":["GET"]}}],"collection":[{"href":"https:\/\/balatonkeresztur.plebania.hu\/index.php\/wp-json\/wp\/v2\/posts"}],"about":[{"href":"https:\/\/balatonkeresztur.plebania.hu\/index.php\/wp-json\/wp\/v2\/types\/post"}],"author":[{"embeddable":true,"href":"https:\/\/balatonkeresztur.plebania.hu\/index.php\/wp-json\/wp\/v2\/users\/1"}],"replies":[{"embeddable":true,"href":"https:\/\/balatonkeresztur.plebania.hu\/index.php\/wp-json\/wp\/v2\/comments?post=103"}],"version-history":[{"count":1,"href":"https:\/\/balatonkeresztur.plebania.hu\/index.php\/wp-json\/wp\/v2\/posts\/103\/revisions"}],"predecessor-version":[{"id":104,"href":"https:\/\/balatonkeresztur.plebania.hu\/index.php\/wp-json\/wp\/v2\/posts\/103\/revisions\/104"}],"wp:attachment":[{"href":"https:\/\/balatonkeresztur.plebania.hu\/index.php\/wp-json\/wp\/v2\/media?parent=103"}],"wp:term":[{"taxonomy":"category","embeddable":true,"href":"https:\/\/balatonkeresztur.plebania.hu\/index.php\/wp-json\/wp\/v2\/categories?post=103"},{"taxonomy":"post_tag","embeddable":true,"href":"https:\/\/balatonkeresztur.plebania.hu\/index.php\/wp-json\/wp\/v2\/tags?post=103"}],"curies":[{"name":"wp","href":"https:\/\/api.w.org\/{rel}","templated":true}]}}