{"id":1022,"date":"2023-05-10T05:30:10","date_gmt":"2023-05-10T05:30:10","guid":{"rendered":"https:\/\/balatonkeresztur.plebania.hu\/?p=1022"},"modified":"2023-05-10T05:30:10","modified_gmt":"2023-05-10T05:30:10","slug":"karitasz-lelki-nap-3","status":"publish","type":"post","link":"https:\/\/balatonkeresztur.plebania.hu\/index.php\/2023\/05\/10\/karitasz-lelki-nap-3\/","title":{"rendered":"Karit\u00e1sz lelki nap"},"content":{"rendered":"\n<p>A Balatonkereszt\u00fari Karit\u00e1sz Csoport 2023. m\u00e1jus 6-\u00e1n szombaton hagyom\u00e1nyteremt\u0151 sz\u00e1nd\u00e9kkal tartotta els\u0151 tavaszi lelki napj\u00e1t a Sz\u0171z anya h\u00f3napja alkalm\u00e1b\u00f3l.<\/p>\n\n\n\n<!--more-->\n\n\n\n<p>A r\u00f6vid k\u00f6sz\u00f6nt\u0151t k\u00f6vet\u0151en a Lorett\u00f3i lit\u00e1ni\u00e1t im\u00e1dkoztuk, amelybe k\u00e1ntorunk \u00e9nekl\u00e9ssel kapcsol\u00f3dott be. Ezut\u00e1n az \u00f6rvendetes R\u00f3zsaf\u0171z\u00e9r k\u00f6vetkezett, amely ut\u00e1n r\u00f6vid szents\u00e9gim\u00e1d\u00e1sban lehetett r\u00e9sz\u00fcnk a vend\u00e9g atya vezet\u00e9s\u00e9vel.<\/p>\n\n\n\n<p>A sz\u00fcnet alatt gy\u00f3n\u00e1si lehet\u0151s\u00e9get biztos\u00edtottak az aty\u00e1k, amellyel t\u00f6bben is \u00e9ltek.<\/p>\n\n\n\n<p>A Szent mis\u00e9t N\u00e9meth J\u00f3zsef k\u00e9thelyi pl\u00e9b\u00e1nos atya celebr\u00e1lta, aki lelki napos elm\u00e9lked\u00e9s\u00e9ben kihangs\u00falyozta Sz\u0171z M\u00e1ria csendes seg\u00edt\u0151 jelenl\u00e9t\u00e9t fia J\u00e9zus Krisztus mellett, m\u00e1sok\u00e9rt k\u00f6zbenj\u00e1r\u00f3 irgalmas j\u00f3s\u00e1g\u00e1t. Szem\u00e9ly\u00e9t \u00f6sszekapcsolta a karit\u00e1szban tev\u00e9kenyked\u0151 \u00f6nzetlen seg\u00edt\u0151k szem\u00e9ly\u00e9vel fontosnak tartva, hogy minden emberben jelen tud lenni ez az \u00f6nzetlen szeret\u0151, seg\u00edt\u0151 lelk\u00fclet.<\/p>\n\n\n\n<p>A szentmis\u00e9t k\u00f6vet\u0151en vend\u00e9g\u00fcl l\u00e1ttuk a megjelenteket a Szent Istv\u00e1n h\u00e1zban egyh\u00e1zk\u00f6zs\u00e9g\u00fcnk k\u00f6z\u00f6ss\u00e9gi term\u00e9ben.<\/p>\n\n\n\n<p>A lelkinapra az \u00e1ltal\u00e1nos k\u00f6zz\u00e9t\u00e9telen k\u00edv\u00fcl a karit\u00e1sz csoportunk \u00e1ltal t\u00e1mogatott csal\u00e1dok k\u00fcl\u00f6n megh\u00edv\u00f3t kaptak.<\/p>\n\n\n\n<p>H\u00e1l\u00e1t adunk a J\u00f3 Istennek, hogy sok elfoglalts\u00e1gunk, probl\u00e9m\u00e1nk mellett siker\u00fclt ezt a d\u00e9lut\u00e1nt ism\u00e9t vele t\u00f6lteni, aki meger\u0151s\u00edt benn\u00fcnket tov\u00e1bbi \u00e9let\u00fcnkben. A Sz\u0171z anya k\u00f6zbenj\u00e1r\u00e1s\u00e1t k\u00e9rve pedig l\u00e9lekben gazdagabban haladhatunk ezen az \u00faton.<\/p>\n\n\n\n<p>K\u00f6sz\u00f6nj\u00fck, hogy N\u00e9meth J\u00f3zsef k\u00e9thelyi pl\u00e9b\u00e1nos v\u00e1llalta a lelki nap megtart\u00e1s\u00e1t,&nbsp;r\u00e9szt v\u00e1llalt a gy\u00f3ntat\u00e1sban. Kiss Zsolt atya pl\u00e9b\u00e1nosunk seg\u00edts\u00e9g\u00e9t, t\u00e1mogat\u00e1s\u00e1t is k\u00f6sz\u00f6nj\u00fck.<\/p>\n\n\n\n<p>A helyi \u00e9nekkarnak is k\u00f6sz\u00f6net, akik alkalomhoz ill\u0151 \u00e9nekekkel szebb\u00e9 tett\u00e9k ezt a lelki programot.<\/p>\n\n\n\n<p>Karitasz csoport<\/p>\n\n\n\n<figure class=\"wp-block-image size-full is-resized\"><a href=\"https:\/\/photos.app.goo.gl\/pVg4eVBuFMFssaHC7\" target=\"_blank\" rel=\"noreferrer noopener\"><img loading=\"lazy\" decoding=\"async\" src=\"https:\/\/balatonkeresztur.plebania.hu\/wp-content\/uploads\/2023\/05\/lelkinap.jpg\" alt=\"\" class=\"wp-image-1023\" width=\"265\" height=\"574\"\/><\/a><\/figure>\n","protected":false},"excerpt":{"rendered":"<p>A Balatonkereszt\u00fari Karit\u00e1sz Csoport 2023. m\u00e1jus 6-\u00e1n szombaton hagyom\u00e1nyteremt\u0151 sz\u00e1nd\u00e9kkal tartotta els\u0151 tavaszi lelki napj\u00e1t a Sz\u0171z anya h\u00f3napja alkalm\u00e1b\u00f3l.<\/p>\n","protected":false},"author":1,"featured_media":0,"comment_status":"closed","ping_status":"open","sticky":false,"template":"","format":"standard","meta":{"footnotes":""},"categories":[1],"tags":[],"class_list":["post-1022","post","type-post","status-publish","format-standard","hentry","category-egyeb"],"_links":{"self":[{"href":"https:\/\/balatonkeresztur.plebania.hu\/index.php\/wp-json\/wp\/v2\/posts\/1022","targetHints":{"allow":["GET"]}}],"collection":[{"href":"https:\/\/balatonkeresztur.plebania.hu\/index.php\/wp-json\/wp\/v2\/posts"}],"about":[{"href":"https:\/\/balatonkeresztur.plebania.hu\/index.php\/wp-json\/wp\/v2\/types\/post"}],"author":[{"embeddable":true,"href":"https:\/\/balatonkeresztur.plebania.hu\/index.php\/wp-json\/wp\/v2\/users\/1"}],"replies":[{"embeddable":true,"href":"https:\/\/balatonkeresztur.plebania.hu\/index.php\/wp-json\/wp\/v2\/comments?post=1022"}],"version-history":[{"count":1,"href":"https:\/\/balatonkeresztur.plebania.hu\/index.php\/wp-json\/wp\/v2\/posts\/1022\/revisions"}],"predecessor-version":[{"id":1024,"href":"https:\/\/balatonkeresztur.plebania.hu\/index.php\/wp-json\/wp\/v2\/posts\/1022\/revisions\/1024"}],"wp:attachment":[{"href":"https:\/\/balatonkeresztur.plebania.hu\/index.php\/wp-json\/wp\/v2\/media?parent=1022"}],"wp:term":[{"taxonomy":"category","embeddable":true,"href":"https:\/\/balatonkeresztur.plebania.hu\/index.php\/wp-json\/wp\/v2\/categories?post=1022"},{"taxonomy":"post_tag","embeddable":true,"href":"https:\/\/balatonkeresztur.plebania.hu\/index.php\/wp-json\/wp\/v2\/tags?post=1022"}],"curies":[{"name":"wp","href":"https:\/\/api.w.org\/{rel}","templated":true}]}}