{"id":1009,"date":"2023-05-06T19:03:05","date_gmt":"2023-05-06T19:03:05","guid":{"rendered":"https:\/\/balatonkeresztur.plebania.hu\/?p=1009"},"modified":"2023-05-07T17:43:27","modified_gmt":"2023-05-07T17:43:27","slug":"anyak-napjara","status":"publish","type":"post","link":"https:\/\/balatonkeresztur.plebania.hu\/index.php\/2023\/05\/06\/anyak-napjara\/","title":{"rendered":"Any\u00e1k napj\u00e1ra"},"content":{"rendered":"\n<p class=\"has-text-align-left\">A mai napon, m\u00e1jus els\u0151 vas\u00e1rnapj\u00e1n a szentmis\u00e9n mi is megeml\u00e9kezt\u00fcnk az \u00e9desany\u00e1kr\u00f3l. A ministr\u00e1nsok versekkel k\u00f6sz\u00f6nt\u00f6tt\u00e9k a jelen l\u00e9v\u0151 \u00e9desany\u00e1kat, akik k\u00fcl\u00f6n \u00e1ld\u00e1sban r\u00e9szes\u00fcltek. A templomb\u00f3l kifele menet egy sz\u00e1l vir\u00e1got \u00e9s egy szentk\u00e9pet is kaptak. Isten \u00e9ltessen minden \u00e9desany\u00e1t!<\/p>\n\n\n\n<!--more-->\n\n\n\n<figure class=\"wp-block-image size-full is-resized\"><a href=\"http:\/\/balatonkeresztur.plebania.hu\/wp-content\/uploads\/2023\/05\/anyaknapja-scaled.jpeg\" target=\"_blank\" rel=\"noreferrer noopener\"><img loading=\"lazy\" decoding=\"async\" src=\"http:\/\/balatonkeresztur.plebania.hu\/wp-content\/uploads\/2023\/05\/anyaknapja-scaled.jpeg\" alt=\"\" class=\"wp-image-1019\" width=\"534\" height=\"299\" srcset=\"https:\/\/balatonkeresztur.plebania.hu\/wp-content\/uploads\/2023\/05\/anyaknapja-scaled.jpeg 2560w, https:\/\/balatonkeresztur.plebania.hu\/wp-content\/uploads\/2023\/05\/anyaknapja-768x432.jpeg 768w, https:\/\/balatonkeresztur.plebania.hu\/wp-content\/uploads\/2023\/05\/anyaknapja-1536x864.jpeg 1536w, https:\/\/balatonkeresztur.plebania.hu\/wp-content\/uploads\/2023\/05\/anyaknapja-2048x1152.jpeg 2048w, https:\/\/balatonkeresztur.plebania.hu\/wp-content\/uploads\/2023\/05\/anyaknapja-500x281.jpeg 500w\" sizes=\"auto, (max-width: 534px) 100vw, 534px\" \/><\/a><\/figure>\n\n\n\n<p><\/p>\n\n\n\n<p class=\"has-text-align-center\"><strong>Szab\u00f3 L\u0151rinc: Az any\u00e1k<\/strong><\/p>\n\n\n\n<p class=\"has-text-align-center\">Csak egy voltak kiv\u00e9tel, az Any\u00e1k<br>Szentek \u00e9s \u00e1pol\u00f3n\u0151k: a csod\u00e1t,<br>a jelen\u00e9st l\u00e1ttam benn\u00fck. A nagy<br>odaad\u00e1st, az aggodalmakat,<br>a virraszt\u00e1st, a k\u00f6nnyet, s mind, amit<br>a n\u0151 szenved, ha otthon dolgozik,<br>a gondvisel\u00e9st. Hogy testileg mi a<br>f\u00e9rj, feles\u00e9g s a csal\u00e1d viszonya,<br>nem sejtettem-kutattam. Valami,<br>\u00e9reztem, el\u0151re elrendeli,<br>ki hol \u00e1lljon, mi legyen, \u00f6r\u00f6me,<br>b\u00e1nata mennyi, milyen gyermeke,<br>\u00e9s ezen v\u00e1ltoztatni nem lehet.<br>A f\u00e9rfi maga k\u00fczdi ki szerep\u00e9t,<br>a n\u0151k az eleve elrendel\u00e9s:<br>\u0151k a b\u00e9ke, a j\u00f3s\u00e1g, puhas\u00e1g a f\u00f6ld\u00f6n, a f\u00f6lt\u00e9tlen szeretet&#8230;<br>Any\u00e1m, ny\u00fajtsd fel\u00e9m, \u00f6reg kezedet!<\/p>\n","protected":false},"excerpt":{"rendered":"<p>A mai napon, m\u00e1jus els\u0151 vas\u00e1rnapj\u00e1n a szentmis\u00e9n mi is megeml\u00e9kezt\u00fcnk az \u00e9desany\u00e1kr\u00f3l. A ministr\u00e1nsok versekkel k\u00f6sz\u00f6nt\u00f6tt\u00e9k a jelen l\u00e9v\u0151 \u00e9desany\u00e1kat, akik k\u00fcl\u00f6n \u00e1ld\u00e1sban r\u00e9szes\u00fcltek. A templomb\u00f3l kifele menet egy sz\u00e1l vir\u00e1got \u00e9s egy szentk\u00e9pet is kaptak. Isten \u00e9ltessen minden &hellip; <a href=\"https:\/\/balatonkeresztur.plebania.hu\/index.php\/2023\/05\/06\/anyak-napjara\/\">Egy kattint\u00e1s ide a folytat\u00e1shoz&#8230;. <span class=\"meta-nav\">&rarr;<\/span><\/a><\/p>\n","protected":false},"author":1,"featured_media":0,"comment_status":"closed","ping_status":"open","sticky":false,"template":"","format":"standard","meta":{"footnotes":""},"categories":[1],"tags":[],"class_list":["post-1009","post","type-post","status-publish","format-standard","hentry","category-egyeb"],"_links":{"self":[{"href":"https:\/\/balatonkeresztur.plebania.hu\/index.php\/wp-json\/wp\/v2\/posts\/1009","targetHints":{"allow":["GET"]}}],"collection":[{"href":"https:\/\/balatonkeresztur.plebania.hu\/index.php\/wp-json\/wp\/v2\/posts"}],"about":[{"href":"https:\/\/balatonkeresztur.plebania.hu\/index.php\/wp-json\/wp\/v2\/types\/post"}],"author":[{"embeddable":true,"href":"https:\/\/balatonkeresztur.plebania.hu\/index.php\/wp-json\/wp\/v2\/users\/1"}],"replies":[{"embeddable":true,"href":"https:\/\/balatonkeresztur.plebania.hu\/index.php\/wp-json\/wp\/v2\/comments?post=1009"}],"version-history":[{"count":8,"href":"https:\/\/balatonkeresztur.plebania.hu\/index.php\/wp-json\/wp\/v2\/posts\/1009\/revisions"}],"predecessor-version":[{"id":1021,"href":"https:\/\/balatonkeresztur.plebania.hu\/index.php\/wp-json\/wp\/v2\/posts\/1009\/revisions\/1021"}],"wp:attachment":[{"href":"https:\/\/balatonkeresztur.plebania.hu\/index.php\/wp-json\/wp\/v2\/media?parent=1009"}],"wp:term":[{"taxonomy":"category","embeddable":true,"href":"https:\/\/balatonkeresztur.plebania.hu\/index.php\/wp-json\/wp\/v2\/categories?post=1009"},{"taxonomy":"post_tag","embeddable":true,"href":"https:\/\/balatonkeresztur.plebania.hu\/index.php\/wp-json\/wp\/v2\/tags?post=1009"}],"curies":[{"name":"wp","href":"https:\/\/api.w.org\/{rel}","templated":true}]}}