{"id":1006,"date":"2023-04-30T13:10:50","date_gmt":"2023-04-30T13:10:50","guid":{"rendered":"https:\/\/balatonkeresztur.plebania.hu\/?p=1006"},"modified":"2023-04-30T13:10:50","modified_gmt":"2023-04-30T13:10:50","slug":"ferenc-papa-beszede-a-fiatalokhoz-cel-es-edzes-az-ima-es-a-csend-bator-igazsagkereses","status":"publish","type":"post","link":"https:\/\/balatonkeresztur.plebania.hu\/index.php\/2023\/04\/30\/ferenc-papa-beszede-a-fiatalokhoz-cel-es-edzes-az-ima-es-a-csend-bator-igazsagkereses\/","title":{"rendered":"Ferenc p\u00e1pa besz\u00e9de a fiatalokhoz: c\u00e9l \u00e9s edz\u00e9s, az ima \u00e9s a csend, b\u00e1tor igazs\u00e1gkeres\u00e9s"},"content":{"rendered":"\n<p>A Papp L\u00e1szl\u00f3 sportar\u00e9n\u00e1ban tal\u00e1lkozott szombaton d\u00e9lut\u00e1n f\u00e9l \u00f6tkor Ferenc p\u00e1pa a fiatalokkal, akik nemcsak sz\u00e1mban, hanem kirobban\u00f3 lelkesed\u00e9s\u00fckkel t\u00f6lt\u00f6tt\u00e9k meg a stadiont. Tan\u00fas\u00e1gt\u00e9telek, \u00e9nekek \u00e9s im\u00e1k hangzottak el, a Szentatya pedig k\u00f6zvetlen m\u00f3don v\u00e1laszolt nekik, lelk\u00fckre k\u00f6tve a megbocs\u00e1t\u00e1s, a lehajl\u00f3 szolg\u00e1lat, a tudatos c\u00e9lkit\u0171z\u00e9s \u00e9s edz\u00e9s, az ima \u00e9s a csend, a b\u00e1tor igazs\u00e1gkeres\u00e9s, a tan\u00fas\u00e1gt\u00e9tel \u00e9s a sz\u00edves \u00f6n\u00e1tad\u00e1s fontoss\u00e1g\u00e1t.<\/p>\n\n\n\n<!--more-->\n\n\n\n<p>Dics\u00e9rtess\u00e9k a J\u00e9zus Krisztus!<\/p>\n\n\n\n<p>Kedves testv\u00e9reim, azt szeretn\u00e9m mondani, hogy k\u00f6sz\u00f6n\u00f6m! K\u00f6sz\u00f6n\u00f6m a t\u00e1ncot, az \u00e9neket, a b\u00e1tor tan\u00fas\u00e1gt\u00e9teleket \u00e9s k\u00f6sz\u00f6n\u00f6m mindny\u00e1jatoknak, hogy itt vagytok: \u00f6r\u00fcl\u00f6k, hogy veletek lehetek!<\/p>\n\n\n\n<p>Ferenc p\u00fcsp\u00f6k \u00far elmondta, hogy az ifj\u00fas\u00e1g a nagy k\u00e9rd\u00e9sek \u00e9s a nagy v\u00e1laszok ideje. Ez igaz, \u00e9s fontos, hogy legyen valaki, aki provok\u00e1l, aki meghallgatja a k\u00e9rd\u00e9seiteket, \u00e9s nem k\u00f6nny\u0171, el\u0151re csomagolt v\u00e1laszokat ad, hanem seg\u00edt, hogy b\u00e1tran v\u00e1llalj\u00e1tok az \u00e9let kalandj\u00e1t a nagy v\u00e1laszok keres\u00e9se sor\u00e1n. Az el\u0151re gy\u00e1rtott v\u00e1laszok nem seg\u00edtenek, nem tesznek boldogg\u00e1. J\u00e9zus is \u00edgy tett. Bertalan, azt mondtad, hogy J\u00e9zus nem valami t\u00e1voli mesek\u00f6nyv szerepl\u0151je, nem is szuperh\u0151s egy k\u00e9preg\u00e9nyben, \u00e9s ez \u00edgy igaz: Krisztus a testet \u00f6lt\u00f6tt Isten, az \u00e9l\u0151 Isten, aki k\u00f6zel j\u00f6n; \u0150 a Bar\u00e1t, a legjobb bar\u00e1t, \u0150 a Testv\u00e9r, a legjobb testv\u00e9r, \u00e9s nagyon j\u00f3l tud k\u00e9rdezni. Az evang\u00e9liumban \u0150, aki a Mester, val\u00f3j\u00e1ban k\u00e9rd\u00e9seket tesz fel, miel\u0151tt v\u00e1laszokat adna. Arra gondolok, amikor szemben\u00e9z azzal a h\u00e1zass\u00e1gt\u00f6r\u0151 asszonnyal, akire mindenki ujjal mutogatott. J\u00e9zus k\u00f6zbel\u00e9p, a v\u00e1dol\u00f3k elmennek, \u0150 pedig egyed\u00fcl marad vele. Ekkor szel\u00edden megk\u00e9rdezi t\u0151le: \u201eAsszony, hova lettek? Senki sem \u00edt\u00e9lt el?\u201d (Jn 8,10). \u0150 \u00edgy v\u00e1laszol: \u201eSenki, Uram!\u201d (11. v.). \u00c9s \u00edgy, ahogy ezt mondja, meg\u00e9rti, hogy Isten nem el\u00edt\u00e9lni, hanem megbocs\u00e1tani akar. J\u00f3l jegyezz\u00e9tek meg: Isten nem akar el\u00edt\u00e9lni, hanem megbocs\u00e1tani.&nbsp; Isten mindig megbocs\u00e1t. Hogyan mondj\u00e1k ezt magyarul? \u2013 (k\u00e9rdezte a p\u00e1pa a tolm\u00e1cs\u00e1t\u00f3l. Mondd nekik magyarul, \u0151 pedig leford\u00edtja, mire a fiatalok megism\u00e9tlik, de a p\u00e1pa \u00fajb\u00f3l k\u00e9ri, ism\u00e9telj\u00e9k meg): M\u00e9g egyszer magyarul! (A fiatalok megism\u00e9tlik, mire a p\u00e1pa): De ne feledj\u00e9tek el! (Erre a fiatalok tapsolnak).&nbsp;<\/p>\n\n\n\n<figure class=\"wp-block-image\"><img decoding=\"async\" src=\"https:\/\/www.vaticannews.va\/content\/dam\/vaticannews\/agenzie\/images\/srv\/2023\/04\/28\/2023-04-28-viaggio-apostolico-in-ungheria\/1682781505106.JPG\/_jcr_content\/renditions\/cq5dam.thumbnail.cropped.750.422.jpeg\" alt=\"Lelkesen figyel\u0151 fiatalok  \"\/><\/figure>\n\n\n\n<p>Lelkesen figyel\u0151 fiatalok<\/p>\n\n\n\n<p>J\u00e9zus minden es\u00e9sn\u00e9l k\u00e9sz arra, hogy felemeljen minket! Soha nem szabad teh\u00e1t f\u00e9ln\u00fcnk, hogy vele j\u00e1rjunk \u00e9s haladjunk el\u0151re az \u00e9let \u00fatj\u00e1n. M\u00e1ria Magdoln\u00e1ra is gondoljunk, aki h\u00fasv\u00e9t reggel\u00e9n els\u0151k\u00e9nt l\u00e1tta a felt\u00e1madt J\u00e9zust, akinek volt egy \u201et\u00f6rt\u00e9nete\u201d, de els\u0151k\u00e9nt l\u00e1tta \u0151t. Az \u00fcres s\u00edr mellett s\u00edrt, \u00e9s J\u00e9zus megk\u00e9rdezte t\u0151le: \u201eAsszony, mi\u00e9rt s\u00edrsz? Kit keresel?\u201d (Jn 20,15). \u00c9s \u00edgy, m\u00e9lys\u00e9gesen meghat\u00f3dva, M\u00e1ria Magdolna megnyitja sz\u00edv\u00e9t, elmondja neki gy\u00f6trelm\u00e9t, felt\u00e1rja v\u00e1gyait \u00e9s szeretet\u00e9t: \u201eHol van az \u00dar?\u201d.<\/p>\n\n\n\n<p>Most figyelj\u00fck meg J\u00e9zus els\u0151 tal\u00e1lkoz\u00e1s\u00e1t azokkal, akik a tan\u00edtv\u00e1nyai lettek. Ketten k\u00f6z\u00fcl\u00fck, akiket Keresztel\u0151 J\u00e1nos k\u00fcld\u00f6tt, ut\u00e1na mennek. Az \u00dar megfordul, \u00e9s egyetlen k\u00e9rd\u00e9st tesz fel: \u201eMit akartok?\u201d (Jn 1,38). \u00c9n is felteszek egy k\u00e9rd\u00e9st, amire mindenki v\u00e1laszoljon a sz\u00edv\u00e9ben. Miut\u00e1n feltettem, tartsunk csendet. A k\u00e9rd\u00e9sem: \u201eMit kerestek? Mit kerestek az \u00e9letben?\u201d. Most a csendben mindenki v\u00e1laszoljon mag\u00e1ban: Mit keresek \u00e9n? \u00c9s J\u00e9zus nem annyira pr\u00e9dik\u00e1l, nem, hanem utat nyit mindenkinek. J\u00e9zus k\u00f6zel megy mindenkihez, nem azt akarja, hogy tan\u00edtv\u00e1nyai a leck\u00e9t ism\u00e9telget\u0151 iskol\u00e1sok legyenek, hanem azt akarja, hogy a tan\u00edtv\u00e1nyai legyenek szabad \u00e9s \u00faton j\u00e1r\u00f3 fiatalok, egy olyan Isten t\u00e1rsai, aki meghallgatja sz\u00fcks\u00e9gleteiket \u00e9s odafigyel \u00e1lmaikra. Azt\u00e1n egy id\u0151 m\u00falva a k\u00e9t fiatal tan\u00edtv\u00e1ny cs\u00fany\u00e1n elcs\u00faszik, mert J\u00e9zus tan\u00edtv\u00e1nyai sokszor elcs\u00fasztak, nemde \u00e9s rossz k\u00e9r\u00e9st int\u00e9znek J\u00e9zushoz, nevezetesen, hogy a jobb \u00e9s bal oldal\u00e1n \u00fclhessenek, amikor kir\u00e1ly lesz. Fel akartak kapaszkodni, nemde? \u00c9rdekes azonban azt l\u00e1tni, hogy J\u00e9zus nem dorg\u00e1lja meg \u0151ket mer\u00e9szs\u00e9g\u00fck\u00e9rt, nem azt mondja nekik: \u201eHogy mer\u00e9szelitek, m\u00e9g csak ne is \u00e1lmodjatok ilyenr\u0151l!\u201d. Nem, J\u00e9zus nem rombolja le, hanem kijav\u00edtja \u00e1lmaikat, hogy mik\u00e9nt val\u00f3s\u00edts\u00e1k meg azokat; elfogadja a valami nagyobb fel\u00e9 ir\u00e1nyul\u00f3 v\u00e1gyukat, de ragaszkodik egy dologhoz, ami j\u00f3l meg kell jegyezn\u00fcnk: az ember nem att\u00f3l lesz nagy, hogy m\u00e1sok f\u00f6l\u00e9 emelkedik, hanem att\u00f3l, hogy m\u00e1sokhoz leereszkedik; nem m\u00e1sok k\u00e1r\u00e1ra, hanem m\u00e1sok szolg\u00e1lat\u00e1val (v\u00f6. Mk 10,35-45). Ezt szeretn\u00e9m megism\u00e9telni \u00e9s a tolm\u00e1csot k\u00e9rem, hogy kedvesen ism\u00e9telje meg, azt, mit J\u00e9zus mond, ahogy kijav\u00edt minket. Arra eml\u00e9keztet, hogy nem \u00fagy lesz\u00fcnk naggy\u00e1, hogy m\u00e1sok a m\u00e1sik f\u00f6l\u00e9 kereked\u00fcnk, hanem ha lehajlunk m\u00e1sok fel\u00e9. Nem m\u00e1sok k\u00e1r\u00e1ra lesz\u00fcnk naggy\u00e1, hanem m\u00e1sokat szolg\u00e1lva. (A tolm\u00e1cs ford\u00edt, mire a p\u00e1pa megk\u00e9rdezi): Meg\u00e9rtett\u00e9tek? (A fiatalok tapsolnak).&nbsp;&nbsp;&nbsp;&nbsp;&nbsp;&nbsp;&nbsp; &nbsp;&nbsp;&nbsp;&nbsp;&nbsp;&nbsp;&nbsp;<\/p>\n\n\n\n<p>L\u00e1tj\u00e1tok, kedves bar\u00e1taim, J\u00e9zus \u00f6r\u00fcl annak, ha nagy dolgokat \u00e9r\u00fcnk el. J\u00e9zus nem azt akarja, hogy lust\u00e1k \u00e9s k\u00e9nyelmes emberek legy\u00fcnk, nem azt akarja, hogy csendesek \u00e9s f\u00e9l\u00e9nkek legy\u00fcnk, hanem azt akarja, hogy \u00e9l\u0151k, akt\u00edvak, f\u0151szerepl\u0151k legy\u00fcnk, a t\u00f6rt\u00e9nelem f\u0151szerepl\u0151i. \u0150 soha nem kicsinyli le v\u00e1rakoz\u00e1sainkat, hanem \u00e9ppen ellenkez\u0151leg, v\u00e1gyaink m\u00e9rc\u00e9j\u00e9t emeli fel. J\u00e9zus egyet\u00e9rtene egy k\u00f6zmond\u00e1sotokkal, rem\u00e9lem, hogy j\u00f3l mondom: <em>Aki mer az nyer<\/em>. (A fiatalok tapsolnak).<\/p>\n\n\n\n<p>Megk\u00e9rdezhetitek: De hogyan lehet nyerni az \u00e9letben, hogy gy\u0151ztesek legy\u00fcnk az \u00e9letben? K\u00e9t alapvet\u0151 l\u00e9p\u00e9s van, csak\u00fagy, mint a sportban: el\u0151sz\u00f6r is, <a rel=\"noreferrer noopener\" target=\"_blank\"><\/a>t\u00f6rj magasra, t\u0171zz ki magasabb c\u00e9lokat, m\u00e1sodszor pedig eddz. <em>T\u0171zz ki magasabb c\u00e9lokat<\/em>. Mond csak nekem, van tehets\u00e9ged? Eg\u00e9szen biztosan van, mindenkinek van! Ne tedd f\u00e9lre azt gondolva, hogy a boldogs\u00e1ghoz csak a minimumra van sz\u00fcks\u00e9ged: diploma, p\u00e9nzkeres\u0151 munka, egy kis sz\u00f3rakoz\u00e1s&#8230; Nem, azt hozd j\u00e1t\u00e9kba, amid van. Van egy j\u00f3 tulajdons\u00e1god? Fektess\u00e9l bele, f\u00e9lelem n\u00e9lk\u00fcl \u00e9s haladj tov\u00e1bb! \u00c9rzed a sz\u00edvedben, hogy van olyan k\u00e9pess\u00e9ged, amivel sok j\u00f3t tehetsz? \u00c9rzed, hogy j\u00f3 dolog szeretni az Urat, nagy csal\u00e1dot alap\u00edtani, seg\u00edteni a r\u00e1szorul\u00f3kon? Menj tov\u00e1bb, ne gondold, hogy ezek el\u00e9rhetetlen v\u00e1gyak, semmik\u00e9ppen nem, hanem fektess az \u00e9let nagy c\u00e9ljaiba, fektess be az \u00e9let nagy c\u00e9ljaiba! Ez az els\u0151, t\u00f6rj magasra, ne s\u00fcllyedj le. A m\u00e1sodik pedig: edzni magad. Hogyan? P\u00e1rbesz\u00e9dben J\u00e9zussal, aki a lehet\u0151 legjobb edz\u0151. \u0150 meghallgat t\u00e9ged, \u0150 motiv\u00e1l, \u0150 hisz benned, tudod? J\u00e9zus hisz benned, \u0150 tudja, hogyan hozza el\u0151 bel\u0151led a legjobbat. \u00c9s mindig arra h\u00edv, hogy csapatj\u00e1t\u00e9kos legy\u00e9l: soha ne egyed\u00fcl, hanem m\u00e1sokkal egy\u00fctt, ez nagyon fontos. Ha \u00e9rettebb akarsz lenni, \u00e9s n\u00f6vekedni az \u00e9letben, menj tov\u00e1bb csapatmunk\u00e1ban, k\u00f6z\u00f6ss\u00e9gben, k\u00f6z\u00f6s \u00e9lm\u00e9nyeket meg\u00e9lve. Gondolok p\u00e9ld\u00e1ul az ifj\u00fas\u00e1gi vil\u00e1gtal\u00e1lkoz\u00f3kra, \u00e9s megragadom az alkalmat, hogy megh\u00edvjalak titeket a k\u00f6vetkez\u0151re, ami augusztus elej\u00e9n lesz Portug\u00e1li\u00e1ban, Lisszabonban. Ma ellenben nagy a k\u00eds\u00e9rt\u00e9s, hogy be\u00e9rj\u00fck egy mobiltelefonnal \u00e9s n\u00e9h\u00e1ny bar\u00e1ttal: nemde kev\u00e9s, kev\u00e9s ez, k\u00e9rem sz\u00e9pen! De m\u00e9g akkor is, ha sokan ezt teszik, m\u00e9g ha nektek is ehhez volna kedvetek, ez semmi j\u00f3ra nem vezet. Nem z\u00e1rk\u00f3zhatsz be egy kicsike bar\u00e1ti csoportba (a p\u00e1pa egy mobiltelefon besz\u00e9lget\u00e9st imit\u00e1l), ahol csak mobiloztok egym\u00e1s k\u00f6zt, engedj\u00e9tek meg nekem ezt a sz\u00f3t, ez egy kicsit h\u00fclyes\u00e9g, nem?&nbsp;&nbsp;&nbsp;<\/p>\n\n\n\n<figure class=\"wp-block-image\"><img decoding=\"async\" src=\"https:\/\/www.vaticannews.va\/content\/dam\/vaticannews\/agenzie\/images\/afp\/2023\/04\/29\/17\/1682781235589.jpg\/_jcr_content\/renditions\/cq5dam.thumbnail.cropped.750.422.jpeg\" alt=\"Ferenc p\u00e1pa tan\u00edt, szem\u00e9lyes megjegyz\u00e9seivel is   \"\/><\/figure>\n\n\n\n<p>Ferenc p\u00e1pa tan\u00edt, szem\u00e9lyes megjegyz\u00e9seivel is<\/p>\n\n\n\n<p>De edz\u00e9snek is van egy fontos eleme, \u00e9s erre te, Krisztina, azzal eml\u00e9keztett\u00e9l minket, hogy az ezernyi rohan\u00e1s, a l\u00e1zas siets\u00e9g \u00e9s gyorsas\u00e1g k\u00f6zepette van egy l\u00e9nyeges dolog, ami ma mind a fiataloknak, mind a feln\u0151tteknek hi\u00e1nyzik. Azt mondtad: \u201enem hagyunk id\u0151t a zajban a csendnek, mert f\u00e9l\u00fcnk a mag\u00e1nyt\u00f3l, ebben pedig nap mint nap el is f\u00e1radunk.\u201d Te mondottad, Krisztina, k\u00f6sz\u00f6n\u00f6m. Azt szeretn\u00e9m mondani nektek: e tekintetben ne f\u00e9ljetek szembe menni az \u00e1rral, tal\u00e1ljatok minden nap id\u0151t a csendre, hogy meg\u00e1lljatok \u00e9s im\u00e1dkozzatok. Ma minden azt mondja nektek, hogy gyorsnak, hat\u00e9konynak, gyakorlatilag t\u00f6k\u00e9letesnek kell lennetek, mint a g\u00e9pek! De kedveseim, mi nem vagyunk g\u00e9pek. Mert azt\u00e1n r\u00e1j\u00f6v\u00fcnk, hogy gyakran kifogy a benzin, \u00e9s nem tudjuk, mit tegy\u00fcnk. Olyan j\u00f3, ha meg tudunk \u00e1llni tankolni, az akkumul\u00e1torokat felt\u00f6lteni. De vigy\u00e1zzunk: ne mer\u00fclj\u00fcnk el a saj\u00e1t b\u00faskomors\u00e1gunkban, ne merengj\u00fcnk a szomor\u00fas\u00e1gainkon, ne gondolkodjunk azon, hogy ki tette ezt vagy azt velem, ne azzal foglalkozzunk, hogyan viselkednek m\u00e1sok; ez nem j\u00f3! Ez egy m\u00e9reg, nem, ez \u00edgy nem megy!<\/p>\n\n\n\n<p>A csend az a talaj, amelyen \u00e1ld\u00e1sos kapcsolatokat lehet \u00e1polni, mert lehet\u0151v\u00e9 teszi, hogy J\u00e9zusra b\u00edzzuk azt, amit meg\u00e9l\u00fcnk, hogy arcokat \u00e9s neveket vigy\u00fcnk El\u00e9je, hogy aggodalmainkat \u0150r\u00e1 b\u00edzzuk, hogy bemutassuk Neki bar\u00e1tainkat \u00e9s elmondjunk \u00e9rt\u00fck egy im\u00e1t. A csend lehet\u0151s\u00e9get ad arra, hogy elolvassuk az evang\u00e9lium egy-egy oldal\u00e1t, amely az \u00e9let\u00fcnkh\u00f6z sz\u00f3l, hogy Istent im\u00e1dva a sz\u00edv\u00fcnkben b\u00e9k\u00e9t tal\u00e1ljunk. A csend lehet\u0151v\u00e9 teszi, hogy k\u00e9zbe vegy\u00fcnk egy olyan k\u00f6nyvet, amelyet nem kell elolvasnunk, de ami seg\u00edt abban, hogy az emberi l\u00e9lekben olvassunk, seg\u00edt a term\u00e9szetet megfigyelni, hogy ne csak az ember \u00e1ltal k\u00e9sz\u00edtett dolgokkal ker\u00fclj\u00fcnk kapcsolatba \u00e9s felfedezz\u00fck a minket k\u00f6r\u00fclvev\u0151 sz\u00e9ps\u00e9get. De a csend nem arra val\u00f3, hogy a mobiltelefonokra \u00e9s a k\u00f6z\u00f6ss\u00e9gi m\u00e9di\u00e1ra tapadjunk, mert az \u00e9let a vil\u00e1gban t\u00f6rt\u00e9nik, nem egy k\u00e9perny\u0151n folyik. K\u00e9rlek titeket: az \u00e9let val\u00f3di, ne tegy\u00e9tek virtu\u00e1liss\u00e1 az \u00e9letet. Ism\u00e9tlem: ne tegy\u00e9tek virtu\u00e1liss\u00e1 az \u00e9letet, mert az konkr\u00e9t! Meg\u00e9rtett\u00e9tek?<\/p>\n\n\n\n<p>A csend az ima ajtaja, az ima pedig a szeretet ajtaja. D\u00f3ra, szeretn\u00e9k k\u00f6sz\u00f6netet mondani neked, D\u00f3ra, mert \u00fagy besz\u00e9lt\u00e9l a hitr\u0151l, mint egy szerelmi t\u00f6rt\u00e9netr\u0151l, \u00e9s a te tapasztalatod, amivel ebben a szerelmi t\u00f6rt\u00e9netben minden nap szembes\u00fclsz a kamaszkor neh\u00e9zs\u00e9geivel, de tudod, hogy van Valaki veled, van Valaki \u00e9rted, \u00e9s ez a Valaki, J\u00e9zus, nem f\u00e9l att\u00f3l, hogy veled gy\u0151zze le az \u00f6sszes akad\u00e1lyt, amivel tal\u00e1lkozol. Az ima seg\u00edt ebben, mert az p\u00e1rbesz\u00e9d J\u00e9zussal, ahogy a szentmise is tal\u00e1lkoz\u00e1s vele, a gy\u00f3n\u00e1s pedig az az \u00f6lel\u00e9s, amit t\u0151le kapsz. Liszt Ferenc, a ti nagy zeneszerz\u0151t\u00f6k jut eszembe. Zongor\u00e1j\u00e1nak tiszt\u00edt\u00e1sa k\u00f6zben tal\u00e1ltak n\u00e9h\u00e1ny r\u00f3zsaf\u00fcz\u00e9rszemet, amelyek tal\u00e1n beleestek a hangszerbe \u00e9s elt\u00f6rtek. Ez egy olyan nyom, ami arra enged k\u00f6vetkeztetni, hogy egy-egy kompoz\u00edci\u00f3 vagy fell\u00e9p\u00e9s el\u0151tt, vagy tal\u00e1n egy r\u00f6vid, elsz\u00f3rakoztat\u00f3 zongoraj\u00e1t\u00e9k k\u00f6zben is im\u00e1dkozni szokott: az \u00darral besz\u00e9lt \u00e9s a Sz\u0171zany\u00e1val besz\u00e9lt arr\u00f3l, hogy mit szeret, m\u0171v\u00e9szet\u00e9t \u00e9s tehets\u00e9g\u00e9t im\u00e1ds\u00e1gba helyezte el. Az im\u00e1dkoz\u00e1s nem unalmas (k\u00e9ri a tolm\u00e1cs\u00e1t, hogy ford\u00edtsa). Mi tessz\u00fck azt unalmass\u00e1. Az im\u00e1ds\u00e1g egy tal\u00e1lkoz\u00e1s, tal\u00e1lkoz\u00e1s az \u00darral \u00e9s ez sz\u00e9p! Amikor im\u00e1dkozol, ne f\u00e9lj J\u00e9zus el\u00e9 vinni mindazt, ami a bels\u0151 vil\u00e1godban zajlik: a szeretetedet, f\u00e9lelmeidet, probl\u00e9m\u00e1idat, elv\u00e1r\u00e1saidat, eml\u00e9keidet, rem\u00e9nyeidet, m\u00e9g a b\u0171neidet is. \u0150 meg\u00e9rt mindent. Az im\u00e1ds\u00e1g az \u00e9let p\u00e1rbesz\u00e9de, az im\u00e1ds\u00e1g \u00e9let. Bertalan, milyen der\u00e9k vagy, ma nem sz\u00e9gyellted azt, hogy ny\u00edltan besz\u00e9lj a szorong\u00e1sr\u00f3l, amely n\u00e9ha megb\u00e9n\u00edt, \u00e9s a hit megtal\u00e1l\u00e1s\u00e1nak k\u00fczdelmeir\u0151l. Nagyon sz\u00e9p, ha megvan benned az <em>igazs\u00e1g b\u00e1tors\u00e1ga<\/em>, ami nem azt jelenti, hogy megmutatod, hogy soha nem f\u00e9lsz, hanem hogy megny\u00edlsz, \u00e9s megosztod gyarl\u00f3s\u00e1gaidat az \u00darral \u00e9s m\u00e1sokkal, an\u00e9lk\u00fcl, hogy elrejten\u00e9d, an\u00e9lk\u00fcl, hogy m\u00e1snak mutatn\u00e1d magad, an\u00e9lk\u00fcl, hogy \u00e1larcot viseln\u00e9l. K\u00f6sz\u00f6n\u00f6m a tan\u00fas\u00e1gt\u00e9teledet, Bertalan, k\u00f6sz\u00f6n\u00f6m. Az \u00dar, ahogy az evang\u00e9lium minden oldalon elmondja nek\u00fcnk, nem rendk\u00edv\u00fcli emberekkel tesz nagy dolgokat, nem, hanem val\u00f3di emberekkel, a korl\u00e1tainkkal, mint mi. Ezzel szemben azok, akik a saj\u00e1t k\u00e9pess\u00e9geikre hagyatkoznak \u00e9s a l\u00e1tszat szerint \u00e9lnek, hogy \u00fagy tessen, a hely\u00fckre ker\u00fcltek, t\u00e1vol tartj\u00e1k Istent a sz\u00edv\u00fckt\u0151l, mert csak magukkal foglalkoznak. J\u00e9zus a k\u00e9rd\u00e9seivel, a szeretet\u00e9vel, a Lelk\u00e9vel m\u00e9ly\u00fcnkre hatol, hogy igaz emberekk\u00e9 tegyen minket. \u00c9s ma nagy sz\u00fcks\u00e9g van az igaz emberekre! Mondok nektek valamit, tudj\u00e1tok mi a vesz\u00e9ly ma? Hamis embernek lenni. K\u00e9rem, soha ne legyetek hamis szem\u00e9ly, hanem mindig val\u00f3di szem\u00e9ly, a maga igazs\u00e1g\u00e1val. \u201eDe atya, sz\u00e9gyellem, mert az \u00e9n val\u00f3s\u00e1gom nem j\u00f3, tudod, aty\u00e1m, amik bennem vannak\u2026\u201d Te csak n\u00e9zz el\u0151re, az \u00darra, l\u00e9gy b\u00e1tor: az \u00dar olyannak akar minket, amilyenek vagyunk, olyannak, amilyenek most vagyunk, \u00edgy szeret minket. B\u00e1tors\u00e1g \u00e9s el\u0151re. Ne ijedjetek meg a nyomor\u00fas\u00e1gaitokt\u00f3l!<\/p>\n\n\n\n<p>Ennek kapcs\u00e1n megragadott az, amit te, T\u00f3dor elmondt\u00e1l, kezdve a neveddel, amelyet Boldog Romzsa T\u00f3dor tisztelet\u00e9re viselsz, aki nagy hitvall\u00f3 \u00e9s aki arra h\u00edv minket, hogy ne \u00e9lj\u00fcnk f\u00e9lmegold\u00e1sokkal. Fel akart\u00e1l r\u00e1zni, mondv\u00e1n, hogy a misszi\u00f3s buzgalmat elaltatja biztons\u00e1gos \u00e9s k\u00e9nyelemes \u00e9let\u00fcnk, mik\u00f6zben innen nem t\u00fal t\u00e1vol h\u00e1bor\u00fa \u00e9s szenved\u00e9s az \u00far. \u00cdme, ez a felh\u00edv\u00e1s: vegy\u00fck kez\u00fcnkbe sorunk az\u00e9rt, hogy seg\u00edts\u00fcnk a vil\u00e1got b\u00e9kess\u00e9gben \u00e9lni. Mindannyian tegy\u00fck fel magunknak a k\u00e9rd\u00e9st, hogy mit teszek m\u00e1sok\u00e9rt, mit teszek a t\u00e1rsadalom\u00e9rt, mit teszek az Egyh\u00e1z\u00e9rt \u00e9s mit teszek az ellens\u00e9geim\u00e9rt? A saj\u00e1t \u00e9rdekeimet szem el\u0151tt tartva \u00e9lek, vagy kock\u00e1ztatok m\u00e1sok\u00e9rt, \u00e9rdekeimre nem gondolva? K\u00e9rem, tegy\u00fck fel a k\u00e9rd\u00e9st, hogy mennyire vagyunk h\u00e1l\u00e1sak, hogy mennyire vagyunk k\u00e9pesek <em>J\u00e9zus p\u00e9ld\u00e1ja szerint szeretni<\/em>, azaz szolg\u00e1lni, vagyis szeretni \u00e9s szolg\u00e1lni. Lassan befejezem, legyetek nyugodtak: ne unatkozzatok! (a tolm\u00e1cs ford\u00edt, a fiatalok nevetnek \u00e9s tapsolnak).<\/p>\n\n\n\n<p>Kedves bar\u00e1taim, van m\u00e9g egy utols\u00f3 dolog, amit szeretn\u00e9k megosztani, egy epiz\u00f3d az evang\u00e9liumb\u00f3l, amely \u00f6sszefoglalja azt, amir\u0151l besz\u00e9lt\u00fcnk. M\u00e1sf\u00e9l \u00e9vvel ezel\u0151tt itt voltam az Eucharisztikus Kongresszuson; J\u00e1nos evang\u00e9lium\u00e1ban, a 6. fejezetben van egy gy\u00f6ny\u00f6r\u0171 eucharisztikus t\u00f6rt\u00e9net, amelynek k\u00f6z\u00e9ppontj\u00e1ban egy fiatalember \u00e1ll. Egy fiatalember aki a t\u00f6megben J\u00e9zust hallgatta. Val\u00f3sz\u00edn\u0171leg tudta, hogy ez sok\u00e1ig fog tartani, \u00e9s el\u0151rel\u00e1t\u00f3 volt: eb\u00e9det vitt mag\u00e1val. Hoztatok magatokkal szendvicset? (a tolm\u00e1cs ford\u00edt, a fiatalok nevetve v\u00e1laszolnak). \u0150 pedig eb\u00e9det hozott. J\u00e9zus egy\u00fctt \u00e9rzett a t\u00f6meggel \u2013 mintegy \u00f6tezren voltak \u2013 \u00e9s j\u00f3l akarja lakatni \u0151ket, ez\u00e9rt a maga m\u00f3dj\u00e1n tesz fel k\u00e9rd\u00e9seket a tan\u00edtv\u00e1nyoknak, hogy felszabad\u00edtsa energi\u00e1ikat. Megk\u00e9rdi egyik\u00fcket, hogy mik\u00e9nt lakassa j\u00f3l a sokas\u00e1got, \u00e9s egy \u201ek\u00f6nyvel\u0151i\u201d v\u00e1lasz \u00e9rkezik: \u201eK\u00e9tsz\u00e1z d\u00e9n\u00e1r \u00e1r\u00fa keny\u00e9r sem el\u00e9g, hogy csak egy kev\u00e9s jusson is mindenkinek\u201d (Jn 6,7). Mintha azt mondan\u00e1: ez matematikailag lehetetlen. Ek\u00f6zben egy m\u00e1sik megl\u00e1tja ezt a fi\u00fat, \u00e9s megjegyzi, de ism\u00e9t pesszimista: \u201eVan itt egy fi\u00fa, akinek van \u00f6t \u00e1rpakenyere \u00e9s k\u00e9t hala, de mi az ennyinek?\u201d (9.). Ennyi azonban, az az \u00f6t keny\u00e9r \u00e9s a k\u00e9t hal, &nbsp;el\u00e9g J\u00e9zusnak, hogy v\u00e9ghez vigye a keny\u00e9rszapor\u00edt\u00e1s h\u00edres csod\u00e1j\u00e1t. Mi mindannyian el\u00e9g vagyunk J\u00e9zusnak, apr\u00f3 dolgainkkal, m\u00e9g a b\u0171neinkkel egy\u00fctt is. Akkor h\u00e1t mit kell tenn\u00fcnk? &nbsp;&nbsp;&nbsp;Engedj\u00fck meg, hogy J\u00e9zus kez\u00e9ben legy\u00fcnk: ez el\u00e9g!<\/p>\n\n\n\n<figure class=\"wp-block-image\"><img decoding=\"async\" src=\"https:\/\/www.vaticannews.va\/content\/dam\/vaticannews\/agenzie\/images\/afp\/2023\/04\/29\/16\/1682780048669.jpg\/_jcr_content\/renditions\/cq5dam.thumbnail.cropped.750.422.jpeg\" alt=\"Templomm\u00e1 lett a sportar\u00e9na \"\/><\/figure>\n\n\n\n<p>Templomm\u00e1 lett a sportar\u00e9na<\/p>\n\n\n\n<p>Az evang\u00e9lium azonban nem eml\u00edt egy r\u00e9szletet, amit a mi k\u00e9pzelet\u00fcnkre b\u00edz: hogyan vett\u00e9k r\u00e1 a tan\u00edtv\u00e1nyok azt a fiatalembert, hogy odaadja minden\u00e9t? \u201e\u00d3, \u00e9n azt eb\u00e9dk\u00e9nt hoztam magammal\u201d. Tal\u00e1n megk\u00e9rt\u00e9k, hogy adja oda az eb\u00e9dj\u00e9t, \u0151 pedig k\u00f6r\u00fcln\u00e9zett, \u00e9s l\u00e1tta, hogy t\u00f6bb ezer ember van itt. \u00c9s tal\u00e1n hozz\u00e1juk hasonl\u00f3an \u0151 is azt v\u00e1laszolta, hogy \u201eNem el\u00e9g, mi\u00e9rt k\u00e9rtek engem, ink\u00e1bb a ti dolgotok, akik J\u00e9zus tan\u00edtv\u00e1nyai vagytok, az, hogy gondoskodjatok err\u0151l?. Ki vagyok \u00e9n?\u201d Azt\u00e1n tal\u00e1n azt mondt\u00e1k neki, hogy maga J\u00e9zus k\u00e9ri ezt. \u00c9s \u0150 rendk\u00edv\u00fcli dolgot tesz: megb\u00edzik benn\u00fck. Az a fi\u00fa, akinek volt saj\u00e1t eb\u00e9dje, b\u00edzik, \u00a0mindent odaad, semmit sem tart meg mag\u00e1nak. Az\u00e9rt j\u00f6tt, hogy J\u00e9zust\u00f3l kapjon, \u00e9s azon kapja mag\u00e1t, hogy \u0151 az, aki J\u00e9zusnak ad. De \u00edgy t\u00f6rt\u00e9nik meg a csoda. A megoszt\u00e1sb\u00f3l sz\u00fcletik: a J\u00e9zus \u00e1ltal v\u00e9ghez vitt megsokszoroz\u00e1s akkor kezd\u0151dik, hogy az a fiatalember megosztja vele \u00e9s m\u00e1sokkal azt, amije van. Annak a fiatalembernek a keves\u00e9b\u0151l J\u00e9zus kez\u00e9ben sok lesz. \u00cdme, ide vezet a hit: az adakoz\u00e1s szabads\u00e1g\u00e1hoz, a nagylelk\u0171s\u00e9g lelkesed\u00e9s\u00e9hez, a f\u00e9lelmek legy\u0151z\u00e9s\u00e9hez, az \u00f6nmagunk kock\u00e1ra t\u00e9tel\u00e9hez! Bar\u00e1taim \u2013 \u00e9s ezzel befejezem \u2013, ti mind \u00e9rt\u00e9kesek vagytok J\u00e9zus sz\u00e1m\u00e1ra, \u00e9s sz\u00e1momra is! Ne feledj\u00e9tek, hogy senki sem veheti el helyeteket az Egyh\u00e1z t\u00f6rt\u00e9net\u00e9ben \u00e9s a vil\u00e1g t\u00f6rt\u00e9net\u00e9ben: senki nem veheti el a te helyedet, \u00a0senki sem k\u00e9pes arra, amire csak ti vagytok k\u00e9pesek. Seg\u00edts\u00fcnk egym\u00e1snak elhinni, hogy szeretnek minket \u00e9s \u00e9rt\u00e9kesek vagyunk, hogy nagy dolgokra vagyunk teremtve. Im\u00e1dkozzunk ez\u00e9rt, \u00e9s b\u00e1tor\u00edtsuk egym\u00e1st ebben! \u00c9s ne feledkezzetek meg arr\u00f3l, hogy im\u00e1dkozzatok \u00e9rtem is. <em>K\u00f6sz\u00f6n\u00f6m<\/em>!<\/p>\n\n\n\n<p>forr\u00e1s: <a href=\"https:\/\/www.vaticannews.va\/hu\/papa\/news\/2023-04\/papa-latogatas-fiatalok-sportarena-deru-taps-orom-tanc.html\" target=\"_blank\" rel=\"noreferrer noopener\">www.vaticannews.va<\/a><\/p>\n\n\n\n<figure class=\"wp-block-embed is-type-video is-provider-youtube wp-block-embed-youtube wp-embed-aspect-16-9 wp-has-aspect-ratio\"><div class=\"wp-block-embed__wrapper\">\n<iframe loading=\"lazy\" title=\"Ferenc p\u00e1pa besz\u00e9de a fiatalokhoz - Papp L\u00e1szl\u00f3 Budapest Sportar\u00e9na\" width=\"584\" height=\"329\" src=\"https:\/\/www.youtube.com\/embed\/Lkl3E096R9k?feature=oembed\" frameborder=\"0\" allow=\"accelerometer; autoplay; clipboard-write; encrypted-media; gyroscope; picture-in-picture; web-share\" referrerpolicy=\"strict-origin-when-cross-origin\" allowfullscreen><\/iframe>\n<\/div><\/figure>\n","protected":false},"excerpt":{"rendered":"<p>A Papp L\u00e1szl\u00f3 sportar\u00e9n\u00e1ban tal\u00e1lkozott szombaton d\u00e9lut\u00e1n f\u00e9l \u00f6tkor Ferenc p\u00e1pa a fiatalokkal, akik nemcsak sz\u00e1mban, hanem kirobban\u00f3 lelkesed\u00e9s\u00fckkel t\u00f6lt\u00f6tt\u00e9k meg a stadiont. Tan\u00fas\u00e1gt\u00e9telek, \u00e9nekek \u00e9s im\u00e1k hangzottak el, a Szentatya pedig k\u00f6zvetlen m\u00f3don v\u00e1laszolt nekik, lelk\u00fckre k\u00f6tve a megbocs\u00e1t\u00e1s, &hellip; <a href=\"https:\/\/balatonkeresztur.plebania.hu\/index.php\/2023\/04\/30\/ferenc-papa-beszede-a-fiatalokhoz-cel-es-edzes-az-ima-es-a-csend-bator-igazsagkereses\/\">Egy kattint\u00e1s ide a folytat\u00e1shoz&#8230;. <span class=\"meta-nav\">&rarr;<\/span><\/a><\/p>\n","protected":false},"author":1,"featured_media":0,"comment_status":"closed","ping_status":"open","sticky":false,"template":"","format":"standard","meta":{"footnotes":""},"categories":[1],"tags":[],"class_list":["post-1006","post","type-post","status-publish","format-standard","hentry","category-egyeb"],"_links":{"self":[{"href":"https:\/\/balatonkeresztur.plebania.hu\/index.php\/wp-json\/wp\/v2\/posts\/1006","targetHints":{"allow":["GET"]}}],"collection":[{"href":"https:\/\/balatonkeresztur.plebania.hu\/index.php\/wp-json\/wp\/v2\/posts"}],"about":[{"href":"https:\/\/balatonkeresztur.plebania.hu\/index.php\/wp-json\/wp\/v2\/types\/post"}],"author":[{"embeddable":true,"href":"https:\/\/balatonkeresztur.plebania.hu\/index.php\/wp-json\/wp\/v2\/users\/1"}],"replies":[{"embeddable":true,"href":"https:\/\/balatonkeresztur.plebania.hu\/index.php\/wp-json\/wp\/v2\/comments?post=1006"}],"version-history":[{"count":1,"href":"https:\/\/balatonkeresztur.plebania.hu\/index.php\/wp-json\/wp\/v2\/posts\/1006\/revisions"}],"predecessor-version":[{"id":1007,"href":"https:\/\/balatonkeresztur.plebania.hu\/index.php\/wp-json\/wp\/v2\/posts\/1006\/revisions\/1007"}],"wp:attachment":[{"href":"https:\/\/balatonkeresztur.plebania.hu\/index.php\/wp-json\/wp\/v2\/media?parent=1006"}],"wp:term":[{"taxonomy":"category","embeddable":true,"href":"https:\/\/balatonkeresztur.plebania.hu\/index.php\/wp-json\/wp\/v2\/categories?post=1006"},{"taxonomy":"post_tag","embeddable":true,"href":"https:\/\/balatonkeresztur.plebania.hu\/index.php\/wp-json\/wp\/v2\/tags?post=1006"}],"curies":[{"name":"wp","href":"https:\/\/api.w.org\/{rel}","templated":true}]}}