{"id":1000,"date":"2023-04-30T04:28:51","date_gmt":"2023-04-30T04:28:51","guid":{"rendered":"https:\/\/balatonkeresztur.plebania.hu\/?p=1000"},"modified":"2023-04-30T04:59:38","modified_gmt":"2023-04-30T04:59:38","slug":"husvet-4-vasarnapja-2","status":"publish","type":"post","link":"https:\/\/balatonkeresztur.plebania.hu\/index.php\/2023\/04\/30\/husvet-4-vasarnapja-2\/","title":{"rendered":"H\u00fasv\u00e9t 4. vas\u00e1rnapja"},"content":{"rendered":"\n<p>Ferenc p\u00e1pa besz\u00e9de a papokhoz \u00e9s a szerzetesekhez a Szent Istv\u00e1n-bazilik\u00e1ban: \u201e<strong>Legyetek befogad\u00f3k \u00e9s legyetek az im\u00e1ds\u00e1g emberei<\/strong>\u201d<\/p>\n\n\n\n<!--more-->\n\n\n\n<p>Kedves Testv\u00e9reim a p\u00fcsp\u00f6ki rendben, kedves Paptestv\u00e9rek, Diak\u00f3nusok, megszentelt \u00e9letet \u00e9l\u0151 Fiv\u00e9reim \u00e9s N\u0151v\u00e9reim, Papn\u00f6vend\u00e9kek, Lelkip\u00e1sztori Munkat\u00e1rsak, kedves Testv\u00e9rek! Dics\u00e9rtess\u00e9k a J\u00e9zus Krisztus!<\/p>\n\n\n\n<p>\u00d6r\u00fcl\u00f6k, hogy ism\u00e9t itt lehetek, miut\u00e1n veletek egy\u00fctt r\u00e9szt vehettem az 52. Nemzetk\u00f6zi Eucharisztikus Kongresszuson, mely a kegyelem nagy pillanata volt, \u00e9s biztos vagyok abban, hogy lelki gy\u00fcm\u00f6lcseit m\u00e1ig \u00e9lvezitek. K\u00f6sz\u00f6n\u00f6m Veres p\u00fcsp\u00f6k \u00farnak a hozz\u00e1m int\u00e9zett \u00fcdv\u00f6zlet\u00e9t, \u00e9s hogy ezekkel a szavakkal tolm\u00e1csolta a magyarorsz\u00e1gi katolikusok v\u00e1gy\u00e1t: \u201eSzeretn\u00e9nk ebben a v\u00e1ltoz\u00f3 vil\u00e1gban hitelesen tan\u00fas\u00e1got tenni arr\u00f3l, hogy nek\u00fcnk Krisztus a j\u00f6v\u0151nk.\u201d Krisztus.<\/p>\n\n\n\n<p><a href=\"javascript:void(0);\"><\/a>Nem azt mondja: \u201ea j\u00f6v\u0151 Krisztus\u201d, nem, hanem: \u201enek\u00fcnk Krisztus a j\u00f6v\u0151nk.\u201d Ne keverj\u00fck \u00f6ssze a kett\u0151t!<\/p>\n\n\n\n<p>Ez az egyik legfontosabb feladat, amely el\u0151tt\u00fcnk \u00e1ll: korunk v\u00e1ltoz\u00e1sait \u00e9s \u00e1talakul\u00e1s\u00e1t \u00e9rtelmezni \u00e9s megpr\u00f3b\u00e1lni a lelkip\u00e1sztori kih\u00edv\u00e1sokkal a lehet\u0151 legmegfelel\u0151bb m\u00f3don szemben\u00e9zni. Krisztussal \u00e9s Krisztusban! Semmit sem Krisztuson k\u00edv\u00fcl, semmit sem Krisztust\u00f3l t\u00e1vol!<\/p>\n\n\n\n<p>Ez akkor lehets\u00e9ges, ha Krisztusra mint j\u00f6v\u0151nkre tekint\u00fcnk: \u0151 \u201eaz Alfa \u00e9s az \u00d3mega [&#8230;], aki van, aki volt \u00e9s aki elj\u0151, a Mindenhat\u00f3\u201d (Jel 1,8), a kezdet \u00e9s a v\u00e9g, az emberi t\u00f6rt\u00e9nelem alapja \u00e9s v\u00e9gs\u0151 c\u00e9lja. Ha e h\u00fasv\u00e9ti id\u0151ben annak dics\u0151s\u00e9g\u00e9t szeml\u00e9lj\u00fck, aki \u201eaz Els\u0151 \u00e9s az Utols\u00f3\u201d (Jel 1,17), akkor megl\u00e1thatjuk a vil\u00e1gunkat id\u0151nk\u00e9nt megr\u00e1z\u00f3 viharokat, a gyors \u00e9s folyamatos t\u00e1rsadalmi v\u00e1ltoz\u00e1sokat \u00e9s a hit v\u00e1ls\u00e1g\u00e1t is Nyugaton, de azzal a l\u00e1t\u00e1ssal, amely nem enged a cs\u00fcgged\u00e9snek, \u00e9s nem vesz\u00edti szem el\u0151l a h\u00fasv\u00e9t k\u00f6z\u00e9ppontj\u00e1t: a felt\u00e1madt Krisztust, aki a t\u00f6rt\u00e9nelem k\u00f6z\u00e9ppontja \u00e9s a j\u00f6v\u0151. \u00c9let\u00fcnk, b\u00e1rmennyire is t\u00f6r\u00e9keny, szil\u00e1rdan az \u0151 kez\u00e9ben van. Ha err\u0151l megfeledkez\u00fcnk, akkor mi, lelkip\u00e1sztorok \u00e9s vil\u00e1gi h\u00edv\u0151k emberi eszk\u00f6z\u00f6ket \u00e9s megold\u00e1sm\u00f3dokat fogunk keresni, hogy megv\u00e9dj\u00fck magunkat a vil\u00e1gt\u00f3l, bez\u00e1rk\u00f3zva k\u00e9nyelmes \u00e9s b\u00e9k\u00e9s vall\u00e1si o\u00e1zisainkba; vagy \u00e9ppen ellenkez\u0151leg, alkalmazkodunk a vil\u00e1giass\u00e1g v\u00e1ltakoz\u00f3 sz\u00e9lj\u00e1r\u00e1saihoz, akkor pedig kereszt\u00e9nys\u00e9g\u00fcnk elvesz\u00edti erej\u00e9t, \u00e9s megsz\u0171n\u00fcnk a f\u00f6ld s\u00f3ja lenni.<\/p>\n\n\n\n<p>T\u00e9rj\u00fcnk vissza Krisztushoz, aki a j\u00f6v\u0151, hogy ne ess\u00fcnk a vil\u00e1giass\u00e1g v\u00e1ltakoz\u00f3 sz\u00e9lj\u00e1r\u00e1sainak csapd\u00e1j\u00e1ba! Ez lenne ugyanis a legrosszabb, ami az Egyh\u00e1zzal t\u00f6rt\u00e9nhet: egy vil\u00e1gias Egyh\u00e1z.<\/p>\n\n\n\n<p>Ez k\u00e9t \u00e9rtelmez\u00e9s \u2013 \u00fagy is mondhatn\u00e1m, hogy k\u00e9t k\u00eds\u00e9rt\u00e9s \u2013, amelyt\u0151l Egyh\u00e1zk\u00e9nt mindig \u00f3vakodnunk kell. Az els\u0151 a jelenlegi t\u00f6rt\u00e9nelem katasztrof\u00e1lis olvasata, amelyet azok kishit\u0171s\u00e9ge t\u00e1pl\u00e1l, akik azt ism\u00e9telgetik, hogy minden elveszett, nincsenek m\u00e1r meg a m\u00falt \u00e9rt\u00e9kei, nem tudjuk, hov\u00e1 jutunk. Annyira sz\u00e9p, hogy S\u00e1ndor f\u0151tisztelend\u0151 \u00far h\u00e1l\u00e1t adott Istennek, aki \u201emegszabad\u00edtotta \u0151t a kishit\u0171s\u00e9gt\u0151l\u201d! \u00c9s mit csin\u00e1lt az \u00e9let\u00e9b\u0151l, egy nagy katedr\u00e1list? Nem, hanem egy kis, vid\u00e9ki sz\u00fcks\u00e9gk\u00e1poln\u00e1t. De megcsin\u00e1lta, nem hagyta mag\u00e1t legy\u0151zni. K\u00f6sz\u00f6n\u00f6m, testv\u00e9rem! \u00c9s ott a m\u00e1sik vesz\u00e9ly, saj\u00e1t korunk naiv olvasata, amely viszont az alkalmazkod\u00e1s, a konformit\u00e1s k\u00e9nyelm\u00e9n alapul, \u00e9s elhiteti vel\u00fcnk, hogy m\u00e9giscsak rendben van minden, csak a vil\u00e1g mostanra megv\u00e1ltozott, \u00e9s megk\u00fcl\u00f6nb\u00f6ztet\u00e9s n\u00e9lk\u00fcl alkalmazkodnunk kell hozz\u00e1. Ez helytelen! \u00cdme, a katasztrof\u00e1lis kishit\u0171s\u00e9ggel \u00e9s a vil\u00e1gias alkalmazkod\u00f3 szellemmel szemben az evang\u00e9lium \u00faj l\u00e1t\u00e1st ad nek\u00fcnk, megaj\u00e1nd\u00e9koz a megk\u00fcl\u00f6nb\u00f6ztet\u00e9s kegyelm\u00e9vel, hogy egyszerre befogad\u00f3 magatart\u00e1ssal \u00e9s a pr\u00f3f\u00e9cia lelk\u00e9vel l\u00e9pj\u00fcnk be korunkba. Vagyis a pr\u00f3f\u00e9ci\u00e1ra nyitott befogad\u00e1ssal. Nem szeretem a \u201epr\u00f3f\u00e9tai\u201d jelz\u0151t haszn\u00e1lni, t\u00fal sokszor haszn\u00e1ljuk. A f\u0151nevet haszn\u00e1ljuk: pr\u00f3f\u00e9cia. A f\u0151nevek v\u00e1ls\u00e1g\u00e1t \u00e9lj\u00fck \u00e1t, \u00e9s oly gyakran ny\u00falunk a mell\u00e9knevekhez. Nem! Pr\u00f3f\u00e9cia. Befogad\u00f3 magatart\u00e1ssal, nyitott l\u00e9lekkel, \u00e9s pr\u00f3f\u00e9ci\u00e1val a sz\u00edv\u00fcnkben!<\/p>\n\n\n\n<figure class=\"wp-block-image size-full is-resized\"><img loading=\"lazy\" decoding=\"async\" src=\"https:\/\/balatonkeresztur.plebania.hu\/wp-content\/uploads\/2023\/04\/papas.jpg\" alt=\"\" class=\"wp-image-1001\" width=\"584\" height=\"279\" srcset=\"https:\/\/balatonkeresztur.plebania.hu\/wp-content\/uploads\/2023\/04\/papas.jpg 1896w, https:\/\/balatonkeresztur.plebania.hu\/wp-content\/uploads\/2023\/04\/papas-768x368.jpg 768w, https:\/\/balatonkeresztur.plebania.hu\/wp-content\/uploads\/2023\/04\/papas-1536x736.jpg 1536w, https:\/\/balatonkeresztur.plebania.hu\/wp-content\/uploads\/2023\/04\/papas-500x240.jpg 500w\" sizes=\"auto, (max-width: 584px) 100vw, 584px\" \/><\/figure>\n\n\n\n<p>Ennek kapcs\u00e1n szeretn\u00e9k r\u00f6viden utalni egy gy\u00f6ny\u00f6r\u0171 k\u00e9pre, amelyet J\u00e9zus haszn\u00e1lt: a f\u00fcgefa k\u00e9p\u00e9re (v\u00f6. Mk 13,28\u201329), amely a jeruzs\u00e1lemi templommal \u00f6sszef\u00fcgg\u00e9sben jelenik meg. Azokat, akik annak gy\u00f6ny\u00f6r\u0171 k\u00f6veit csod\u00e1lt\u00e1k, \u00e9s \u00edgy egyfajta vil\u00e1gias konformizmusban \u00e9ltek, biztons\u00e1gukat a szent t\u00e9rbe \u00e9s annak \u00fcnnep\u00e9lyes pomp\u00e1j\u00e1ba helyezve, J\u00e9zus arra figyelmeztette, hogy itt a f\u00f6ld\u00f6n semmit sem szabad abszol\u00fatnak tekinteni, mert minden bizonytalan, \u00e9s k\u0151 k\u00f6v\u00f6n nem marad \u2013 a zsolozsm\u00e1ban ezekben a napokban a Jelen\u00e9sek k\u00f6nyv\u00e9t olvassuk, mely el\u00e9nk t\u00e1rja, hogy k\u0151 k\u00f6v\u00f6n nem marad \u2013, ugyanakkor az \u00dar nem akar cs\u00fcgged\u00e9st okozni, sem f\u00e9lelmet kelteni, ez\u00e9rt hozz\u00e1teszi: amikor minden elm\u00falik, amikor az emberi templomok \u00f6sszeomlanak, amikor sz\u00f6rny\u0171 dolgok t\u00f6rt\u00e9nnek \u00e9s heves \u00fcld\u00f6z\u00e9sek t\u00e1madnak, akkor \u201emajd megl\u00e1tj\u00e1k az Emberfi\u00e1t, amint elj\u00f6n a felh\u0151k\u00f6n nagy hatalommal \u00e9s dics\u0151s\u00e9ggel\u201d (v\u00f6. Mk 13,26). \u00c9s itt h\u00edv meg benn\u00fcnket arra, hogy a f\u00fcgef\u00e1t szeml\u00e9lj\u00fck: \u201eVegyetek p\u00e9ld\u00e1t a f\u00fcgef\u00e1r\u00f3l. Amikor hajt\u00e1sa m\u00e1r zsend\u00fcl \u00e9s levelet hajt, tudj\u00e1tok, hogy k\u00f6zel van a ny\u00e1r. \u00cdgy ti is, mihelyt l\u00e1tj\u00e1tok, hogy ezek mind bek\u00f6vetkeznek, tudj\u00e1tok meg, hogy k\u00f6zel van, m\u00e1r az ajt\u00f3ban\u201d (Mk 13,28\u201329). Arra kapunk teh\u00e1t megh\u00edv\u00e1st, hogy gy\u00fcm\u00f6lcs\u00f6t term\u0151 n\u00f6v\u00e9nyk\u00e9nt haszn\u00e1ljuk fel a nek\u00fcnk adott id\u0151t, annak v\u00e1ltoz\u00e1saival \u00e9s kih\u00edv\u00e1saival egy\u00fctt, mert mindezeken kereszt\u00fcl \u2013 mondja az evang\u00e9lium \u2013 az \u00dar k\u00f6zeledik. \u00c9s addig is arra vagyunk hivatva, hogy megbecs\u00fclj\u00fck ezt az id\u0151t, hogy olvassuk az evang\u00e9liumot \u00e9s elvess\u00fck a magvait, hogy lemetssz\u00fck a gonoszs\u00e1g sz\u00e1raz \u00e1gait, hogy gy\u00fcm\u00f6lcs\u00f6t teremj\u00fcnk.<\/p>\n\n\n\n<p>Pr\u00f3f\u00e9ci\u00e1val v\u00e9gzett befogad\u00e1sra kaptunk megh\u00edv\u00e1st.<\/p>\n\n\n\n<p>Pr\u00f3f\u00e9ci\u00e1val v\u00e9gzett befogad\u00e1s: azt jelenti, hogy megtanuljuk felismerni Isten jelenl\u00e9t\u00e9nek jeleit a val\u00f3 vil\u00e1gban, m\u00e9g ott is, ahol nem jelenik meg kifejezetten a kereszt\u00e9ny szellem jegy\u00e9ben, vagy ahol kih\u00edv\u00e1s vagy k\u00e9rd\u00e9s form\u00e1j\u00e1ban \u00e9rkezik. Ugyanakkor mindent az evang\u00e9lium f\u00e9ny\u00e9ben kell \u00e9rtelmezn\u00fcnk, an\u00e9lk\u00fcl, hogy elvil\u00e1giasodn\u00e1nk \u2013 erre vigy\u00e1zzatok! \u2013, a kereszt\u00e9ny pr\u00f3f\u00e9cia hirdet\u0151ik\u00e9nt \u00e9s tan\u00faik\u00e9nt. Vigy\u00e1zzatok az elvil\u00e1giasod\u00e1s folyamat\u00e1ra! A vil\u00e1giass\u00e1gba s\u00fcllyed\u00e9s tal\u00e1n a legrosszabb, ami egy kereszt\u00e9ny k\u00f6z\u00f6ss\u00e9ggel t\u00f6rt\u00e9nhet! Azt l\u00e1tjuk, hogy m\u00e9g ebben az orsz\u00e1gban is, ahol a hit hagyom\u00e1nya szil\u00e1rdan gy\u00f6keret vert, tan\u00fai vagyunk az elvil\u00e1giasod\u00e1snak \u00e9s az azt k\u00eds\u00e9r\u0151 jelens\u00e9gek terjed\u00e9s\u00e9nek, mely vesz\u00e9lyezteti a csal\u00e1d egys\u00e9g\u00e9t \u00e9s sz\u00e9ps\u00e9g\u00e9t, kiteszi a fiatalokat az anyagias \u00e9s hedonista \u00e9letide\u00e1l kock\u00e1zat\u00e1nak \u00e9s polariz\u00e1lja az \u00faj k\u00e9rd\u00e9sekr\u0151l \u00e9s kih\u00edv\u00e1sokr\u00f3l sz\u00f3l\u00f3 vit\u00e1t. \u00cdgy megjelenik az a k\u00eds\u00e9rt\u00e9s, hogy megmerevedj\u00fcnk, bez\u00e1rk\u00f3zzunk \u00e9s \u201eharcos\u201d hozz\u00e1\u00e1ll\u00e1st vegy\u00fcnk fel. Pedig ez a val\u00f3s\u00e1g lehet\u0151s\u00e9geket is hordozhat sz\u00e1munkra, kereszt\u00e9nyek sz\u00e1m\u00e1ra, mert hitre \u00e9s bizonyos t\u00e9m\u00e1k elm\u00e9ly\u00edt\u00e9s\u00e9re \u00f6szt\u00f6n\u00f6z, \u00e9s arra h\u00edv, hogy feltegy\u00fck magunknak a k\u00e9rd\u00e9st: ezek a kih\u00edv\u00e1sok mik\u00e9nt l\u00e9phetnek p\u00e1rbesz\u00e9dbe az evang\u00e9liummal, hogy \u00faj utak, eszk\u00f6z\u00f6k \u00e9s nyelvezet keres\u00e9s\u00e9re ind\u00edtsanak? Ebben az \u00e9rtelemben jelentette ki XVI. Benedek, hogy a szekulariz\u00e1ci\u00f3 k\u00fcl\u00f6nb\u00f6z\u0151 korszakai az Egyh\u00e1z seg\u00edts\u00e9g\u00e9re voltak, mert \u201el\u00e9nyegesen hozz\u00e1j\u00e1rultak bels\u0151 megtisztul\u00e1s\u00e1hoz \u00e9s reformj\u00e1hoz. A szekulariz\u00e1ci\u00f3k val\u00f3j\u00e1ban [\u2026] minden alkalommal az Egyh\u00e1z m\u00e9ly megszabadul\u00e1s\u00e1t jelentett\u00e9k a vil\u00e1giass\u00e1g form\u00e1it\u00f3l\u201d (<em>Tal\u00e1lkoz\u00f3 az Egyh\u00e1zban \u00e9s a t\u00e1rsadalomban elk\u00f6telezett katolikusokkal,<\/em> Freiburg im Breisgau, 2011. szeptember 25.). Ha b\u00e1rmif\u00e9le szekulariz\u00e1ci\u00f3val tal\u00e1lkozunk, az val\u00f3j\u00e1ban kih\u00edv\u00e1s \u00e9s felh\u00edv\u00e1s arra, hogy megtiszt\u00edtsuk az Egyh\u00e1zat mindenf\u00e9le vil\u00e1giass\u00e1gt\u00f3l. T\u00e9rj\u00fcnk vissza ehhez a sz\u00f3hoz, mely a legrosszabb: a vil\u00e1giass\u00e1gba s\u00fcllyed\u00e9s a legrosszabb, ami t\u00f6rt\u00e9nhet vel\u00fcnk! Ez egy b\u00e9k\u00e9s, megnyugtat\u00f3 pog\u00e1nys\u00e1g, olyan pog\u00e1nys\u00e1g, amely nem veszi el a b\u00e9k\u00e9det. Mi\u00e9rt? Mert j\u00f3? Nem! Hanem mert \u00e9rz\u00e9ketlenn\u00e9 tesz, elaltat!<\/p>\n\n\n\n<p>A mai \u00e9lethelyzetekkel folytatott p\u00e1rbesz\u00e9dre ir\u00e1nyul\u00f3 elk\u00f6telez\u0151d\u00e9s azt k\u00edv\u00e1nja a kereszt\u00e9ny k\u00f6z\u00f6ss\u00e9gt\u0151l, hogy jelen legyen \u00e9s tan\u00fas\u00e1got tegyen, hogy k\u00e9pes legyen f\u00e9lelem \u00e9s megcsontosod\u00e1s n\u00e9lk\u00fcl meghallgatni a k\u00e9rd\u00e9seket \u00e9s megl\u00e1tni a kih\u00edv\u00e1sokat. Ez a jelen helyzetben nem k\u00f6nny\u0171, mert bels\u0151 neh\u00e9zs\u00e9gekb\u0151l sincs hi\u00e1ny. K\u00fcl\u00f6n\u00f6sen a papok t\u00falterhelts\u00e9g\u00e9t szeretn\u00e9m kiemelni. Egyr\u00e9szt a pl\u00e9b\u00e1niai \u00e9s lelkip\u00e1sztori \u00e9let k\u00f6vetelm\u00e9nyei sokr\u00e9t\u0171ek, m\u00e1sr\u00e9szt a hivat\u00e1sok sz\u00e1ma cs\u00f6kken, \u00e9s a papok kevesen vannak, sokan k\u00f6z\u00fcl\u00fck el\u0151rehaladott kor\u00faak \u00e9s a f\u00e1radts\u00e1g jelei mutatkoznak rajtuk. Ez sok eur\u00f3pai orsz\u00e1g k\u00f6z\u00f6s val\u00f3s\u00e1ga, amellyel kapcsolatban fontos, hogy mindenki \u2013 lelkip\u00e1sztorok \u00e9s vil\u00e1gi h\u00edv\u0151k egyar\u00e1nt \u2013 \u00e9rezze a k\u00f6z\u00f6s felel\u0151ss\u00e9get: mindenekel\u0151tt az im\u00e1ds\u00e1gban, hiszen a v\u00e1laszok az \u00dart\u00f3l \u00e9s nem a vil\u00e1gt\u00f3l j\u00f6nnek, a tabern\u00e1kulumb\u00f3l, nem pedig az internetr\u0151l. Azt\u00e1n a hivat\u00e1sok\u00e9rt v\u00e9gzett lelkip\u00e1sztori munka szenved\u00e9ly\u00e9ben, keresve annak a m\u00f3dj\u00e1t, hogy a saj\u00e1tos megszentel\u0151d\u00e9s \u00fatj\u00e1n is lelkesen felk\u00edn\u00e1ljuk a fiataloknak J\u00e9zus k\u00f6vet\u00e9s\u00e9nek a var\u00e1zs\u00e1t.<\/p>\n\n\n\n<p>Sz\u00e9p, amit Krisztina n\u0151v\u00e9r a \u201eJ\u00e9zussal val\u00f3 perleked\u00e9sr\u0151l\u201d mondott. Nehezen alakult az \u0151 hivat\u00e1sa, hiszen ahhoz, hogy domonkos lehessen, el\u0151sz\u00f6r egy ferences pap seg\u00edtette, azt\u00e1n a jezsuit\u00e1k a lelkigyakorlatokkal\u2026, \u00e9s v\u00e9g\u00fcl domonkos lett. \u00dcgyes vagy! Sz\u00e9p utat j\u00e1rt\u00e1l be! Sz\u00e9p, amit Krisztina n\u0151v\u00e9r a \u201eJ\u00e9zussal val\u00f3 perleked\u00e9sr\u0151l\u201d mondott: hogy mi\u00e9rt \u00e9ppen \u0151t h\u00edvta meg, azt akarta, hogy a testv\u00e9reit h\u00edvja, ne \u0151t. Sz\u00fcks\u00e9g van azokra, akik meghallgatj\u00e1k a fiatalokat \u00e9s seg\u00edtik \u0151ket, hogy j\u00f3l tudjanak perlekedni az \u00darral! \u00c9s \u00e1ltal\u00e1nosabban: sz\u00fcks\u00e9g van arra, hogy egyh\u00e1zi reflexi\u00f3t kezdem\u00e9nyezz\u00fcnk \u2013 szinod\u00e1lis, egy\u00fcttesen v\u00e9gzett reflexi\u00f3t \u2013 a lelkip\u00e1sztori \u00e9let meg\u00faj\u00edt\u00e1s\u00e1ra, nem megel\u00e9gedve a m\u00falt ism\u00e9tl\u00e9s\u00e9vel, nem f\u00e9lve a pl\u00e9b\u00e1nia \u00e1tszervez\u00e9s\u00e9t\u0151l, hanem priorit\u00e1sk\u00e9nt kezelve az evangeliz\u00e1ci\u00f3t \u00e9s akt\u00edv egy\u00fcttm\u0171k\u00f6d\u00e9st kezdem\u00e9nyezve a lelkip\u00e1sztorok, a katek\u00e9t\u00e1k, a lelkip\u00e1sztori munkat\u00e1rsak \u00e9s a tan\u00e1rok k\u00f6z\u00f6tt. Ti m\u00e1r ezen az \u00faton j\u00e1rtok: k\u00e9rem, ne \u00e1lljatok meg! Keress\u00e9tek a lehets\u00e9ges m\u00f3dokat, hogy \u00f6r\u00f6mmel tudjatok egy\u00fcttm\u0171k\u00f6dni az evang\u00e9lium \u00fcgy\u00e9ben \u00e9s egy\u00fctt mozd\u00edts\u00e1tok el\u0151, ki-ki a maga karizm\u00e1j\u00e1val a lelkip\u00e1sztori munk\u00e1t mint \u00f6r\u00f6mh\u00edrhirdet\u00e9st, k\u00e9r\u00fcgmatikus \u00f6r\u00f6mh\u00edrhirdet\u00e9st, vagyis amely megsz\u00f3l\u00edtja az emberek lelkiismeret\u00e9t. Sz\u00e9p volt, amit ebben az \u00f6sszef\u00fcgg\u00e9sben Dorina arr\u00f3l mondott, hogy a narr\u00e1ci\u00f3 \u00e9s a kommunik\u00e1ci\u00f3 \u00e1ltal, a mindennapi \u00e9letet \u00e9rintve kell el\u00e9rn\u00fcnk felebar\u00e1tainkat. Itt meg\u00e1llok egy kicsit, hogy kiemeljem a katek\u00e9t\u00e1k gy\u00f6ny\u00f6r\u0171 munk\u00e1j\u00e1t, ezt az antiquum ministeriumot. Vannak olyan helyek a vil\u00e1gon \u2013 gondoljunk p\u00e9ld\u00e1ul Afrik\u00e1ra \u2013, ahol az evangeliz\u00e1ci\u00f3t katek\u00e9t\u00e1k v\u00e9gzik. A katek\u00e9t\u00e1k az Egyh\u00e1z oszlopai! K\u00f6sz\u00f6nj\u00fck, amit tesztek! K\u00f6sz\u00f6netet mondok a diak\u00f3nusoknak \u00e9s a katek\u00e9t\u00e1knak is, akiknek d\u00f6nt\u0151 szerep\u00fck van a hit \u00e1tad\u00e1s\u00e1ban a fiatalabb nemzed\u00e9keknek, \u00e9s mindazoknak, tan\u00e1roknak \u00e9s nevel\u0151knek, akik nagylelk\u0171en munk\u00e1lkodnak az oktat\u00e1s ter\u00fclet\u00e9n: k\u00f6sz\u00f6n\u00f6m, nagyon sz\u00e9pen k\u00f6sz\u00f6n\u00f6m!<\/p>\n\n\n\n<p>Engedj\u00e9tek meg, hogy elmondjam: a lelkip\u00e1sztori munka akkor lesz gy\u00fcm\u00f6lcs\u00f6z\u0151, ha k\u00e9pesek vagyunk meg\u00e9lni azt a szeretetet, amelyet az \u00dar parancsolt nek\u00fcnk, \u00e9s amely az \u0151 Lelk\u00e9nek aj\u00e1nd\u00e9ka.<\/p>\n\n\n\n<p>Ha t\u00e1vols\u00e1gtart\u00f3nak vagy megosztottnak mutatkozunk, ha megcsontosodunk \u00e1ll\u00e1spontjainkban \u00e9s csoportosul\u00e1sainkban, akkor nem fogunk gy\u00fcm\u00f6lcs\u00f6t teremni.<\/p>\n\n\n\n<p>\u00d6nmagunkra gondolunk, saj\u00e1t elgondol\u00e1sainkra, saj\u00e1t teol\u00f3gi\u00e1nkra gondolunk. Szomor\u00fa, ha megosztottak vagyunk, mert ahelyett, hogy egy csapatk\u00e9nt j\u00e1tszan\u00e1nk, az ellens\u00e9g j\u00e1t\u00e9k\u00e1t seg\u00edtj\u00fck: a s\u00e1t\u00e1n bomlaszt, a s\u00e1t\u00e1n m\u0171v\u00e9sze a bomlaszt\u00e1snak, ez a specialit\u00e1sa! Mi pedig egym\u00e1st\u00f3l elt\u00e1volodott p\u00fcsp\u00f6k\u00f6ket, a p\u00fcsp\u00f6k\u00fckkel fesz\u00fclts\u00e9gben \u00e9l\u0151 papokat l\u00e1tunk, visz\u00e1ly van az id\u0151sebb \u00e9s a fiatalabb papok, az egyh\u00e1zmegy\u00e9sek \u00e9s a szerzetesek, a papok \u00e9s a vil\u00e1gi h\u00edv\u0151k, a latinok \u00e9s a g\u00f6r\u00f6g\u00f6k k\u00f6z\u00f6tt; p\u00e1rtokra szakadunk az Egyh\u00e1z \u00e9let\u00e9t \u00e9rint\u0151 k\u00e9rd\u00e9sekben, de politikai \u00e9s t\u00e1rsadalmi t\u00e9ren is, mereven k\u00e9pviselve ideol\u00f3giai \u00e1ll\u00e1spontunkat. Ne engedj\u00e9tek be az ideol\u00f3gi\u00e1kat! A hit\u00e9letet, a h\u00edv\u0151 magatart\u00e1sm\u00f3dot nem lehet ideol\u00f3gi\u00e1ra reduk\u00e1lni: ez a s\u00e1t\u00e1nt\u00f3l val\u00f3! Nem, k\u00e9rem: az els\u0151 lelkip\u00e1sztori cselekedet az egym\u00e1s k\u00f6zti k\u00f6z\u00f6ss\u00e9gr\u0151l val\u00f3 tan\u00fas\u00e1gt\u00e9tel, mert Isten maga k\u00f6z\u00f6ss\u00e9g, \u00e9s ott van jelen, ahol testv\u00e9ri szeretet uralkodik. Gy\u0151zz\u00fck le az emberi megosztotts\u00e1got, hogy egy\u00fctt dolgozzunk az \u00dar sz\u0151l\u0151j\u00e9ben! Mer\u00fclj\u00fcnk el az evang\u00e9lium szellem\u00e9ben, verj\u00fcnk gy\u00f6keret az im\u00e1ds\u00e1gban, k\u00fcl\u00f6n\u00f6sen a szents\u00e9gim\u00e1d\u00e1sban \u00e9s Isten ig\u00e9j\u00e9nek hallgat\u00e1s\u00e1ban, t\u00f6rekedj\u00fcnk az \u00e9lethosszig tart\u00f3 tanul\u00e1sra, \u00e1poljuk a testv\u00e9ris\u00e9get, a k\u00f6zels\u00e9get \u00e9s az egym\u00e1sra val\u00f3 odafigyel\u00e9st. Nagy kincs birtok\u00e1ba jutottunk, ne pazaroljuk el az evang\u00e9liumhoz k\u00e9pest m\u00e1sodlagos \u00e9rt\u00e9keket hajszolva!<\/p>\n\n\n\n<p>Itt hadd figyelmeztesselek benneteket: \u00f3vakodjatok a pletyk\u00e1l\u00e1st\u00f3l, a p\u00fcsp\u00f6k\u00f6k k\u00f6z\u00f6tti, a papok k\u00f6z\u00f6tti, a szerzetesn\u0151k k\u00f6z\u00f6tti, a vil\u00e1gi h\u00edv\u0151k k\u00f6z\u00f6tti fecseg\u00e9st\u0151l\u2026<\/p>\n\n\n\n<p>A pletyka rombol. Olyan sz\u00e9p dolognak t\u0171nik a fecseg\u00e9s, \u00e9des, mint a cukorka, j\u00f3 dolog m\u00e1sokr\u00f3l fecsegni. Az ember gyakran beleesik. Vigy\u00e1zzatok, mert ez a rombol\u00e1s \u00fatja.<\/p>\n\n\n\n<p>Ha egy felszentelt szem\u00e9lynek, egy megszentelt szem\u00e9lynek vagy egy vil\u00e1gi h\u00edv\u0151nek, aki komolyan veszi hivat\u00e1s\u00e1t, siker\u00fcl, hogy sose sz\u00f3ljon meg m\u00e1sokat, az egy szent! Ezen az \u00faton menjetek: ne mondjatok rosszat m\u00e1sokr\u00f3l! \u201e\u00d3, Aty\u00e1m, ez neh\u00e9z, mert n\u00e9ha az ember elcs\u00faszik: itt ezt mondom, ott amazt\u2026\u201d A megsz\u00f3l\u00e1s ellen van egy j\u00f3 orvoss\u00e1g: p\u00e9ld\u00e1ul az ima; de van egy m\u00e1sik j\u00f3 orvoss\u00e1g is: megharapni a nyelv\u00fcnket. Tudt\u00e1tok ezt? Harapj\u00e1tok meg a nyelveteket, \u00e9s ne pletyk\u00e1ljatok! Rendben?<\/p>\n\n\n\n<p>\u00c9s m\u00e9g egy dolgot szeretn\u00e9k mondani a lelkip\u00e1sztoroknak: az Atya arc\u00e1t mutass\u00e1tok meg Isten szent n\u00e9p\u00e9nek, \u00e9s alak\u00edts\u00e1tok ki a csal\u00e1dias lelk\u00fcletet \u2013 ne legy\u00fcnk merevek, hanem irgalmas \u00e9s k\u00f6ny\u00f6r\u00fcletes tekintettel \u00e9s megk\u00f6zel\u00edt\u00e9sekkel \u00e9lj\u00fcnk. Ezzel kapcsolatban szeretn\u00e9k hangs\u00falyozni egy dolgot: mi Istennek a st\u00edlusa? Isten els\u0151 st\u00edlusa a k\u00f6zels\u00e9g. \u0150 maga mondta ezt a M\u00e1sodik T\u00f6rv\u00e9nyk\u00f6nyvben: \u201eMondd, melyik n\u00e9phez vannak olyan k\u00f6zel az istenei, mint \u00e9n tehozz\u00e1d?\u201d Isten magatart\u00e1s\u00e1ra a k\u00f6zels\u00e9g, az egy\u00fctt\u00e9rz\u00e9ssel \u00e9s a gyeng\u00e9ds\u00e9g jellemz\u0151. K\u00f6zels\u00e9g, egy\u00fctt\u00e9rz\u00e9s \u00e9s gyeng\u00e9ds\u00e9g: ez Istennek a st\u00edlusa. Ezt a st\u00edlust k\u00f6vess\u00fck! Vajon \u00e9n k\u00f6zel \u00e1llok-e az emberekhez, seg\u00edtem-e az embereket, egy\u00fctt\u00e9rz\u0151 vagyok-e, vagy mindenkit el\u00edt\u00e9lek? Gyeng\u00e9d \u00e9s kedves vagyok-e? Teh\u00e1t semmi merevs\u00e9g, hanem k\u00f6zels\u00e9g, egy\u00fctt\u00e9rz\u00e9s \u00e9s gyeng\u00e9ds\u00e9g! Ezzel kapcsolatban megragadtak J\u00f3zsef atya szavai, aki felid\u00e9zte testv\u00e9re, Brenner J\u00e1nos boldogg\u00e1 avat\u00e1s\u00e1t \u00e9s szolg\u00e1lat\u00e1t, egy olyan pap\u00e9t, akit mind\u00f6ssze huszonhat \u00e9ves kor\u00e1ban barb\u00e1r m\u00f3don meggyilkoltak. Ennek a n\u00e9pnek h\u00e1ny meg h\u00e1ny v\u00e9rtan\u00faja \u00e9s hitvall\u00f3ja \u00e9lt a m\u00falt sz\u00e1zad totalit\u00e1rius diktat\u00far\u00e1i alatt! Sokat szenvedtetek!<\/p>\n\n\n\n<p>Boldog J\u00e1nos annyi szenved\u00e9st \u00e9lt \u00e1t, hogy k\u00f6nnyen megtehette volna, hogy haragot tart, bez\u00e1rk\u00f3zik, merevv\u00e9 v\u00e1lik. Ehelyett j\u00f3 p\u00e1sztor volt. Erre van mindannyiunknak, k\u00fcl\u00f6n\u00f6sen a papoknak sz\u00fcks\u00e9g\u00fcnk:<\/p>\n\n\n\n<p>irgalmas tekintetre, egy\u00fctt\u00e9rz\u0151 sz\u00edvre, mely mindig megbocs\u00e1t, \u00fajra \u00e9s \u00fajra megbocs\u00e1t, amely seg\u00edt az \u00fajrakezd\u00e9sben, befogad \u00e9s nem \u00edt\u00e9lkezik, nem zavar el, b\u00e1tor\u00edt \u00e9s nem kritiz\u00e1l, szolg\u00e1l \u00e9s nem pletyk\u00e1l.<\/p>\n\n\n\n<p>Ez a magatart\u00e1s felk\u00e9sz\u00edt benn\u00fcnket a befogad\u00e1sra, olyan befogad\u00e1sra, amely pr\u00f3f\u00e9cia. Felk\u00e9sz\u00edt az \u00dar vigasztal\u00e1s\u00e1t k\u00f6zvet\u00edteni a vil\u00e1gban tapasztalhat\u00f3 f\u00e1jdalom \u00e9s szeg\u00e9nys\u00e9g val\u00f3s\u00e1g\u00e1ban, k\u00f6zel lenni az \u00fcld\u00f6z\u00f6tt kereszt\u00e9nyekhez, a befogad\u00e1st keres\u0151 menek\u00fcltekhez, a m\u00e1s etnikum\u00fa emberekhez, \u00e9s b\u00e1rkihez, aki r\u00e1szorul. A szents\u00e9g nagyszer\u0171 p\u00e9ld\u00e1ival b\u00edrtok ebben a tekintetben, mint p\u00e9ld\u00e1ul Szent M\u00e1rton\u00e9val. Az \u0151 gesztusa, amellyel megosztotta k\u00f6peny\u00e9t a szeg\u00e9nnyel, sokkal t\u00f6bb, mint a szeretet cselekedete: egy olyan Egyh\u00e1z k\u00e9pe, amely fel\u00e9 t\u00f6rekedn\u00fcnk kell, amit a Magyar Egyh\u00e1z Eur\u00f3pa sz\u00edv\u00e9ben pr\u00f3f\u00e9ciak\u00e9nt hordozhat: az irgalmass\u00e1g \u00e9s k\u00f6zels\u00e9g felmutat\u00e1sa. De szeretn\u00e9k megeml\u00e9kezni Szent Istv\u00e1nr\u00f3l is, akinek erekly\u00e9je itt van mellettem: \u0151, aki el\u0151sz\u00f6r b\u00edzta Isten anyj\u00e1ra a nemzetet, aki elsz\u00e1nt evang\u00e9liumhirdet\u0151 t\u00e9r\u00edt\u0151 volt, kolostorok \u00e9s ap\u00e1ts\u00e1gok alap\u00edt\u00f3ja, k\u00e9pes volt arra is, hogy mindenkit meghallgasson \u00e9s mindenkivel p\u00e1rbesz\u00e9det folytasson, tudott gondoskodni a szeg\u00e9nyekr\u0151l: cs\u00f6kkentette ad\u00f3jukat, \u00e9s \u00e1lruh\u00e1ban osztott alamizsn\u00e1t, hogy ne ismerj\u00e9k fel.<\/p>\n\n\n\n<p>Ilyen Egyh\u00e1zr\u00f3l kell \u00e1lmodnunk: olyan Egyh\u00e1zr\u00f3l, amely k\u00e9pes meghallgatni, p\u00e1rbesz\u00e9det folytatni, a gyeng\u00e9bbekre odafigyelni; olyan Egyh\u00e1zr\u00f3l, amely befogad\u00f3 mindenki ir\u00e1ny\u00e1ba; olyan Egyh\u00e1zr\u00f3l, amelynek van b\u00e1tors\u00e1ga mindenkihez elvinni az evang\u00e9lium pr\u00f3f\u00e9ci\u00e1j\u00e1t.<\/p>\n\n\n\n<p>Kedves testv\u00e9reim, Krisztus a j\u00f6v\u0151nk, mert \u0151 ir\u00e1ny\u00edtja a t\u00f6rt\u00e9nelmet, \u0151 a t\u00f6rt\u00e9nelem ura. Err\u0151l szil\u00e1rdan meg voltak gy\u0151z\u0151dve hitvall\u00f3itok: megannyi p\u00fcsp\u00f6k, pap, szerzetes \u00e9s szerzetesn\u0151, akik az ateista \u00fcld\u00f6z\u00e9s alatt v\u00e9rtan\u00fahal\u00e1lt haltak; \u0151k tan\u00fas\u00edtj\u00e1k a magyars\u00e1g sziklaszil\u00e1rd hit\u00e9t. Ez nem t\u00falz\u00e1s, meggy\u0151z\u0151d\u00e9sem, hogy sziklaszil\u00e1rd hitetek van, \u00e9s h\u00e1l\u00e1t adunk Istennek \u00e9rte. Szeretn\u00e9k megeml\u00e9kezni Mindszenty b\u00edboros \u00farr\u00f3l, aki hitt az ima erej\u00e9ben, olyannyira, hogy szinte sz\u00e1ll\u00f3igek\u00e9nt id\u00e9zik szavait: \u201eHa van egymilli\u00f3 im\u00e1dkoz\u00f3 magyar, nem f\u00e9lek a holnapt\u00f3l!\u201d Legyetek befogad\u00f3ak, legyetek tan\u00fai az evang\u00e9lium \u00edg\u00e9ret\u00e9nek, de mindenekel\u0151tt legyetek az im\u00e1ds\u00e1g emberei, mert a t\u00f6rt\u00e9nelem \u00e9s a j\u00f6v\u0151 ett\u0151l f\u00fcgg. Megk\u00f6sz\u00f6n\u00f6m hiteteket \u00e9s h\u0171s\u00e9geteket, mindazt a j\u00f3t, amik vagytok, \u00e9s amit tesztek. \u00c9s nem tudom elfelejteni az Angolkisasszonyok k\u00f6z\u00f6ss\u00e9g\u00e9be tartoz\u00f3 magyar n\u0151v\u00e9rek b\u00e1tor \u00e9s t\u00fcrelmes tan\u00fas\u00e1g\u00e1t, akikkel Argent\u00edn\u00e1ban tal\u00e1lkoztam, miut\u00e1n a vall\u00e1s\u00fcld\u00f6z\u00e9s idej\u00e9n elhagyt\u00e1k Magyarorsz\u00e1got. Tan\u00fas\u00e1gtev\u0151, csod\u00e1latos n\u0151k voltak! Tan\u00fas\u00e1gt\u00e9tel\u00fckkel annyi j\u00f3t tettek velem. Im\u00e1dkozom \u00e9rtetek, hogy a hit nagyszer\u0171 tan\u00fainak p\u00e9ld\u00e1j\u00e1t k\u00f6vetve sose gy\u0151zz\u00f6n le benneteket a k\u00f6z\u00e9pszer\u0171s\u00e9gbe s\u00fcllyeszt\u0151 bels\u0151 f\u00e1radts\u00e1g, \u00e9s \u00f6r\u00f6mmel haladjatok el\u0151re. \u00c9s k\u00e9rlek benneteket, hogy tov\u00e1bbra is im\u00e1dkozzatok \u00e9rtem.<\/p>\n\n\n\n<p>forr\u00e1s: <a href=\"https:\/\/www.magyarkurir.hu\/hirek\/ferenc-papa-szent-istvan-bazilikaban-legyetek-befogadoak-es-legyetek-az-imadsag-emberei\" target=\"_blank\" rel=\"noreferrer noopener\">Magyar Kur\u00edr<\/a><\/p>\n\n\n\n<figure class=\"wp-block-embed is-type-video is-provider-youtube wp-block-embed-youtube wp-embed-aspect-16-9 wp-has-aspect-ratio\"><div class=\"wp-block-embed__wrapper\">\n<iframe loading=\"lazy\" title=\"Tal\u00e1lkoz\u00f3 a Szent Istv\u00e1n Bazilik\u00e1ban\" width=\"584\" height=\"329\" src=\"https:\/\/www.youtube.com\/embed\/mt2pMJzZJks?feature=oembed\" frameborder=\"0\" allow=\"accelerometer; autoplay; clipboard-write; encrypted-media; gyroscope; picture-in-picture; web-share\" referrerpolicy=\"strict-origin-when-cross-origin\" allowfullscreen><\/iframe>\n<\/div><\/figure>\n","protected":false},"excerpt":{"rendered":"<p>Ferenc p\u00e1pa besz\u00e9de a papokhoz \u00e9s a szerzetesekhez a Szent Istv\u00e1n-bazilik\u00e1ban: \u201eLegyetek befogad\u00f3k \u00e9s legyetek az im\u00e1ds\u00e1g emberei\u201d<\/p>\n","protected":false},"author":1,"featured_media":0,"comment_status":"closed","ping_status":"open","sticky":false,"template":"","format":"standard","meta":{"footnotes":""},"categories":[1],"tags":[],"class_list":["post-1000","post","type-post","status-publish","format-standard","hentry","category-egyeb"],"_links":{"self":[{"href":"https:\/\/balatonkeresztur.plebania.hu\/index.php\/wp-json\/wp\/v2\/posts\/1000","targetHints":{"allow":["GET"]}}],"collection":[{"href":"https:\/\/balatonkeresztur.plebania.hu\/index.php\/wp-json\/wp\/v2\/posts"}],"about":[{"href":"https:\/\/balatonkeresztur.plebania.hu\/index.php\/wp-json\/wp\/v2\/types\/post"}],"author":[{"embeddable":true,"href":"https:\/\/balatonkeresztur.plebania.hu\/index.php\/wp-json\/wp\/v2\/users\/1"}],"replies":[{"embeddable":true,"href":"https:\/\/balatonkeresztur.plebania.hu\/index.php\/wp-json\/wp\/v2\/comments?post=1000"}],"version-history":[{"count":4,"href":"https:\/\/balatonkeresztur.plebania.hu\/index.php\/wp-json\/wp\/v2\/posts\/1000\/revisions"}],"predecessor-version":[{"id":1005,"href":"https:\/\/balatonkeresztur.plebania.hu\/index.php\/wp-json\/wp\/v2\/posts\/1000\/revisions\/1005"}],"wp:attachment":[{"href":"https:\/\/balatonkeresztur.plebania.hu\/index.php\/wp-json\/wp\/v2\/media?parent=1000"}],"wp:term":[{"taxonomy":"category","embeddable":true,"href":"https:\/\/balatonkeresztur.plebania.hu\/index.php\/wp-json\/wp\/v2\/categories?post=1000"},{"taxonomy":"post_tag","embeddable":true,"href":"https:\/\/balatonkeresztur.plebania.hu\/index.php\/wp-json\/wp\/v2\/tags?post=1000"}],"curies":[{"name":"wp","href":"https:\/\/api.w.org\/{rel}","templated":true}]}}