{"id":100,"date":"2018-09-12T19:06:16","date_gmt":"2018-09-12T19:06:16","guid":{"rendered":"http:\/\/balatonkeresztur.plebania.hu\/?p=100"},"modified":"2018-09-12T19:06:16","modified_gmt":"2018-09-12T19:06:16","slug":"szent-kereszt-felmagasztalasa-unnep","status":"publish","type":"post","link":"https:\/\/balatonkeresztur.plebania.hu\/index.php\/2018\/09\/12\/szent-kereszt-felmagasztalasa-unnep\/","title":{"rendered":"Szent Kereszt Felmagasztal\u00e1sa \u00fcnnep"},"content":{"rendered":"<p>A h\u00e9ten p\u00e9nteken szeptember 14-\u00e9n, Szent Kereszt Felmagasztal\u00e1s\u00e1nak \u00fcnnepe lesz. <!--more-->Ez a nap a kereszt\u00fari templom b\u00facs\u00fanapja. A b\u00facs\u00fai szentmise vas\u00e1rnap 11 \u00f3rakor kezd\u0151dik. P\u00e9nteken az \u00fcnnep alkalm\u00e1val d\u00e9lut\u00e1n 4 \u00f3r\u00e1t\u00f3l szents\u00e9gim\u00e1d\u00e1s lesz szentgy\u00f3n\u00e1si lehet\u0151s\u00e9ggel, majd 17 \u00f3r\u00e1t\u00f3l szentmise kezd\u0151dik.<\/p>\n","protected":false},"excerpt":{"rendered":"<p>A h\u00e9ten p\u00e9nteken szeptember 14-\u00e9n, Szent Kereszt Felmagasztal\u00e1s\u00e1nak \u00fcnnepe lesz.<\/p>\n","protected":false},"author":1,"featured_media":0,"comment_status":"closed","ping_status":"open","sticky":false,"template":"","format":"standard","meta":{"footnotes":""},"categories":[1],"tags":[],"class_list":["post-100","post","type-post","status-publish","format-standard","hentry","category-egyeb"],"_links":{"self":[{"href":"https:\/\/balatonkeresztur.plebania.hu\/index.php\/wp-json\/wp\/v2\/posts\/100","targetHints":{"allow":["GET"]}}],"collection":[{"href":"https:\/\/balatonkeresztur.plebania.hu\/index.php\/wp-json\/wp\/v2\/posts"}],"about":[{"href":"https:\/\/balatonkeresztur.plebania.hu\/index.php\/wp-json\/wp\/v2\/types\/post"}],"author":[{"embeddable":true,"href":"https:\/\/balatonkeresztur.plebania.hu\/index.php\/wp-json\/wp\/v2\/users\/1"}],"replies":[{"embeddable":true,"href":"https:\/\/balatonkeresztur.plebania.hu\/index.php\/wp-json\/wp\/v2\/comments?post=100"}],"version-history":[{"count":1,"href":"https:\/\/balatonkeresztur.plebania.hu\/index.php\/wp-json\/wp\/v2\/posts\/100\/revisions"}],"predecessor-version":[{"id":101,"href":"https:\/\/balatonkeresztur.plebania.hu\/index.php\/wp-json\/wp\/v2\/posts\/100\/revisions\/101"}],"wp:attachment":[{"href":"https:\/\/balatonkeresztur.plebania.hu\/index.php\/wp-json\/wp\/v2\/media?parent=100"}],"wp:term":[{"taxonomy":"category","embeddable":true,"href":"https:\/\/balatonkeresztur.plebania.hu\/index.php\/wp-json\/wp\/v2\/categories?post=100"},{"taxonomy":"post_tag","embeddable":true,"href":"https:\/\/balatonkeresztur.plebania.hu\/index.php\/wp-json\/wp\/v2\/tags?post=100"}],"curies":[{"name":"wp","href":"https:\/\/api.w.org\/{rel}","templated":true}]}}